{"id":982,"date":"2025-05-26T18:46:53","date_gmt":"2025-05-26T18:46:53","guid":{"rendered":"http:\/\/6834b528c6c0dda3213e2457"},"modified":"2025-05-26T18:46:53","modified_gmt":"2025-05-26T18:46:53","slug":"zapopan-lanza-convocatoria-internacional-para-atraer-startups-latinoamericanas","status":"publish","type":"post","link":"https:\/\/blog.tecnoartesanos.com\/index.php\/2025\/05\/26\/zapopan-lanza-convocatoria-internacional-para-atraer-startups-latinoamericanas\/","title":{"rendered":"Zapopan lanza convocatoria internacional para atraer startups latinoamericanas"},"content":{"rendered":"<div class=\"media_block\"><img decoding=\"async\" src=\"https:\/\/media.es.wired.com\/photos\/6834b5af25151d22678d85c9\/master\/pass\/Cortesi%CC%81a%20Reto%20Zapopan%201.jpg\" class=\"media_thumbnail\"><\/div>\n<p>En un nuevo esfuerzo por posicionarse como un epicentro regional de innovaci\u00f3n tecnol\u00f3gica y generaci\u00f3n de empleo, el municipio de Zapopan present\u00f3 una convocatoria internacional dirigida a startups de Am\u00e9rica Latina. A trav\u00e9s de su programa insignia, <em>Reto Zapopan<\/em>, la aceleradora p\u00fablica m\u00e1s grande de M\u00e9xico busca seleccionar a 30 emprendimientos de alto impacto que trabajen en sectores estrat\u00e9gicos de la econom\u00eda mexicana.<\/p>\n<p>Esta es la primera vez, desde su creaci\u00f3n en 2013, que <em>Reto Zapopan<\/em> orienta su convocatoria hacia industrias clave como las energ\u00edas limpias, la agroindustria, los servicios de salud, la proveedur\u00eda automotriz y las tecnolog\u00edas de la informaci\u00f3n. La meta, de acuerdo con las autoridades locales, es clara: atraer talento emprendedor que contribuya a la creaci\u00f3n de empleo formal y al fortalecimiento del <a href=\"https:\/\/es.wired.com\/articulos\/ellos-estan-al-frente-del-primer-laboratorio-de-inteligencia-artificial-generativa-de-america-latina\">ecosistema econ\u00f3mico local.<\/a><\/p>\n<hr>\n<div class=\"ContentCardEmbedWrapper-kULtsE iGAJsG content-card-embed content-card-embed--stacked\" data-testid=\"ContentCardEmbedWrapper\" readability=\"24.932773109244\">\n<div class=\"ContentCardEmbedImage-iwqgVw jlIubp content-card-embed__image\" data-testid=\"ContentCardEmbedImage\"><span class=\"SpanWrapper-umhxW cudDwW responsive-asset\"><picture class=\"ResponsiveImagePicture-cWuUZO dUOtEa responsive-image\"><img decoding=\"async\" alt=\"article image\" class=\"ResponsiveImageContainer-eybHBd fptoWY responsive-image__image\" src=\"https:\/\/media.es.wired.com\/photos\/67d08dc029cdf6247c2f8152\/master\/w_775%2Cc_limit\/1.jpg\" srcset=\"https:\/\/media.es.wired.com\/photos\/67d08dc029cdf6247c2f8152\/master\/w_120,c_limit\/1.jpg 120w, https:\/\/media.es.wired.com\/photos\/67d08dc029cdf6247c2f8152\/master\/w_240,c_limit\/1.jpg 240w, https:\/\/media.es.wired.com\/photos\/67d08dc029cdf6247c2f8152\/master\/w_320,c_limit\/1.jpg 320w, https:\/\/media.es.wired.com\/photos\/67d08dc029cdf6247c2f8152\/master\/w_640,c_limit\/1.jpg 640w\" sizes=\"100vw\"><\/picture><\/span><\/div>\n<div class=\"ContentCardEmbedInfo-bDftKl bGnSrq\" readability=\"28.18487394958\">\n<div class=\"BaseWrap-sc-gjQpdd BaseText-ewhhUZ ContentCardEmbedHed-kJVPGC iUEiRd cekThb cewqFA content-card-embed__hed\" data-testid=\"ContentCardEmbedHed\"><a class=\"BaseWrap-sc-gjQpdd BaseText-ewhhUZ BaseLink-eNWuiM ContentCardEmbedHedLink-eXLwe iUEiRd cekThb gqhxzW eFUKSb content-card-embed__hed-link\" href=\"https:\/\/es.wired.com\/articulos\/astrazeneca-anuncia-inversion-de-600-millones-de-pesos-en-mexico\" data-testid=\"ContentCardEmbedHedLink\">AstraZeneca anuncia inversi\u00f3n de $600 millones de pesos en Guadalajara, el Silicon Valley mexicano<\/a><\/div>\n<p>WIRED conversa con Alberto Trevi\u00f1o, director ejecutivo del Centro Global de Innovaci\u00f3n y Tecnolog\u00eda de AstraZeneca, en Guadalajara, para conocer los detalles de la inversi\u00f3n en Guadalajara, que generar\u00e1 una derrama econ\u00f3mica de $1,900 millones anuales.<\/p>\n<\/div>\n<\/div>\n<hr>\n<p>\u201cAdem\u00e1s de generar empleo formal, este tipo de empresas nos ayudan a consolidar un clima de inversi\u00f3n m\u00e1s atractivo y basado en la innovaci\u00f3n, a promover una distribuci\u00f3n m\u00e1s equitativa del ingreso y a definir una ruta de futuro para la econom\u00eda de Zapopan\u201d, explic\u00f3 Salvador Villase\u00f1or, coordinador general de Desarrollo Econ\u00f3mico y Combate a la Desigualdad del Gobierno Municipal.<\/p>\n<p>Durante la \u00faltima d\u00e9cada, <em>Reto Zapopan<\/em> ha validado 876 proyectos sostenibles y ha impulsado una comunidad de m\u00e1s de 2,000 emprendedores, detonando la creaci\u00f3n de cerca de 50,000 vacantes en todo el pa\u00eds. Estos n\u00fameros colocan al programa como una de las iniciativas p\u00fablicas de emprendimiento m\u00e1s exitosas de M\u00e9xico.<\/p>\n<hr>\n<div class=\"ContentCardEmbedWrapper-kULtsE iGAJsG content-card-embed content-card-embed--stacked\" data-testid=\"ContentCardEmbedWrapper\" readability=\"26.196721311475\">\n<div class=\"ContentCardEmbedImage-iwqgVw jlIubp content-card-embed__image\" data-testid=\"ContentCardEmbedImage\"><span class=\"SpanWrapper-umhxW cudDwW responsive-asset\"><picture class=\"ResponsiveImagePicture-cWuUZO dUOtEa responsive-image\"><img decoding=\"async\" alt=\"primer Laboratorio de Inteligencia Artificial\" class=\"ResponsiveImageContainer-eybHBd fptoWY responsive-image__image\" src=\"https:\/\/media.es.wired.com\/photos\/652809f9fdc6beb6b8776ce8\/master\/w_775%2Cc_limit\/ITESM%2520GDA%2520-%2520WIZELINE%252001_Celosia%2520madera.jpg\" srcset=\"https:\/\/media.es.wired.com\/photos\/652809f9fdc6beb6b8776ce8\/master\/w_120,c_limit\/ITESM%20GDA%20-%20WIZELINE%2001_Celosia%20madera.jpg 120w, https:\/\/media.es.wired.com\/photos\/652809f9fdc6beb6b8776ce8\/master\/w_240,c_limit\/ITESM%20GDA%20-%20WIZELINE%2001_Celosia%20madera.jpg 240w, https:\/\/media.es.wired.com\/photos\/652809f9fdc6beb6b8776ce8\/master\/w_320,c_limit\/ITESM%20GDA%20-%20WIZELINE%2001_Celosia%20madera.jpg 320w, https:\/\/media.es.wired.com\/photos\/652809f9fdc6beb6b8776ce8\/master\/w_640,c_limit\/ITESM%20GDA%20-%20WIZELINE%2001_Celosia%20madera.jpg 640w\" sizes=\"100vw\"><\/picture><\/span><\/div>\n<div class=\"ContentCardEmbedInfo-bDftKl bGnSrq\" readability=\"29.27868852459\">\n<div class=\"BaseWrap-sc-gjQpdd BaseText-ewhhUZ ContentCardEmbedHed-kJVPGC iUEiRd cekThb cewqFA content-card-embed__hed\" data-testid=\"ContentCardEmbedHed\"><a class=\"BaseWrap-sc-gjQpdd BaseText-ewhhUZ BaseLink-eNWuiM ContentCardEmbedHedLink-eXLwe iUEiRd cekThb gqhxzW eFUKSb content-card-embed__hed-link\" href=\"https:\/\/es.wired.com\/articulos\/este-sera-el-primer-laboratorio-de-inteligencia-artificial-de-america-latina-y-esta-en-mexico\" data-testid=\"ContentCardEmbedHedLink\">Este ser\u00e1 el primer Laboratorio de Inteligencia Artificial de Am\u00e9rica Latina, y est\u00e1 en M\u00e9xico<\/a><\/div>\n<p>Viajamos a Guadalajara, Jalisco, para conocer los detalles del primer Laboratorio de Inteligencia Artificial de Am\u00e9rica Latina (G.AI.L). El Tecnol\u00f3gico de Monterrey y Wizeline tendieron un puente entre la investigaci\u00f3n acad\u00e9mica, el emprendimiento y la aplicaci\u00f3n de IA Generativa para impulsar la innovaci\u00f3n en la regi\u00f3n.<\/p>\n<\/div>\n<\/div>\n<hr>\n<p>La edici\u00f3n 2025 estar\u00e1 dividida en dos fases: incubaci\u00f3n y aceleraci\u00f3n. Quince de las startups seleccionadas trabajar\u00e1n en el desarrollo de su producto m\u00ednimo viable y la definici\u00f3n de su modelo de ingresos; las otras quince, en cambio, recibir\u00e1n mentor\u00eda especializada para escalar sus operaciones y conectar con inversionistas p\u00fablicos, privados y fondos de venture capital.<\/p>\n<p>Como incentivo adicional, el Gobierno de Zapopan entregar\u00e1 est\u00edmulos econ\u00f3micos no reembolsables, de entre 50,000 y 300,000 pesos mexicanos, a las seis startups mejor evaluadas. Estos recursos podr\u00e1n destinarse a la contrataci\u00f3n de talento clave, adquisici\u00f3n de tecnolog\u00eda o cobertura de gastos estrat\u00e9gicos.<\/p>\n<p>La convocatoria permanecer\u00e1 abierta hasta el 2 de junio y es completamente gratuita. \u201cNos gustar\u00eda que emprendedoras y emprendedores involucrados en \u00e1reas como movilidad inteligente, energ\u00edas limpias, dispositivos m\u00e9dicos, desarrollo de autopartes, ciberseguridad, SaaS, <em>foodtech<\/em> y <em>agrotech<\/em> participen en <em>Reto Zapopan<\/em>\u201d, se\u00f1al\u00f3 Daniela G\u00f3mez Montemayor, directora de Emprendimiento del municipio.<\/p>\n<p>Con un crecimiento del 13.3% en ventas internacionales durante 2023 y un liderazgo nacional en la generaci\u00f3n de empleo formal, Zapopan busca reforzar su apuesta por la innovaci\u00f3n como motor econ\u00f3mico. Y, con esta nueva convocatoria, ofrece a las startups latinoamericanas una puerta de entrada a uno de los mercados m\u00e1s din\u00e1micos de M\u00e9xico.<\/p>\n","protected":false},"excerpt":{"rendered":"<p>En un nuevo esfuerzo por posicionarse como un epicentro regional de innovaci\u00f3n tecnol\u00f3gica y generaci\u00f3n de empleo, el municipio de Zapopan present\u00f3 una convocatoria internacional dirigida a startups de Am\u00e9rica Latina. A trav\u00e9s de su programa insignia, Reto Zapopan, la aceleradora p\u00fablica m\u00e1s grande de M\u00e9xico busca seleccionar a 30 emprendimientos de alto impacto que [&hellip;]<\/p>\n","protected":false},"author":2,"featured_media":983,"comment_status":"closed","ping_status":"closed","sticky":false,"template":"","format":"standard","meta":{"footnotes":""},"categories":[1],"tags":[],"class_list":["post-982","post","type-post","status-publish","format-standard","has-post-thumbnail","hentry","category-technology"],"yoast_head":"<!-- This site is optimized with the Yoast SEO plugin v24.5 - https:\/\/yoast.com\/wordpress\/plugins\/seo\/ -->\n<title>Zapopan lanza convocatoria internacional para atraer startups latinoamericanas - TecnoArtesanos Tech Blog<\/title>\n<meta name=\"robots\" content=\"index, follow, max-snippet:-1, max-image-preview:large, max-video-preview:-1\" \/>\n<link rel=\"canonical\" href=\"https:\/\/blog.tecnoartesanos.com\/index.php\/2025\/05\/26\/zapopan-lanza-convocatoria-internacional-para-atraer-startups-latinoamericanas\/\" \/>\n<meta property=\"og:locale\" content=\"en_US\" \/>\n<meta property=\"og:type\" content=\"article\" \/>\n<meta property=\"og:title\" content=\"Zapopan lanza convocatoria internacional para atraer startups latinoamericanas - TecnoArtesanos Tech Blog\" \/>\n<meta property=\"og:description\" content=\"En un nuevo esfuerzo por posicionarse como un epicentro regional de innovaci\u00f3n tecnol\u00f3gica y generaci\u00f3n de empleo, el municipio de Zapopan present\u00f3 una convocatoria internacional dirigida a startups de Am\u00e9rica Latina. A trav\u00e9s de su programa insignia, Reto Zapopan, la aceleradora p\u00fablica m\u00e1s grande de M\u00e9xico busca seleccionar a 30 emprendimientos de alto impacto que [&hellip;]\" \/>\n<meta property=\"og:url\" content=\"https:\/\/blog.tecnoartesanos.com\/index.php\/2025\/05\/26\/zapopan-lanza-convocatoria-internacional-para-atraer-startups-latinoamericanas\/\" \/>\n<meta property=\"og:site_name\" content=\"TecnoArtesanos Tech Blog\" \/>\n<meta property=\"article:published_time\" content=\"2025-05-26T18:46:53+00:00\" \/>\n<meta property=\"og:image\" content=\"https:\/\/media.es.wired.com\/photos\/6834b5af25151d22678d85c9\/master\/pass\/Cortesi%CC%81a%20Reto%20Zapopan%201.jpg\" \/>\n<meta name=\"author\" content=\"Sergio Morales\" \/>\n<meta name=\"twitter:card\" content=\"summary_large_image\" \/>\n<meta name=\"twitter:label1\" content=\"Written by\" \/>\n\t<meta name=\"twitter:data1\" content=\"Sergio Morales\" \/>\n\t<meta name=\"twitter:label2\" content=\"Est. reading time\" \/>\n\t<meta name=\"twitter:data2\" content=\"3 minutes\" \/>\n<script type=\"application\/ld+json\" class=\"yoast-schema-graph\">{\"@context\":\"https:\/\/schema.org\",\"@graph\":[{\"@type\":\"WebPage\",\"@id\":\"https:\/\/blog.tecnoartesanos.com\/index.php\/2025\/05\/26\/zapopan-lanza-convocatoria-internacional-para-atraer-startups-latinoamericanas\/\",\"url\":\"https:\/\/blog.tecnoartesanos.com\/index.php\/2025\/05\/26\/zapopan-lanza-convocatoria-internacional-para-atraer-startups-latinoamericanas\/\",\"name\":\"Zapopan lanza convocatoria internacional para atraer startups latinoamericanas - TecnoArtesanos Tech Blog\",\"isPartOf\":{\"@id\":\"https:\/\/blog.tecnoartesanos.com\/#website\"},\"primaryImageOfPage\":{\"@id\":\"https:\/\/blog.tecnoartesanos.com\/index.php\/2025\/05\/26\/zapopan-lanza-convocatoria-internacional-para-atraer-startups-latinoamericanas\/#primaryimage\"},\"image\":{\"@id\":\"https:\/\/blog.tecnoartesanos.com\/index.php\/2025\/05\/26\/zapopan-lanza-convocatoria-internacional-para-atraer-startups-latinoamericanas\/#primaryimage\"},\"thumbnailUrl\":\"https:\/\/blog.tecnoartesanos.com\/wp-content\/uploads\/2025\/05\/zapopan-lanza-convocatoria-internacional-para-atraer-startups-latinoamericanas.jpg\",\"datePublished\":\"2025-05-26T18:46:53+00:00\",\"author\":{\"@id\":\"https:\/\/blog.tecnoartesanos.com\/#\/schema\/person\/ec88bc1410fd158963717c4216f04807\"},\"breadcrumb\":{\"@id\":\"https:\/\/blog.tecnoartesanos.com\/index.php\/2025\/05\/26\/zapopan-lanza-convocatoria-internacional-para-atraer-startups-latinoamericanas\/#breadcrumb\"},\"inLanguage\":\"en-US\",\"potentialAction\":[{\"@type\":\"ReadAction\",\"target\":[\"https:\/\/blog.tecnoartesanos.com\/index.php\/2025\/05\/26\/zapopan-lanza-convocatoria-internacional-para-atraer-startups-latinoamericanas\/\"]}]},{\"@type\":\"ImageObject\",\"inLanguage\":\"en-US\",\"@id\":\"https:\/\/blog.tecnoartesanos.com\/index.php\/2025\/05\/26\/zapopan-lanza-convocatoria-internacional-para-atraer-startups-latinoamericanas\/#primaryimage\",\"url\":\"https:\/\/blog.tecnoartesanos.com\/wp-content\/uploads\/2025\/05\/zapopan-lanza-convocatoria-internacional-para-atraer-startups-latinoamericanas.jpg\",\"contentUrl\":\"https:\/\/blog.tecnoartesanos.com\/wp-content\/uploads\/2025\/05\/zapopan-lanza-convocatoria-internacional-para-atraer-startups-latinoamericanas.jpg\",\"width\":775,\"height\":517},{\"@type\":\"BreadcrumbList\",\"@id\":\"https:\/\/blog.tecnoartesanos.com\/index.php\/2025\/05\/26\/zapopan-lanza-convocatoria-internacional-para-atraer-startups-latinoamericanas\/#breadcrumb\",\"itemListElement\":[{\"@type\":\"ListItem\",\"position\":1,\"name\":\"Home\",\"item\":\"https:\/\/blog.tecnoartesanos.com\/\"},{\"@type\":\"ListItem\",\"position\":2,\"name\":\"Zapopan lanza convocatoria internacional para atraer startups latinoamericanas\"}]},{\"@type\":\"WebSite\",\"@id\":\"https:\/\/blog.tecnoartesanos.com\/#website\",\"url\":\"https:\/\/blog.tecnoartesanos.com\/\",\"name\":\"TecnoArtesanos Tech Blog\",\"description\":\"\",\"potentialAction\":[{\"@type\":\"SearchAction\",\"target\":{\"@type\":\"EntryPoint\",\"urlTemplate\":\"https:\/\/blog.tecnoartesanos.com\/?s={search_term_string}\"},\"query-input\":{\"@type\":\"PropertyValueSpecification\",\"valueRequired\":true,\"valueName\":\"search_term_string\"}}],\"inLanguage\":\"en-US\"},{\"@type\":\"Person\",\"@id\":\"https:\/\/blog.tecnoartesanos.com\/#\/schema\/person\/ec88bc1410fd158963717c4216f04807\",\"name\":\"Sergio Morales\",\"image\":{\"@type\":\"ImageObject\",\"inLanguage\":\"en-US\",\"@id\":\"https:\/\/blog.tecnoartesanos.com\/#\/schema\/person\/image\/\",\"url\":\"https:\/\/secure.gravatar.com\/avatar\/3d45178fc8fbbe32d39278bc504fa9093f947f406ff4f1ddcfa27505ab772184?s=96&d=mm&r=g\",\"contentUrl\":\"https:\/\/secure.gravatar.com\/avatar\/3d45178fc8fbbe32d39278bc504fa9093f947f406ff4f1ddcfa27505ab772184?s=96&d=mm&r=g\",\"caption\":\"Sergio Morales\"},\"sameAs\":[\"https:\/\/sergiomorales.space\"],\"url\":\"https:\/\/blog.tecnoartesanos.com\/index.php\/author\/sergiomorales\/\"}]}<\/script>\n<!-- \/ Yoast SEO plugin. -->","yoast_head_json":{"title":"Zapopan lanza convocatoria internacional para atraer startups latinoamericanas - TecnoArtesanos Tech Blog","robots":{"index":"index","follow":"follow","max-snippet":"max-snippet:-1","max-image-preview":"max-image-preview:large","max-video-preview":"max-video-preview:-1"},"canonical":"https:\/\/blog.tecnoartesanos.com\/index.php\/2025\/05\/26\/zapopan-lanza-convocatoria-internacional-para-atraer-startups-latinoamericanas\/","og_locale":"en_US","og_type":"article","og_title":"Zapopan lanza convocatoria internacional para atraer startups latinoamericanas - TecnoArtesanos Tech Blog","og_description":"En un nuevo esfuerzo por posicionarse como un epicentro regional de innovaci\u00f3n tecnol\u00f3gica y generaci\u00f3n de empleo, el municipio de Zapopan present\u00f3 una convocatoria internacional dirigida a startups de Am\u00e9rica Latina. A trav\u00e9s de su programa insignia, Reto Zapopan, la aceleradora p\u00fablica m\u00e1s grande de M\u00e9xico busca seleccionar a 30 emprendimientos de alto impacto que [&hellip;]","og_url":"https:\/\/blog.tecnoartesanos.com\/index.php\/2025\/05\/26\/zapopan-lanza-convocatoria-internacional-para-atraer-startups-latinoamericanas\/","og_site_name":"TecnoArtesanos Tech Blog","article_published_time":"2025-05-26T18:46:53+00:00","og_image":[{"url":"https:\/\/media.es.wired.com\/photos\/6834b5af25151d22678d85c9\/master\/pass\/Cortesi%CC%81a%20Reto%20Zapopan%201.jpg","type":"","width":"","height":""}],"author":"Sergio Morales","twitter_card":"summary_large_image","twitter_misc":{"Written by":"Sergio Morales","Est. reading time":"3 minutes"},"schema":{"@context":"https:\/\/schema.org","@graph":[{"@type":"WebPage","@id":"https:\/\/blog.tecnoartesanos.com\/index.php\/2025\/05\/26\/zapopan-lanza-convocatoria-internacional-para-atraer-startups-latinoamericanas\/","url":"https:\/\/blog.tecnoartesanos.com\/index.php\/2025\/05\/26\/zapopan-lanza-convocatoria-internacional-para-atraer-startups-latinoamericanas\/","name":"Zapopan lanza convocatoria internacional para atraer startups latinoamericanas - TecnoArtesanos Tech Blog","isPartOf":{"@id":"https:\/\/blog.tecnoartesanos.com\/#website"},"primaryImageOfPage":{"@id":"https:\/\/blog.tecnoartesanos.com\/index.php\/2025\/05\/26\/zapopan-lanza-convocatoria-internacional-para-atraer-startups-latinoamericanas\/#primaryimage"},"image":{"@id":"https:\/\/blog.tecnoartesanos.com\/index.php\/2025\/05\/26\/zapopan-lanza-convocatoria-internacional-para-atraer-startups-latinoamericanas\/#primaryimage"},"thumbnailUrl":"https:\/\/blog.tecnoartesanos.com\/wp-content\/uploads\/2025\/05\/zapopan-lanza-convocatoria-internacional-para-atraer-startups-latinoamericanas.jpg","datePublished":"2025-05-26T18:46:53+00:00","author":{"@id":"https:\/\/blog.tecnoartesanos.com\/#\/schema\/person\/ec88bc1410fd158963717c4216f04807"},"breadcrumb":{"@id":"https:\/\/blog.tecnoartesanos.com\/index.php\/2025\/05\/26\/zapopan-lanza-convocatoria-internacional-para-atraer-startups-latinoamericanas\/#breadcrumb"},"inLanguage":"en-US","potentialAction":[{"@type":"ReadAction","target":["https:\/\/blog.tecnoartesanos.com\/index.php\/2025\/05\/26\/zapopan-lanza-convocatoria-internacional-para-atraer-startups-latinoamericanas\/"]}]},{"@type":"ImageObject","inLanguage":"en-US","@id":"https:\/\/blog.tecnoartesanos.com\/index.php\/2025\/05\/26\/zapopan-lanza-convocatoria-internacional-para-atraer-startups-latinoamericanas\/#primaryimage","url":"https:\/\/blog.tecnoartesanos.com\/wp-content\/uploads\/2025\/05\/zapopan-lanza-convocatoria-internacional-para-atraer-startups-latinoamericanas.jpg","contentUrl":"https:\/\/blog.tecnoartesanos.com\/wp-content\/uploads\/2025\/05\/zapopan-lanza-convocatoria-internacional-para-atraer-startups-latinoamericanas.jpg","width":775,"height":517},{"@type":"BreadcrumbList","@id":"https:\/\/blog.tecnoartesanos.com\/index.php\/2025\/05\/26\/zapopan-lanza-convocatoria-internacional-para-atraer-startups-latinoamericanas\/#breadcrumb","itemListElement":[{"@type":"ListItem","position":1,"name":"Home","item":"https:\/\/blog.tecnoartesanos.com\/"},{"@type":"ListItem","position":2,"name":"Zapopan lanza convocatoria internacional para atraer startups latinoamericanas"}]},{"@type":"WebSite","@id":"https:\/\/blog.tecnoartesanos.com\/#website","url":"https:\/\/blog.tecnoartesanos.com\/","name":"TecnoArtesanos Tech Blog","description":"","potentialAction":[{"@type":"SearchAction","target":{"@type":"EntryPoint","urlTemplate":"https:\/\/blog.tecnoartesanos.com\/?s={search_term_string}"},"query-input":{"@type":"PropertyValueSpecification","valueRequired":true,"valueName":"search_term_string"}}],"inLanguage":"en-US"},{"@type":"Person","@id":"https:\/\/blog.tecnoartesanos.com\/#\/schema\/person\/ec88bc1410fd158963717c4216f04807","name":"Sergio Morales","image":{"@type":"ImageObject","inLanguage":"en-US","@id":"https:\/\/blog.tecnoartesanos.com\/#\/schema\/person\/image\/","url":"https:\/\/secure.gravatar.com\/avatar\/3d45178fc8fbbe32d39278bc504fa9093f947f406ff4f1ddcfa27505ab772184?s=96&d=mm&r=g","contentUrl":"https:\/\/secure.gravatar.com\/avatar\/3d45178fc8fbbe32d39278bc504fa9093f947f406ff4f1ddcfa27505ab772184?s=96&d=mm&r=g","caption":"Sergio Morales"},"sameAs":["https:\/\/sergiomorales.space"],"url":"https:\/\/blog.tecnoartesanos.com\/index.php\/author\/sergiomorales\/"}]}},"_links":{"self":[{"href":"https:\/\/blog.tecnoartesanos.com\/index.php\/wp-json\/wp\/v2\/posts\/982","targetHints":{"allow":["GET"]}}],"collection":[{"href":"https:\/\/blog.tecnoartesanos.com\/index.php\/wp-json\/wp\/v2\/posts"}],"about":[{"href":"https:\/\/blog.tecnoartesanos.com\/index.php\/wp-json\/wp\/v2\/types\/post"}],"author":[{"embeddable":true,"href":"https:\/\/blog.tecnoartesanos.com\/index.php\/wp-json\/wp\/v2\/users\/2"}],"replies":[{"embeddable":true,"href":"https:\/\/blog.tecnoartesanos.com\/index.php\/wp-json\/wp\/v2\/comments?post=982"}],"version-history":[{"count":0,"href":"https:\/\/blog.tecnoartesanos.com\/index.php\/wp-json\/wp\/v2\/posts\/982\/revisions"}],"wp:featuredmedia":[{"embeddable":true,"href":"https:\/\/blog.tecnoartesanos.com\/index.php\/wp-json\/wp\/v2\/media\/983"}],"wp:attachment":[{"href":"https:\/\/blog.tecnoartesanos.com\/index.php\/wp-json\/wp\/v2\/media?parent=982"}],"wp:term":[{"taxonomy":"category","embeddable":true,"href":"https:\/\/blog.tecnoartesanos.com\/index.php\/wp-json\/wp\/v2\/categories?post=982"},{"taxonomy":"post_tag","embeddable":true,"href":"https:\/\/blog.tecnoartesanos.com\/index.php\/wp-json\/wp\/v2\/tags?post=982"}],"curies":[{"name":"wp","href":"https:\/\/api.w.org\/{rel}","templated":true}]}}