{"id":976,"date":"2025-05-23T14:47:07","date_gmt":"2025-05-23T14:47:07","guid":{"rendered":"http:\/\/683084b8401bcb19c8b8306e"},"modified":"2025-05-23T14:47:07","modified_gmt":"2025-05-23T14:47:07","slug":"un-centro-de-datos-alquilado-por-elon-musk-arde-en-llamas","status":"publish","type":"post","link":"https:\/\/blog.tecnoartesanos.com\/index.php\/2025\/05\/23\/un-centro-de-datos-alquilado-por-elon-musk-arde-en-llamas\/","title":{"rendered":"Un centro de datos alquilado por Elon Musk arde en llamas"},"content":{"rendered":"<div class=\"media_block\"><img decoding=\"async\" src=\"https:\/\/media.es.wired.com\/photos\/683084b820b59a5e44776201\/master\/pass\/X-Data-Center-Fire-Business-1782225491.jpg\" class=\"media_thumbnail\"><\/div>\n<p><strong>Ocurri\u00f3 un incendio en un centro de datos en Hillsboro, Oreg\u00f3n, alquilado por X, la empresa de Elon Musk.<\/strong> Seg\u00fan fuentes que hablaron con WIRED, el incidente oblig\u00f3 a los equipos de emergencia a responder de inmediato. Las fuentes pidieron permanecer en el anonimato, ya que no est\u00e1n autorizadas a hablar p\u00fablicamente sobre la compa\u00f1\u00eda.<\/p>\n<p>De acuerdo con Piseth Pich, portavoz de Bomberos y Rescate de Hillsboro, los bomberos llegaron al Parque Tecnol\u00f3gico de Hillsboro, en un suburbio al oeste de Portland, a las 10:21 de la ma\u00f1ana del jueves 22 de mayo. <strong>En las inmediaciones encontraron una <a href=\"https:\/\/es.wired.com\/articulos\/cuando-estaremos-usando-bateria-nuclear-en-nuestros-telefonos\">habitaci\u00f3n con bater\u00edas<\/a> que se consideraron implicadas en <a href=\"https:\/\/es.wired.com\/articulos\/como-afecta-el-humo-de-los-incendios-forestales-a-la-salud-y-como-puedes-protegerte\">el incendio<\/a>.<\/strong> Pich se\u00f1al\u00f3 que el fuego no se hab\u00eda propagado a otras partes del edificio, aunque mencion\u00f3 que la habitaci\u00f3n en cuesti\u00f3n estaba llena de humo. A las 15:00 horas, el equipo segu\u00eda en el lugar.<\/p>\n<p>X no respondi\u00f3 de inmediato a una solicitud de comentarios de WIRED. Se desconoce si las operaciones de los servidores en <a href=\"https:\/\/es.wired.com\/articulos\/centros-de-datos-todo-el-mundo-consumen-mas-energia-que-francia\">el centro de datos<\/a> se vieron afectadas por el incidente.<\/p>\n<hr>\n<div class=\"ContentCardEmbedWrapper-kULtsE iGAJsG content-card-embed content-card-embed--stacked\" data-testid=\"ContentCardEmbedWrapper\" readability=\"21.345724907063\">\n<div class=\"ContentCardEmbedImage-iwqgVw jlIubp content-card-embed__image\" data-testid=\"ContentCardEmbedImage\"><span class=\"SpanWrapper-umhxW jvZaPI responsive-asset\"><picture class=\"ResponsiveImagePicture-cWuUZO dUOtEa responsive-image\"><img decoding=\"async\" alt=\"Trump OpenAI Oracle Softbank alianza IA \" class=\"ResponsiveImageContainer-eybHBd fptoWY responsive-image__image\" src=\"https:\/\/media.es.wired.com\/photos\/679122f26c3ca19c948f7bca\/master\/w_775%2Cc_limit\/Trump%2520OpenAI%2520Oracle%2520Softbank%2520alianza%2520IA%25202194585190.jpg\" srcset=\"https:\/\/media.es.wired.com\/photos\/679122f26c3ca19c948f7bca\/master\/w_120,c_limit\/Trump%20OpenAI%20Oracle%20Softbank%20alianza%20IA%202194585190.jpg 120w, https:\/\/media.es.wired.com\/photos\/679122f26c3ca19c948f7bca\/master\/w_240,c_limit\/Trump%20OpenAI%20Oracle%20Softbank%20alianza%20IA%202194585190.jpg 240w, https:\/\/media.es.wired.com\/photos\/679122f26c3ca19c948f7bca\/master\/w_320,c_limit\/Trump%20OpenAI%20Oracle%20Softbank%20alianza%20IA%202194585190.jpg 320w, https:\/\/media.es.wired.com\/photos\/679122f26c3ca19c948f7bca\/master\/w_640,c_limit\/Trump%20OpenAI%20Oracle%20Softbank%20alianza%20IA%202194585190.jpg 640w\" sizes=\"100vw\"><\/picture><\/span><\/div>\n<div class=\"ContentCardEmbedInfo-bDftKl bGnSrq\" readability=\"23.28624535316\">\n<div class=\"BaseWrap-sc-gjQpdd BaseText-ewhhUZ ContentCardEmbedHed-kJVPGC iUEiRd cekThb cewqFA content-card-embed__hed\" data-testid=\"ContentCardEmbedHed\"><a class=\"BaseWrap-sc-gjQpdd BaseText-ewhhUZ BaseLink-eNWuiM ContentCardEmbedHedLink-eXLwe iUEiRd cekThb gqhxzW eFUKSb content-card-embed__hed-link\" href=\"https:\/\/es.wired.com\/articulos\/trump-openai-y-oracle-anuncian-stargate-project-centros-de-datos-para-ia\" data-testid=\"ContentCardEmbedHedLink\">Trump, OpenAI y Oracle anuncian Stargate Project, una nueva empresa de centros de datos para IA<\/a><\/div>\n<p>OpenAI, Oracle, Softbank y el fondo soberano emirat\u00ed MGX se han comprometido a financiar el proyecto con al menos 500,000 millones de d\u00f3lares en los pr\u00f3ximos cuatro a\u00f1os.<\/p>\n<\/div>\n<\/div>\n<hr>\n<h2>Los centros de datos de X<\/h2>\n<p><strong>Antes de que Elon Musk comprara Twitter, la empresa contaba con tres centros de datos ubicados en Sacramento, Portland y Atlanta.<\/strong> Esto garantizaba que, si uno de ellos fallaba, el tr\u00e1fico pudiera redirigirse a los otros dos, dividi\u00e9ndose para evitar que alguno se viera desbordado.<\/p>\n<p>En Nochebuena de 2022, Musk cerr\u00f3 <a href=\"https:\/\/es.wired.com\/articulos\/x-entregara-tus-datos-a-terceros-para-entrenar-modelos-de-ia\">el centro de datos de X<\/a> en Sacramento para reducir costos. Tras el cierre, la empresa sufri\u00f3 un grave apag\u00f3n. Durante los seis meses siguientes, traslad\u00f3 m\u00e1s de 2,573 bastidores de servidores desde las instalaciones de Sacramento a centros de datos en Portland y Atlanta, seg\u00fan documentos internos.<\/p>\n<p>En la zona de Portland, X parece alquilar espacio en un edificio vinculado a Digital Realty, uno de los mayores desarrolladores de <a href=\"https:\/\/es.wired.com\/articulos\/por-que-la-instalacion-de-centros-de-datos-en-el-sur-global-deberia-preocuparnos\">centros de datos del mundo<\/a>. Digital Realty proporciona distintos niveles de apoyo operativo en sus instalaciones, que pueden albergar a uno o m\u00e1s inquilinos. No est\u00e1 claro si X comparte estas instalaciones con otras empresas.<\/p>\n<p>Ryan Young, vicepresidente de operaciones para Am\u00e9rica de Digital Realty, declar\u00f3 en un comunicado a WIRED que el &#8220;incidente relacionado con el fuego en nuestra instalaci\u00f3n PDX11&#8221; hab\u00eda sido contenido y que los bomberos ya se hab\u00edan retirado. &#8220;Todo el personal fue evacuado de forma segura y no se registraron heridos. Seguimos supervisando la situaci\u00f3n, priorizando la seguridad de nuestro personal, la integridad de las instalaciones y minimizando el impacto en los clientes&#8221;, afirm\u00f3 Young. El ejecutivo declin\u00f3 hacer comentarios sobre los clientes.<\/p>\n<hr>\n<div class=\"ContentCardEmbedWrapper-kULtsE iGAJsG content-card-embed content-card-embed--stacked\" data-testid=\"ContentCardEmbedWrapper\" readability=\"18.952282157676\">\n<div class=\"ContentCardEmbedImage-iwqgVw jlIubp content-card-embed__image\" data-testid=\"ContentCardEmbedImage\"><span class=\"SpanWrapper-umhxW jvZaPI responsive-asset\"><picture class=\"ResponsiveImagePicture-cWuUZO dUOtEa responsive-image\"><img decoding=\"async\" alt=\"Neil Baker (derecha) con su compa\u00f1ero Ernest Sandoval, que trabajaba en su primer caso de homicidio en el Departamento de Polic\u00eda de Denver.\" class=\"ResponsiveImageContainer-eybHBd fptoWY responsive-image__image\" src=\"https:\/\/media.es.wired.com\/photos\/682e2f44f4479a1a1293172a\/master\/w_775%2Cc_limit\/WI070125_FF_iPhoneFire_04.png\" srcset=\"https:\/\/media.es.wired.com\/photos\/682e2f44f4479a1a1293172a\/master\/w_120,c_limit\/WI070125_FF_iPhoneFire_04.png 120w, https:\/\/media.es.wired.com\/photos\/682e2f44f4479a1a1293172a\/master\/w_240,c_limit\/WI070125_FF_iPhoneFire_04.png 240w, https:\/\/media.es.wired.com\/photos\/682e2f44f4479a1a1293172a\/master\/w_320,c_limit\/WI070125_FF_iPhoneFire_04.png 320w, https:\/\/media.es.wired.com\/photos\/682e2f44f4479a1a1293172a\/master\/w_640,c_limit\/WI070125_FF_iPhoneFire_04.png 640w\" sizes=\"100vw\"><\/picture><\/span><\/div>\n<div class=\"ContentCardEmbedInfo-bDftKl bGnSrq\" readability=\"19.854771784232\">\n<div class=\"BaseWrap-sc-gjQpdd BaseText-ewhhUZ ContentCardEmbedHed-kJVPGC iUEiRd cekThb cewqFA content-card-embed__hed\" data-testid=\"ContentCardEmbedHed\"><a class=\"BaseWrap-sc-gjQpdd BaseText-ewhhUZ BaseLink-eNWuiM ContentCardEmbedHedLink-eXLwe iUEiRd cekThb gqhxzW eFUKSb content-card-embed__hed-link\" href=\"https:\/\/es.wired.com\/articulos\/cinco-victimas-y-una-busqueda-de-google-el-caso-que-reescribe-las-reglas-del-internet-privado\" data-testid=\"ContentCardEmbedHedLink\">Cinco v\u00edctimas y una b\u00fasqueda de Google: el caso que reescribe las reglas del internet privado<\/a><\/div>\n<p>Un incendio provocado en Colorado dej\u00f3 perplejos a los detectives. La forma en que resolvieron el caso podr\u00eda poner en peligro a todo el mundo.<\/p>\n<\/div>\n<\/div>\n<hr>\n<h2>Un peligro inflamable<\/h2>\n<p><a href=\"https:\/\/es.wired.com\/articulos\/las-baterias-de-iones-de-litio-son-una-fuente-creciente-de-contaminacion-por-quimicos-toxicos-revela-un-nuevo-estudio\">Las bater\u00edas<\/a> suelen funcionar como fuente de energ\u00eda de respaldo en <a href=\"https:\/\/es.wired.com\/articulos\/compania-quiere-poner-en-marcha-centro-de-datos-submarino-en-ee-uu-nadie-ha-dado-permiso\">los centros de datos<\/a>. Sin embargo, <strong>las de iones de litio pueden ser vol\u00e1tiles, y los problemas de mantenimiento o las medidas de seguridad inadecuadas han contribuido a costosos incendios en centros de datos de todo el mundo.<\/strong> Pich, portavoz del Departamento de Bomberos de Hillsboro, afirm\u00f3 que no recuerda ning\u00fan incendio anterior relacionado con bater\u00edas en otros centros de datos de la regi\u00f3n de Oreg\u00f3n.<\/p>\n<p>La empresa matriz de X, xAI, ha recibido cr\u00edticas en los \u00faltimos meses por la r\u00e1pida expansi\u00f3n de su capacidad energ\u00e9tica en un nuevo centro de datos en Memphis, inaugurado el a\u00f1o pasado. Esa instalaci\u00f3n, a la que Musk llam\u00f3 Colossus, se construy\u00f3 a gran velocidad <a href=\"https:\/\/es.wired.com\/articulos\/como-evitar-que-elon-musk-use-tus-tuits-de-x-para-entrenar-a-su-modelo-de-ia-grok\">para entrenar Grok<\/a> de xAI y otras herramientas de inteligencia artificial. La empresa instal\u00f3 m\u00e1s de 30 turbinas de gas alimentadas con metano; sin embargo, al ser temporales, no se requiere un permiso federal para el control de la contaminaci\u00f3n, lo que parece aprovechar una laguna en la Ley de Aire Limpio. La instalaci\u00f3n ha generado cr\u00edticas generalizadas por parte de comunidades negras y latinas de los alrededores, que ya est\u00e1n expuestas a altos niveles de contaminaci\u00f3n atmosf\u00e9rica y emisiones industriales provenientes de otras instalaciones en la zona.<\/p>\n<p><em>Art\u00edculo publicado originalmente en<\/em> <a href=\"https:\/\/www.wired.com\/story\/elon-musk-x-datacenter-fire\/\">WIRED.<\/a> <em>Adaptado por Alondra Flores.<\/em><\/p>\n","protected":false},"excerpt":{"rendered":"<p>Ocurri\u00f3 un incendio en un centro de datos en Hillsboro, Oreg\u00f3n, alquilado por X, la empresa de Elon Musk. Seg\u00fan fuentes que hablaron con WIRED, el incidente oblig\u00f3 a los equipos de emergencia a responder de inmediato. Las fuentes pidieron permanecer en el anonimato, ya que no est\u00e1n autorizadas a hablar p\u00fablicamente sobre la compa\u00f1\u00eda. [&hellip;]<\/p>\n","protected":false},"author":2,"featured_media":977,"comment_status":"closed","ping_status":"closed","sticky":false,"template":"","format":"standard","meta":{"footnotes":""},"categories":[1],"tags":[],"class_list":["post-976","post","type-post","status-publish","format-standard","has-post-thumbnail","hentry","category-technology"],"yoast_head":"<!-- This site is optimized with the Yoast SEO plugin v24.5 - https:\/\/yoast.com\/wordpress\/plugins\/seo\/ -->\n<title>Un centro de datos alquilado por Elon Musk arde en llamas - TecnoArtesanos Tech Blog<\/title>\n<meta name=\"robots\" content=\"index, follow, max-snippet:-1, max-image-preview:large, max-video-preview:-1\" \/>\n<link rel=\"canonical\" href=\"https:\/\/blog.tecnoartesanos.com\/index.php\/2025\/05\/23\/un-centro-de-datos-alquilado-por-elon-musk-arde-en-llamas\/\" \/>\n<meta property=\"og:locale\" content=\"en_US\" \/>\n<meta property=\"og:type\" content=\"article\" \/>\n<meta property=\"og:title\" content=\"Un centro de datos alquilado por Elon Musk arde en llamas - TecnoArtesanos Tech Blog\" \/>\n<meta property=\"og:description\" content=\"Ocurri\u00f3 un incendio en un centro de datos en Hillsboro, Oreg\u00f3n, alquilado por X, la empresa de Elon Musk. Seg\u00fan fuentes que hablaron con WIRED, el incidente oblig\u00f3 a los equipos de emergencia a responder de inmediato. Las fuentes pidieron permanecer en el anonimato, ya que no est\u00e1n autorizadas a hablar p\u00fablicamente sobre la compa\u00f1\u00eda. [&hellip;]\" \/>\n<meta property=\"og:url\" content=\"https:\/\/blog.tecnoartesanos.com\/index.php\/2025\/05\/23\/un-centro-de-datos-alquilado-por-elon-musk-arde-en-llamas\/\" \/>\n<meta property=\"og:site_name\" content=\"TecnoArtesanos Tech Blog\" \/>\n<meta property=\"article:published_time\" content=\"2025-05-23T14:47:07+00:00\" \/>\n<meta property=\"og:image\" content=\"https:\/\/media.es.wired.com\/photos\/683084b820b59a5e44776201\/master\/pass\/X-Data-Center-Fire-Business-1782225491.jpg\" \/>\n<meta name=\"author\" content=\"Sergio Morales\" \/>\n<meta name=\"twitter:card\" content=\"summary_large_image\" \/>\n<meta name=\"twitter:label1\" content=\"Written by\" \/>\n\t<meta name=\"twitter:data1\" content=\"Sergio Morales\" \/>\n\t<meta name=\"twitter:label2\" content=\"Est. reading time\" \/>\n\t<meta name=\"twitter:data2\" content=\"4 minutes\" \/>\n<script type=\"application\/ld+json\" class=\"yoast-schema-graph\">{\"@context\":\"https:\/\/schema.org\",\"@graph\":[{\"@type\":\"WebPage\",\"@id\":\"https:\/\/blog.tecnoartesanos.com\/index.php\/2025\/05\/23\/un-centro-de-datos-alquilado-por-elon-musk-arde-en-llamas\/\",\"url\":\"https:\/\/blog.tecnoartesanos.com\/index.php\/2025\/05\/23\/un-centro-de-datos-alquilado-por-elon-musk-arde-en-llamas\/\",\"name\":\"Un centro de datos alquilado por Elon Musk arde en llamas - TecnoArtesanos Tech Blog\",\"isPartOf\":{\"@id\":\"https:\/\/blog.tecnoartesanos.com\/#website\"},\"primaryImageOfPage\":{\"@id\":\"https:\/\/blog.tecnoartesanos.com\/index.php\/2025\/05\/23\/un-centro-de-datos-alquilado-por-elon-musk-arde-en-llamas\/#primaryimage\"},\"image\":{\"@id\":\"https:\/\/blog.tecnoartesanos.com\/index.php\/2025\/05\/23\/un-centro-de-datos-alquilado-por-elon-musk-arde-en-llamas\/#primaryimage\"},\"thumbnailUrl\":\"https:\/\/blog.tecnoartesanos.com\/wp-content\/uploads\/2025\/05\/un-centro-de-datos-alquilado-por-elon-musk-arde-en-llamas.jpg\",\"datePublished\":\"2025-05-23T14:47:07+00:00\",\"author\":{\"@id\":\"https:\/\/blog.tecnoartesanos.com\/#\/schema\/person\/ec88bc1410fd158963717c4216f04807\"},\"breadcrumb\":{\"@id\":\"https:\/\/blog.tecnoartesanos.com\/index.php\/2025\/05\/23\/un-centro-de-datos-alquilado-por-elon-musk-arde-en-llamas\/#breadcrumb\"},\"inLanguage\":\"en-US\",\"potentialAction\":[{\"@type\":\"ReadAction\",\"target\":[\"https:\/\/blog.tecnoartesanos.com\/index.php\/2025\/05\/23\/un-centro-de-datos-alquilado-por-elon-musk-arde-en-llamas\/\"]}]},{\"@type\":\"ImageObject\",\"inLanguage\":\"en-US\",\"@id\":\"https:\/\/blog.tecnoartesanos.com\/index.php\/2025\/05\/23\/un-centro-de-datos-alquilado-por-elon-musk-arde-en-llamas\/#primaryimage\",\"url\":\"https:\/\/blog.tecnoartesanos.com\/wp-content\/uploads\/2025\/05\/un-centro-de-datos-alquilado-por-elon-musk-arde-en-llamas.jpg\",\"contentUrl\":\"https:\/\/blog.tecnoartesanos.com\/wp-content\/uploads\/2025\/05\/un-centro-de-datos-alquilado-por-elon-musk-arde-en-llamas.jpg\",\"width\":775,\"height\":517},{\"@type\":\"BreadcrumbList\",\"@id\":\"https:\/\/blog.tecnoartesanos.com\/index.php\/2025\/05\/23\/un-centro-de-datos-alquilado-por-elon-musk-arde-en-llamas\/#breadcrumb\",\"itemListElement\":[{\"@type\":\"ListItem\",\"position\":1,\"name\":\"Home\",\"item\":\"https:\/\/blog.tecnoartesanos.com\/\"},{\"@type\":\"ListItem\",\"position\":2,\"name\":\"Un centro de datos alquilado por Elon Musk arde en llamas\"}]},{\"@type\":\"WebSite\",\"@id\":\"https:\/\/blog.tecnoartesanos.com\/#website\",\"url\":\"https:\/\/blog.tecnoartesanos.com\/\",\"name\":\"TecnoArtesanos Tech Blog\",\"description\":\"\",\"potentialAction\":[{\"@type\":\"SearchAction\",\"target\":{\"@type\":\"EntryPoint\",\"urlTemplate\":\"https:\/\/blog.tecnoartesanos.com\/?s={search_term_string}\"},\"query-input\":{\"@type\":\"PropertyValueSpecification\",\"valueRequired\":true,\"valueName\":\"search_term_string\"}}],\"inLanguage\":\"en-US\"},{\"@type\":\"Person\",\"@id\":\"https:\/\/blog.tecnoartesanos.com\/#\/schema\/person\/ec88bc1410fd158963717c4216f04807\",\"name\":\"Sergio Morales\",\"image\":{\"@type\":\"ImageObject\",\"inLanguage\":\"en-US\",\"@id\":\"https:\/\/blog.tecnoartesanos.com\/#\/schema\/person\/image\/\",\"url\":\"https:\/\/secure.gravatar.com\/avatar\/3d45178fc8fbbe32d39278bc504fa9093f947f406ff4f1ddcfa27505ab772184?s=96&d=mm&r=g\",\"contentUrl\":\"https:\/\/secure.gravatar.com\/avatar\/3d45178fc8fbbe32d39278bc504fa9093f947f406ff4f1ddcfa27505ab772184?s=96&d=mm&r=g\",\"caption\":\"Sergio Morales\"},\"sameAs\":[\"https:\/\/sergiomorales.space\"],\"url\":\"https:\/\/blog.tecnoartesanos.com\/index.php\/author\/sergiomorales\/\"}]}<\/script>\n<!-- \/ Yoast SEO plugin. -->","yoast_head_json":{"title":"Un centro de datos alquilado por Elon Musk arde en llamas - TecnoArtesanos Tech Blog","robots":{"index":"index","follow":"follow","max-snippet":"max-snippet:-1","max-image-preview":"max-image-preview:large","max-video-preview":"max-video-preview:-1"},"canonical":"https:\/\/blog.tecnoartesanos.com\/index.php\/2025\/05\/23\/un-centro-de-datos-alquilado-por-elon-musk-arde-en-llamas\/","og_locale":"en_US","og_type":"article","og_title":"Un centro de datos alquilado por Elon Musk arde en llamas - TecnoArtesanos Tech Blog","og_description":"Ocurri\u00f3 un incendio en un centro de datos en Hillsboro, Oreg\u00f3n, alquilado por X, la empresa de Elon Musk. Seg\u00fan fuentes que hablaron con WIRED, el incidente oblig\u00f3 a los equipos de emergencia a responder de inmediato. Las fuentes pidieron permanecer en el anonimato, ya que no est\u00e1n autorizadas a hablar p\u00fablicamente sobre la compa\u00f1\u00eda. [&hellip;]","og_url":"https:\/\/blog.tecnoartesanos.com\/index.php\/2025\/05\/23\/un-centro-de-datos-alquilado-por-elon-musk-arde-en-llamas\/","og_site_name":"TecnoArtesanos Tech Blog","article_published_time":"2025-05-23T14:47:07+00:00","og_image":[{"url":"https:\/\/media.es.wired.com\/photos\/683084b820b59a5e44776201\/master\/pass\/X-Data-Center-Fire-Business-1782225491.jpg","type":"","width":"","height":""}],"author":"Sergio Morales","twitter_card":"summary_large_image","twitter_misc":{"Written by":"Sergio Morales","Est. reading time":"4 minutes"},"schema":{"@context":"https:\/\/schema.org","@graph":[{"@type":"WebPage","@id":"https:\/\/blog.tecnoartesanos.com\/index.php\/2025\/05\/23\/un-centro-de-datos-alquilado-por-elon-musk-arde-en-llamas\/","url":"https:\/\/blog.tecnoartesanos.com\/index.php\/2025\/05\/23\/un-centro-de-datos-alquilado-por-elon-musk-arde-en-llamas\/","name":"Un centro de datos alquilado por Elon Musk arde en llamas - TecnoArtesanos Tech Blog","isPartOf":{"@id":"https:\/\/blog.tecnoartesanos.com\/#website"},"primaryImageOfPage":{"@id":"https:\/\/blog.tecnoartesanos.com\/index.php\/2025\/05\/23\/un-centro-de-datos-alquilado-por-elon-musk-arde-en-llamas\/#primaryimage"},"image":{"@id":"https:\/\/blog.tecnoartesanos.com\/index.php\/2025\/05\/23\/un-centro-de-datos-alquilado-por-elon-musk-arde-en-llamas\/#primaryimage"},"thumbnailUrl":"https:\/\/blog.tecnoartesanos.com\/wp-content\/uploads\/2025\/05\/un-centro-de-datos-alquilado-por-elon-musk-arde-en-llamas.jpg","datePublished":"2025-05-23T14:47:07+00:00","author":{"@id":"https:\/\/blog.tecnoartesanos.com\/#\/schema\/person\/ec88bc1410fd158963717c4216f04807"},"breadcrumb":{"@id":"https:\/\/blog.tecnoartesanos.com\/index.php\/2025\/05\/23\/un-centro-de-datos-alquilado-por-elon-musk-arde-en-llamas\/#breadcrumb"},"inLanguage":"en-US","potentialAction":[{"@type":"ReadAction","target":["https:\/\/blog.tecnoartesanos.com\/index.php\/2025\/05\/23\/un-centro-de-datos-alquilado-por-elon-musk-arde-en-llamas\/"]}]},{"@type":"ImageObject","inLanguage":"en-US","@id":"https:\/\/blog.tecnoartesanos.com\/index.php\/2025\/05\/23\/un-centro-de-datos-alquilado-por-elon-musk-arde-en-llamas\/#primaryimage","url":"https:\/\/blog.tecnoartesanos.com\/wp-content\/uploads\/2025\/05\/un-centro-de-datos-alquilado-por-elon-musk-arde-en-llamas.jpg","contentUrl":"https:\/\/blog.tecnoartesanos.com\/wp-content\/uploads\/2025\/05\/un-centro-de-datos-alquilado-por-elon-musk-arde-en-llamas.jpg","width":775,"height":517},{"@type":"BreadcrumbList","@id":"https:\/\/blog.tecnoartesanos.com\/index.php\/2025\/05\/23\/un-centro-de-datos-alquilado-por-elon-musk-arde-en-llamas\/#breadcrumb","itemListElement":[{"@type":"ListItem","position":1,"name":"Home","item":"https:\/\/blog.tecnoartesanos.com\/"},{"@type":"ListItem","position":2,"name":"Un centro de datos alquilado por Elon Musk arde en llamas"}]},{"@type":"WebSite","@id":"https:\/\/blog.tecnoartesanos.com\/#website","url":"https:\/\/blog.tecnoartesanos.com\/","name":"TecnoArtesanos Tech Blog","description":"","potentialAction":[{"@type":"SearchAction","target":{"@type":"EntryPoint","urlTemplate":"https:\/\/blog.tecnoartesanos.com\/?s={search_term_string}"},"query-input":{"@type":"PropertyValueSpecification","valueRequired":true,"valueName":"search_term_string"}}],"inLanguage":"en-US"},{"@type":"Person","@id":"https:\/\/blog.tecnoartesanos.com\/#\/schema\/person\/ec88bc1410fd158963717c4216f04807","name":"Sergio Morales","image":{"@type":"ImageObject","inLanguage":"en-US","@id":"https:\/\/blog.tecnoartesanos.com\/#\/schema\/person\/image\/","url":"https:\/\/secure.gravatar.com\/avatar\/3d45178fc8fbbe32d39278bc504fa9093f947f406ff4f1ddcfa27505ab772184?s=96&d=mm&r=g","contentUrl":"https:\/\/secure.gravatar.com\/avatar\/3d45178fc8fbbe32d39278bc504fa9093f947f406ff4f1ddcfa27505ab772184?s=96&d=mm&r=g","caption":"Sergio Morales"},"sameAs":["https:\/\/sergiomorales.space"],"url":"https:\/\/blog.tecnoartesanos.com\/index.php\/author\/sergiomorales\/"}]}},"_links":{"self":[{"href":"https:\/\/blog.tecnoartesanos.com\/index.php\/wp-json\/wp\/v2\/posts\/976","targetHints":{"allow":["GET"]}}],"collection":[{"href":"https:\/\/blog.tecnoartesanos.com\/index.php\/wp-json\/wp\/v2\/posts"}],"about":[{"href":"https:\/\/blog.tecnoartesanos.com\/index.php\/wp-json\/wp\/v2\/types\/post"}],"author":[{"embeddable":true,"href":"https:\/\/blog.tecnoartesanos.com\/index.php\/wp-json\/wp\/v2\/users\/2"}],"replies":[{"embeddable":true,"href":"https:\/\/blog.tecnoartesanos.com\/index.php\/wp-json\/wp\/v2\/comments?post=976"}],"version-history":[{"count":0,"href":"https:\/\/blog.tecnoartesanos.com\/index.php\/wp-json\/wp\/v2\/posts\/976\/revisions"}],"wp:featuredmedia":[{"embeddable":true,"href":"https:\/\/blog.tecnoartesanos.com\/index.php\/wp-json\/wp\/v2\/media\/977"}],"wp:attachment":[{"href":"https:\/\/blog.tecnoartesanos.com\/index.php\/wp-json\/wp\/v2\/media?parent=976"}],"wp:term":[{"taxonomy":"category","embeddable":true,"href":"https:\/\/blog.tecnoartesanos.com\/index.php\/wp-json\/wp\/v2\/categories?post=976"},{"taxonomy":"post_tag","embeddable":true,"href":"https:\/\/blog.tecnoartesanos.com\/index.php\/wp-json\/wp\/v2\/tags?post=976"}],"curies":[{"name":"wp","href":"https:\/\/api.w.org\/{rel}","templated":true}]}}