{"id":972,"date":"2025-05-23T18:19:04","date_gmt":"2025-05-23T18:19:04","guid":{"rendered":"http:\/\/6830a2d810ed644b972111c6"},"modified":"2025-05-23T18:19:04","modified_gmt":"2025-05-23T18:19:04","slug":"la-redaccion-de-politico-inicia-una-batalla-legal-contra-sus-directivos-debido-al-uso-de-la-ia","status":"publish","type":"post","link":"https:\/\/blog.tecnoartesanos.com\/index.php\/2025\/05\/23\/la-redaccion-de-politico-inicia-una-batalla-legal-contra-sus-directivos-debido-al-uso-de-la-ia\/","title":{"rendered":"La redacci\u00f3n de Pol\u00edtico inicia una batalla legal contra sus directivos debido al uso de la IA"},"content":{"rendered":"<div class=\"media_block\"><img decoding=\"async\" src=\"https:\/\/media.es.wired.com\/photos\/6830a2d86ec9a2834dae2513\/master\/pass\/Politico-Employees-Rights-Business-1241641928.jpg\" class=\"media_thumbnail\"><\/div>\n<p>Hubo un caso pol\u00e9mico en el que un resumen generado por IA emple\u00f3 un lenguaje sobre inmigraci\u00f3n que los redactores humanos no est\u00e1n autorizados a usar, publicando frases como \u201cinmigrantes criminales\u201d durante la cobertura de los debates vicepresidenciales.<\/p>\n<hr>\n<div class=\"ContentCardEmbedWrapper-kULtsE iGAJsG content-card-embed content-card-embed--stacked\" data-testid=\"ContentCardEmbedWrapper\" readability=\"25.274247491639\">\n<div class=\"ContentCardEmbedImage-iwqgVw jlIubp content-card-embed__image\" data-testid=\"ContentCardEmbedImage\"><span class=\"SpanWrapper-umhxW jvZaPI responsive-asset\"><picture class=\"ResponsiveImagePicture-cWuUZO dUOtEa responsive-image\"><img decoding=\"async\" alt=\"Persona tecleando en su computadora. \" class=\"ResponsiveImageContainer-eybHBd fptoWY responsive-image__image\" src=\"https:\/\/media.es.wired.com\/photos\/67db0932c7933863aee365e5\/master\/w_775%2Cc_limit\/1498385993\" srcset=\"https:\/\/media.es.wired.com\/photos\/67db0932c7933863aee365e5\/master\/w_120,c_limit\/1498385993 120w, https:\/\/media.es.wired.com\/photos\/67db0932c7933863aee365e5\/master\/w_240,c_limit\/1498385993 240w, https:\/\/media.es.wired.com\/photos\/67db0932c7933863aee365e5\/master\/w_320,c_limit\/1498385993 320w, https:\/\/media.es.wired.com\/photos\/67db0932c7933863aee365e5\/master\/w_640,c_limit\/1498385993 640w\" sizes=\"100vw\"><\/picture><\/span><\/div>\n<div class=\"ContentCardEmbedInfo-bDftKl bGnSrq\" readability=\"27.571906354515\">\n<div class=\"BaseWrap-sc-gjQpdd BaseText-ewhhUZ ContentCardEmbedHed-kJVPGC iUEiRd cekThb cewqFA content-card-embed__hed\" data-testid=\"ContentCardEmbedHed\"><a class=\"BaseWrap-sc-gjQpdd BaseText-ewhhUZ BaseLink-eNWuiM ContentCardEmbedHedLink-eXLwe iUEiRd cekThb gqhxzW eFUKSb content-card-embed__hed-link\" href=\"https:\/\/es.wired.com\/articulos\/la-ia-esta-esta-reforzando-al-crimen-organizado-advierte-la-europol\" data-testid=\"ContentCardEmbedHedLink\">La IA est\u00e1 est\u00e1 reforzando al crimen organizado, advierte la Europol<\/a><\/div>\n<p>Tr\u00e1fico de drogas, estafas en l\u00ednea, venta de drogas y lavado de dinero. Un informe reciente de la agencia polic\u00edaca revela c\u00f3mo la inteligencia artificial favorece el aumento de estos delitos en pa\u00edses de la Uni\u00f3n Europea.<\/p>\n<\/div>\n<\/div>\n<hr>\n<h2>La IA se sali\u00f3 de control en la redacci\u00f3n<\/h2>\n<p>&#8220;Tambi\u00e9n hubo errores f\u00e1cticos que la IA insert\u00f3 esa noche&#8221;, alega Skibell. Por ejemplo, dice, la IA atribuy\u00f3 acciones tomadas por el gobierno de Biden a Kamala Harris. Seg\u00fan capturas de pantalla revisadas por WIRED, ese <em>post<\/em> fue sustituido m\u00e1s tarde por otro sin los errores. &#8220;En <em>Pol\u00edtico<\/em>, no se pueden eliminar art\u00edculos escritos por periodistas humanos sin pasar por una serie de aprobaciones, hasta llegar a la direcci\u00f3n de la redacci\u00f3n. Eso no ocurri\u00f3 con los res\u00famenes de la IA&#8221;, afirma Wittenberg. <em>Pol\u00edtico<\/em> no hizo comentarios sobre los detalles de las acusaciones del sindicato.<\/p>\n<p><strong>Los miembros del sindicato creen que las publicaciones generadas por IA se gestionaron de forma contraria a las pol\u00edticas de correcci\u00f3n y retirada de <em>Pol\u00edtico.<\/em><\/strong> Tambi\u00e9n alegan que una de las herramientas de IA de pago para generar informes pol\u00edticos proporcion\u00f3 informaci\u00f3n incorrecta en el pasado. Los reporteros humanos informaron en 2022 de que el Tribunal Supremo hab\u00eda votado a favor de anular el caso Roe contra Wade, pero un informe generado por la herramienta <em>Policy Intelligence Assistance<\/em> en marzo de 2025 trataba <a href=\"https:\/\/es.wired.com\/articulos\/lucha-por-derecho-al-aborto-podria-encontrar-nuevas-batallas-en-segundo-mandato-de-trump\">el derecho al aborto<\/a> como si a\u00fan fuera constitucionalmente vigente.<\/p>\n<p><strong>Los experimentos de <em>Pol\u00edtico<\/em> con la IA no son \u00fanicos en el sector period\u00edstico.<\/strong> Su empresa matriz, el conglomerado alem\u00e1n de medios Axel Springer, es uno de los gigantes de la informaci\u00f3n que han firmado acuerdos plurianuales de licencia con OpenAI, al igual que Vox Media, <em>The Atlantic<\/em> y <a href=\"https:\/\/es.wired.com\/articulos\/conde-nast-firma-acuerdo-con-openai\">Cond\u00e9 Nast<\/a>, empresa matriz de WIRED.<\/p>\n<p>Los periodistas han aprovechado herramientas de inteligencia artificial para producir trabajos galardonados. <strong>Por ejemplo, dos ganadores recientes del Pulitzer revelaron haber utilizado aprendizaje autom\u00e1tico e IA en su proceso informativo.<\/strong> Sin embargo, en otros casos, las funciones de IA han fallado, como cuando el sitio de noticias tecnol\u00f3gicas <em>CNET<\/em> public\u00f3 art\u00edculos generados por IA con errores que <em>The Washington Post<\/em> calific\u00f3 de \u201cdesastre period\u00edstico\u201d.<\/p>\n<p>A medida que las empresas de medios de comunicaci\u00f3n se apresuran a integrar herramientas de IA cada vez m\u00e1s potentes y omnipresentes en sus redacciones, a menudo en colaboraci\u00f3n directa con empresas tecnol\u00f3gicas, los redactores y reporteros en plantilla suelen tener poco margen para opinar sobre c\u00f3mo se adopta esa tecnolog\u00eda. La lucha de <em>Pol\u00edtico<\/em> podr\u00eda contribuir a cambiar esta situaci\u00f3n y sentar un precedente para todo el sector. &#8220;Las decisiones sobre IA han sido escasas y poco frecuentes. Eso magnifica la importancia de la decisi\u00f3n de un \u00e1rbitro m\u00e1s all\u00e1 de lo que normalmente implicar\u00eda, porque ser\u00e1 una de las primeras observadas sobre un tema cr\u00edtico&#8221;, subraya el abogado laboralista Alek Felstiner.<\/p>\n<p>Aunque este es el primer enfrentamiento de este tipo en los medios digitales, la industria del entretenimiento ha librado batallas similares en los \u00faltimos a\u00f1os, cuando los creativos se enfrentaron a ciertos usos de la IA. En 2023, dos de los sindicatos m\u00e1s importantes de Hollywood, el <a href=\"https:\/\/es.wired.com\/articulos\/sindicato-de-hollywood-pone-reglas-para-clonar-voces-de-actores-con-ia\">Sindicato de Actores (SAG-AFTRA)<\/a> y el Sindicato de Guionistas de Am\u00e9rica del Oeste (WGAW), obtuvieron contratos muy disputados que inclu\u00edan protecciones frente a la IA. Esta semana, SAG-AFTRA present\u00f3 una denuncia por pr\u00e1cticas laborales desleales contra una productora asociada al videojuego <em>Fortnite<\/em> por utilizar una <a href=\"https:\/\/es.wired.com\/articulos\/el-darth-vader-de-james-earl-jones-ha-sido-inmortalizado-con-ia\">r\u00e9plica generada por IA de la voz de Darth Vader,<\/a> originalmente interpretado por el fallecido actor James Earl Jones.<\/p>\n<p>&#8220;Mantenemos la esperanza de que podamos llegar a alg\u00fan tipo de acuerdo. Pero tambi\u00e9n estamos preparados para luchar&#8221;, concluye Skibell.<\/p>\n<p><em>Art\u00edculo originalmente publicado en<\/em> <a href=\"https:\/\/www.wired.com\/story\/politico-workers-axel-springer-artificial-intelligence\/\">WIRED<\/a>. <em>Adaptado por Camila Enr\u00edquez.<\/em><\/p>\n","protected":false},"excerpt":{"rendered":"<p>Hubo un caso pol\u00e9mico en el que un resumen generado por IA emple\u00f3 un lenguaje sobre inmigraci\u00f3n que los redactores humanos no est\u00e1n autorizados a usar, publicando frases como \u201cinmigrantes criminales\u201d durante la cobertura de los debates vicepresidenciales. La IA est\u00e1 est\u00e1 reforzando al crimen organizado, advierte la Europol Tr\u00e1fico de drogas, estafas en l\u00ednea, [&hellip;]<\/p>\n","protected":false},"author":2,"featured_media":973,"comment_status":"closed","ping_status":"closed","sticky":false,"template":"","format":"standard","meta":{"footnotes":""},"categories":[1],"tags":[],"class_list":["post-972","post","type-post","status-publish","format-standard","has-post-thumbnail","hentry","category-technology"],"yoast_head":"<!-- This site is optimized with the Yoast SEO plugin v24.5 - https:\/\/yoast.com\/wordpress\/plugins\/seo\/ -->\n<title>La redacci\u00f3n de Pol\u00edtico inicia una batalla legal contra sus directivos debido al uso de la IA - TecnoArtesanos Tech Blog<\/title>\n<meta name=\"robots\" content=\"index, follow, max-snippet:-1, max-image-preview:large, max-video-preview:-1\" \/>\n<link rel=\"canonical\" href=\"https:\/\/blog.tecnoartesanos.com\/index.php\/2025\/05\/23\/la-redaccion-de-politico-inicia-una-batalla-legal-contra-sus-directivos-debido-al-uso-de-la-ia\/\" \/>\n<meta property=\"og:locale\" content=\"en_US\" \/>\n<meta property=\"og:type\" content=\"article\" \/>\n<meta property=\"og:title\" content=\"La redacci\u00f3n de Pol\u00edtico inicia una batalla legal contra sus directivos debido al uso de la IA - TecnoArtesanos Tech Blog\" \/>\n<meta property=\"og:description\" content=\"Hubo un caso pol\u00e9mico en el que un resumen generado por IA emple\u00f3 un lenguaje sobre inmigraci\u00f3n que los redactores humanos no est\u00e1n autorizados a usar, publicando frases como \u201cinmigrantes criminales\u201d durante la cobertura de los debates vicepresidenciales. La IA est\u00e1 est\u00e1 reforzando al crimen organizado, advierte la Europol Tr\u00e1fico de drogas, estafas en l\u00ednea, [&hellip;]\" \/>\n<meta property=\"og:url\" content=\"https:\/\/blog.tecnoartesanos.com\/index.php\/2025\/05\/23\/la-redaccion-de-politico-inicia-una-batalla-legal-contra-sus-directivos-debido-al-uso-de-la-ia\/\" \/>\n<meta property=\"og:site_name\" content=\"TecnoArtesanos Tech Blog\" \/>\n<meta property=\"article:published_time\" content=\"2025-05-23T18:19:04+00:00\" \/>\n<meta property=\"og:image\" content=\"https:\/\/media.es.wired.com\/photos\/6830a2d86ec9a2834dae2513\/master\/pass\/Politico-Employees-Rights-Business-1241641928.jpg\" \/>\n<meta name=\"author\" content=\"Sergio Morales\" \/>\n<meta name=\"twitter:card\" content=\"summary_large_image\" \/>\n<meta name=\"twitter:label1\" content=\"Written by\" \/>\n\t<meta name=\"twitter:data1\" content=\"Sergio Morales\" \/>\n\t<meta name=\"twitter:label2\" content=\"Est. reading time\" \/>\n\t<meta name=\"twitter:data2\" content=\"4 minutes\" \/>\n<script type=\"application\/ld+json\" class=\"yoast-schema-graph\">{\"@context\":\"https:\/\/schema.org\",\"@graph\":[{\"@type\":\"WebPage\",\"@id\":\"https:\/\/blog.tecnoartesanos.com\/index.php\/2025\/05\/23\/la-redaccion-de-politico-inicia-una-batalla-legal-contra-sus-directivos-debido-al-uso-de-la-ia\/\",\"url\":\"https:\/\/blog.tecnoartesanos.com\/index.php\/2025\/05\/23\/la-redaccion-de-politico-inicia-una-batalla-legal-contra-sus-directivos-debido-al-uso-de-la-ia\/\",\"name\":\"La redacci\u00f3n de Pol\u00edtico inicia una batalla legal contra sus directivos debido al uso de la IA - TecnoArtesanos Tech Blog\",\"isPartOf\":{\"@id\":\"https:\/\/blog.tecnoartesanos.com\/#website\"},\"primaryImageOfPage\":{\"@id\":\"https:\/\/blog.tecnoartesanos.com\/index.php\/2025\/05\/23\/la-redaccion-de-politico-inicia-una-batalla-legal-contra-sus-directivos-debido-al-uso-de-la-ia\/#primaryimage\"},\"image\":{\"@id\":\"https:\/\/blog.tecnoartesanos.com\/index.php\/2025\/05\/23\/la-redaccion-de-politico-inicia-una-batalla-legal-contra-sus-directivos-debido-al-uso-de-la-ia\/#primaryimage\"},\"thumbnailUrl\":\"https:\/\/blog.tecnoartesanos.com\/wp-content\/uploads\/2025\/05\/la-redaccion-de-politico-inicia-una-batalla-legal-contra-sus-directivos-debido-al-uso-de-la-ia.jpg\",\"datePublished\":\"2025-05-23T18:19:04+00:00\",\"author\":{\"@id\":\"https:\/\/blog.tecnoartesanos.com\/#\/schema\/person\/ec88bc1410fd158963717c4216f04807\"},\"breadcrumb\":{\"@id\":\"https:\/\/blog.tecnoartesanos.com\/index.php\/2025\/05\/23\/la-redaccion-de-politico-inicia-una-batalla-legal-contra-sus-directivos-debido-al-uso-de-la-ia\/#breadcrumb\"},\"inLanguage\":\"en-US\",\"potentialAction\":[{\"@type\":\"ReadAction\",\"target\":[\"https:\/\/blog.tecnoartesanos.com\/index.php\/2025\/05\/23\/la-redaccion-de-politico-inicia-una-batalla-legal-contra-sus-directivos-debido-al-uso-de-la-ia\/\"]}]},{\"@type\":\"ImageObject\",\"inLanguage\":\"en-US\",\"@id\":\"https:\/\/blog.tecnoartesanos.com\/index.php\/2025\/05\/23\/la-redaccion-de-politico-inicia-una-batalla-legal-contra-sus-directivos-debido-al-uso-de-la-ia\/#primaryimage\",\"url\":\"https:\/\/blog.tecnoartesanos.com\/wp-content\/uploads\/2025\/05\/la-redaccion-de-politico-inicia-una-batalla-legal-contra-sus-directivos-debido-al-uso-de-la-ia.jpg\",\"contentUrl\":\"https:\/\/blog.tecnoartesanos.com\/wp-content\/uploads\/2025\/05\/la-redaccion-de-politico-inicia-una-batalla-legal-contra-sus-directivos-debido-al-uso-de-la-ia.jpg\",\"width\":775,\"height\":549},{\"@type\":\"BreadcrumbList\",\"@id\":\"https:\/\/blog.tecnoartesanos.com\/index.php\/2025\/05\/23\/la-redaccion-de-politico-inicia-una-batalla-legal-contra-sus-directivos-debido-al-uso-de-la-ia\/#breadcrumb\",\"itemListElement\":[{\"@type\":\"ListItem\",\"position\":1,\"name\":\"Home\",\"item\":\"https:\/\/blog.tecnoartesanos.com\/\"},{\"@type\":\"ListItem\",\"position\":2,\"name\":\"La redacci\u00f3n de Pol\u00edtico inicia una batalla legal contra sus directivos debido al uso de la IA\"}]},{\"@type\":\"WebSite\",\"@id\":\"https:\/\/blog.tecnoartesanos.com\/#website\",\"url\":\"https:\/\/blog.tecnoartesanos.com\/\",\"name\":\"TecnoArtesanos Tech Blog\",\"description\":\"\",\"potentialAction\":[{\"@type\":\"SearchAction\",\"target\":{\"@type\":\"EntryPoint\",\"urlTemplate\":\"https:\/\/blog.tecnoartesanos.com\/?s={search_term_string}\"},\"query-input\":{\"@type\":\"PropertyValueSpecification\",\"valueRequired\":true,\"valueName\":\"search_term_string\"}}],\"inLanguage\":\"en-US\"},{\"@type\":\"Person\",\"@id\":\"https:\/\/blog.tecnoartesanos.com\/#\/schema\/person\/ec88bc1410fd158963717c4216f04807\",\"name\":\"Sergio Morales\",\"image\":{\"@type\":\"ImageObject\",\"inLanguage\":\"en-US\",\"@id\":\"https:\/\/blog.tecnoartesanos.com\/#\/schema\/person\/image\/\",\"url\":\"https:\/\/secure.gravatar.com\/avatar\/3d45178fc8fbbe32d39278bc504fa9093f947f406ff4f1ddcfa27505ab772184?s=96&d=mm&r=g\",\"contentUrl\":\"https:\/\/secure.gravatar.com\/avatar\/3d45178fc8fbbe32d39278bc504fa9093f947f406ff4f1ddcfa27505ab772184?s=96&d=mm&r=g\",\"caption\":\"Sergio Morales\"},\"sameAs\":[\"https:\/\/sergiomorales.space\"],\"url\":\"https:\/\/blog.tecnoartesanos.com\/index.php\/author\/sergiomorales\/\"}]}<\/script>\n<!-- \/ Yoast SEO plugin. -->","yoast_head_json":{"title":"La redacci\u00f3n de Pol\u00edtico inicia una batalla legal contra sus directivos debido al uso de la IA - TecnoArtesanos Tech Blog","robots":{"index":"index","follow":"follow","max-snippet":"max-snippet:-1","max-image-preview":"max-image-preview:large","max-video-preview":"max-video-preview:-1"},"canonical":"https:\/\/blog.tecnoartesanos.com\/index.php\/2025\/05\/23\/la-redaccion-de-politico-inicia-una-batalla-legal-contra-sus-directivos-debido-al-uso-de-la-ia\/","og_locale":"en_US","og_type":"article","og_title":"La redacci\u00f3n de Pol\u00edtico inicia una batalla legal contra sus directivos debido al uso de la IA - TecnoArtesanos Tech Blog","og_description":"Hubo un caso pol\u00e9mico en el que un resumen generado por IA emple\u00f3 un lenguaje sobre inmigraci\u00f3n que los redactores humanos no est\u00e1n autorizados a usar, publicando frases como \u201cinmigrantes criminales\u201d durante la cobertura de los debates vicepresidenciales. La IA est\u00e1 est\u00e1 reforzando al crimen organizado, advierte la Europol Tr\u00e1fico de drogas, estafas en l\u00ednea, [&hellip;]","og_url":"https:\/\/blog.tecnoartesanos.com\/index.php\/2025\/05\/23\/la-redaccion-de-politico-inicia-una-batalla-legal-contra-sus-directivos-debido-al-uso-de-la-ia\/","og_site_name":"TecnoArtesanos Tech Blog","article_published_time":"2025-05-23T18:19:04+00:00","og_image":[{"url":"https:\/\/media.es.wired.com\/photos\/6830a2d86ec9a2834dae2513\/master\/pass\/Politico-Employees-Rights-Business-1241641928.jpg","type":"","width":"","height":""}],"author":"Sergio Morales","twitter_card":"summary_large_image","twitter_misc":{"Written by":"Sergio Morales","Est. reading time":"4 minutes"},"schema":{"@context":"https:\/\/schema.org","@graph":[{"@type":"WebPage","@id":"https:\/\/blog.tecnoartesanos.com\/index.php\/2025\/05\/23\/la-redaccion-de-politico-inicia-una-batalla-legal-contra-sus-directivos-debido-al-uso-de-la-ia\/","url":"https:\/\/blog.tecnoartesanos.com\/index.php\/2025\/05\/23\/la-redaccion-de-politico-inicia-una-batalla-legal-contra-sus-directivos-debido-al-uso-de-la-ia\/","name":"La redacci\u00f3n de Pol\u00edtico inicia una batalla legal contra sus directivos debido al uso de la IA - TecnoArtesanos Tech Blog","isPartOf":{"@id":"https:\/\/blog.tecnoartesanos.com\/#website"},"primaryImageOfPage":{"@id":"https:\/\/blog.tecnoartesanos.com\/index.php\/2025\/05\/23\/la-redaccion-de-politico-inicia-una-batalla-legal-contra-sus-directivos-debido-al-uso-de-la-ia\/#primaryimage"},"image":{"@id":"https:\/\/blog.tecnoartesanos.com\/index.php\/2025\/05\/23\/la-redaccion-de-politico-inicia-una-batalla-legal-contra-sus-directivos-debido-al-uso-de-la-ia\/#primaryimage"},"thumbnailUrl":"https:\/\/blog.tecnoartesanos.com\/wp-content\/uploads\/2025\/05\/la-redaccion-de-politico-inicia-una-batalla-legal-contra-sus-directivos-debido-al-uso-de-la-ia.jpg","datePublished":"2025-05-23T18:19:04+00:00","author":{"@id":"https:\/\/blog.tecnoartesanos.com\/#\/schema\/person\/ec88bc1410fd158963717c4216f04807"},"breadcrumb":{"@id":"https:\/\/blog.tecnoartesanos.com\/index.php\/2025\/05\/23\/la-redaccion-de-politico-inicia-una-batalla-legal-contra-sus-directivos-debido-al-uso-de-la-ia\/#breadcrumb"},"inLanguage":"en-US","potentialAction":[{"@type":"ReadAction","target":["https:\/\/blog.tecnoartesanos.com\/index.php\/2025\/05\/23\/la-redaccion-de-politico-inicia-una-batalla-legal-contra-sus-directivos-debido-al-uso-de-la-ia\/"]}]},{"@type":"ImageObject","inLanguage":"en-US","@id":"https:\/\/blog.tecnoartesanos.com\/index.php\/2025\/05\/23\/la-redaccion-de-politico-inicia-una-batalla-legal-contra-sus-directivos-debido-al-uso-de-la-ia\/#primaryimage","url":"https:\/\/blog.tecnoartesanos.com\/wp-content\/uploads\/2025\/05\/la-redaccion-de-politico-inicia-una-batalla-legal-contra-sus-directivos-debido-al-uso-de-la-ia.jpg","contentUrl":"https:\/\/blog.tecnoartesanos.com\/wp-content\/uploads\/2025\/05\/la-redaccion-de-politico-inicia-una-batalla-legal-contra-sus-directivos-debido-al-uso-de-la-ia.jpg","width":775,"height":549},{"@type":"BreadcrumbList","@id":"https:\/\/blog.tecnoartesanos.com\/index.php\/2025\/05\/23\/la-redaccion-de-politico-inicia-una-batalla-legal-contra-sus-directivos-debido-al-uso-de-la-ia\/#breadcrumb","itemListElement":[{"@type":"ListItem","position":1,"name":"Home","item":"https:\/\/blog.tecnoartesanos.com\/"},{"@type":"ListItem","position":2,"name":"La redacci\u00f3n de Pol\u00edtico inicia una batalla legal contra sus directivos debido al uso de la IA"}]},{"@type":"WebSite","@id":"https:\/\/blog.tecnoartesanos.com\/#website","url":"https:\/\/blog.tecnoartesanos.com\/","name":"TecnoArtesanos Tech Blog","description":"","potentialAction":[{"@type":"SearchAction","target":{"@type":"EntryPoint","urlTemplate":"https:\/\/blog.tecnoartesanos.com\/?s={search_term_string}"},"query-input":{"@type":"PropertyValueSpecification","valueRequired":true,"valueName":"search_term_string"}}],"inLanguage":"en-US"},{"@type":"Person","@id":"https:\/\/blog.tecnoartesanos.com\/#\/schema\/person\/ec88bc1410fd158963717c4216f04807","name":"Sergio Morales","image":{"@type":"ImageObject","inLanguage":"en-US","@id":"https:\/\/blog.tecnoartesanos.com\/#\/schema\/person\/image\/","url":"https:\/\/secure.gravatar.com\/avatar\/3d45178fc8fbbe32d39278bc504fa9093f947f406ff4f1ddcfa27505ab772184?s=96&d=mm&r=g","contentUrl":"https:\/\/secure.gravatar.com\/avatar\/3d45178fc8fbbe32d39278bc504fa9093f947f406ff4f1ddcfa27505ab772184?s=96&d=mm&r=g","caption":"Sergio Morales"},"sameAs":["https:\/\/sergiomorales.space"],"url":"https:\/\/blog.tecnoartesanos.com\/index.php\/author\/sergiomorales\/"}]}},"_links":{"self":[{"href":"https:\/\/blog.tecnoartesanos.com\/index.php\/wp-json\/wp\/v2\/posts\/972","targetHints":{"allow":["GET"]}}],"collection":[{"href":"https:\/\/blog.tecnoartesanos.com\/index.php\/wp-json\/wp\/v2\/posts"}],"about":[{"href":"https:\/\/blog.tecnoartesanos.com\/index.php\/wp-json\/wp\/v2\/types\/post"}],"author":[{"embeddable":true,"href":"https:\/\/blog.tecnoartesanos.com\/index.php\/wp-json\/wp\/v2\/users\/2"}],"replies":[{"embeddable":true,"href":"https:\/\/blog.tecnoartesanos.com\/index.php\/wp-json\/wp\/v2\/comments?post=972"}],"version-history":[{"count":0,"href":"https:\/\/blog.tecnoartesanos.com\/index.php\/wp-json\/wp\/v2\/posts\/972\/revisions"}],"wp:featuredmedia":[{"embeddable":true,"href":"https:\/\/blog.tecnoartesanos.com\/index.php\/wp-json\/wp\/v2\/media\/973"}],"wp:attachment":[{"href":"https:\/\/blog.tecnoartesanos.com\/index.php\/wp-json\/wp\/v2\/media?parent=972"}],"wp:term":[{"taxonomy":"category","embeddable":true,"href":"https:\/\/blog.tecnoartesanos.com\/index.php\/wp-json\/wp\/v2\/categories?post=972"},{"taxonomy":"post_tag","embeddable":true,"href":"https:\/\/blog.tecnoartesanos.com\/index.php\/wp-json\/wp\/v2\/tags?post=972"}],"curies":[{"name":"wp","href":"https:\/\/api.w.org\/{rel}","templated":true}]}}