{"id":828,"date":"2025-04-20T14:00:00","date_gmt":"2025-04-20T14:00:00","guid":{"rendered":"http:\/\/67feb71a65aeb6131bf89244"},"modified":"2025-04-20T14:00:00","modified_gmt":"2025-04-20T14:00:00","slug":"por-que-todavia-no-existe-el-mercado-de-segunda-mano-de-autos-electricos","status":"publish","type":"post","link":"https:\/\/blog.tecnoartesanos.com\/index.php\/2025\/04\/20\/por-que-todavia-no-existe-el-mercado-de-segunda-mano-de-autos-electricos\/","title":{"rendered":"Por qu\u00e9 todav\u00eda no existe el mercado de segunda mano de autos el\u00e9ctricos"},"content":{"rendered":"<div class=\"media_block\"><img decoding=\"async\" src=\"https:\/\/media.es.wired.com\/photos\/67feb71ab28855aa8e3327cf\/master\/pass\/1393988253\" class=\"media_thumbnail\"><\/div>\n<p><strong>El 2024 no fue un buen a\u00f1o para el sector de los autos el\u00e9ctricos en la Uni\u00f3n Europea.<\/strong> Termin\u00f3 con 1.4 millones de matriculaciones, menos que los 1.5 millones de 2023, y una cuota de mercado que cay\u00f3 hasta el 13.6%. A los h\u00edbridos enchufables, que se engloban bajo el t\u00e9rmino de veh\u00edculos el\u00e9ctricos (VE), les fue peor, ya que las ventas cayeron casi siete puntos porcentuales.<\/p>\n<p>Los principales obst\u00e1culos para la difusi\u00f3n de los <a href=\"https:\/\/es.wired.com\/articulos\/estos-son-los-mejores-autos-electricos-que-llegaran-en-2025\">veh\u00edculos el\u00e9ctricos<\/a> son dos: <a href=\"https:\/\/es.wired.com\/articulos\/departamento-de-transporte-de-estados-unidos-paraliza-la-construccion-de-estaciones-de-carga-para-autos-electricos\">la infraestructura de recarga<\/a>, que a menudo se percibe como inadecuada, y el precio, que suele ser m\u00e1s elevado que el de los hom\u00f3logos de combusti\u00f3n interna. &#8220;El problema del costo de un veh\u00edculo el\u00e9ctrico no est\u00e1 tanto en el segmento &#8216;premium&#8217;. El verdadero conflicto est\u00e1 en los segmentos &#8216;bajos'&#8221;, indica Alessandro Abbotto, profesor de Qu\u00edmica de la Universidad de Mil\u00e1n-Bicocca y autor del libro <em>La mobilit\u00e0 elettrica: Storia, tecnologia, futuro<\/em> (<em>Movilidad el\u00e9ctrica: historia, tecnolog\u00eda, futuro<\/em>).<\/p>\n<p>En los segmentos m\u00e1s bajos, hay VE a partir de 20,000 euros (22,000 d\u00f3lares aproximadamente), un precio alto considerando que se pueden encontrar h\u00edbridos por unos 10,000 euros (11,000 d\u00f3lares). &#8220;Hasta que no bajen los precios en los segmentos bajos y aumente la oferta, seguir\u00e1 existiendo el problema de <a href=\"https:\/\/es.wired.com\/articulos\/byd-supera-a-tesla-en-ventas-de-autos-electricos\">las ventas de veh\u00edculos el\u00e9ctricos<\/a>. Los fabricantes tienen que poner en el mercado modelos que sean competitivos incluso sin incentivos&#8221;.<\/p>\n<hr>\n<div class=\"ContentCardEmbedWrapper-kULtsE iGAJsG content-card-embed content-card-embed--stacked\" data-testid=\"ContentCardEmbedWrapper\" readability=\"20.507042253521\">\n<div class=\"ContentCardEmbedImage-iwqgVw jlIubp content-card-embed__image\" data-testid=\"ContentCardEmbedImage\"><span class=\"SpanWrapper-umhxW jvZaPI responsive-asset\"><picture class=\"ResponsiveImagePicture-cWuUZO dUOtEa responsive-image\"><img decoding=\"async\" alt=\"Un adelanto de la nueva gama de veh\u00edculos el\u00e9ctricos de Nissan.\" class=\"ResponsiveImageContainer-eybHBd fptoWY responsive-image__image\" src=\"https:\/\/media.es.wired.com\/photos\/67f3dcf440d74c243d0f3552\/master\/w_775%2Cc_limit\/Relevant-Nissan-Gear-Copy-of-US-Nissan-Range-Teaser.jpg\" srcset=\"https:\/\/media.es.wired.com\/photos\/67f3dcf440d74c243d0f3552\/master\/w_120,c_limit\/Relevant-Nissan-Gear-Copy-of-US-Nissan-Range-Teaser.jpg 120w, https:\/\/media.es.wired.com\/photos\/67f3dcf440d74c243d0f3552\/master\/w_240,c_limit\/Relevant-Nissan-Gear-Copy-of-US-Nissan-Range-Teaser.jpg 240w, https:\/\/media.es.wired.com\/photos\/67f3dcf440d74c243d0f3552\/master\/w_320,c_limit\/Relevant-Nissan-Gear-Copy-of-US-Nissan-Range-Teaser.jpg 320w, https:\/\/media.es.wired.com\/photos\/67f3dcf440d74c243d0f3552\/master\/w_640,c_limit\/Relevant-Nissan-Gear-Copy-of-US-Nissan-Range-Teaser.jpg 640w\" sizes=\"100vw\"><\/picture><\/span><\/div>\n<div class=\"ContentCardEmbedInfo-bDftKl bGnSrq\" readability=\"21.788732394366\">\n<div class=\"BaseWrap-sc-gjQpdd BaseText-ewhhUZ ContentCardEmbedHed-kJVPGC iUEiRd cekThb cewqFA content-card-embed__hed\" data-testid=\"ContentCardEmbedHed\"><a class=\"BaseWrap-sc-gjQpdd BaseText-ewhhUZ BaseLink-eNWuiM ContentCardEmbedHedLink-eXLwe iUEiRd cekThb gqhxzW eFUKSb content-card-embed__hed-link\" href=\"https:\/\/es.wired.com\/articulos\/como-espera-nissan-sortear-los-aranceles-de-trump-y-volver-a-hacer-grandes-sus-vehiculos-electricos\" data-testid=\"ContentCardEmbedHedLink\">C\u00f3mo espera Nissan sortear los aranceles de Trump y volver a hacer grandes sus veh\u00edculos el\u00e9ctricos<\/a><\/div>\n<p>Tras a\u00f1os de turbulencias directivas y una fusi\u00f3n fallida con Honda, Nissan intenta enderezar el rumbo. Los aranceles del presidente Donald Trump no pod\u00edan llegar en peor momento.<\/p>\n<\/div>\n<\/div>\n<hr>\n<h2>El problema de los veh\u00edculos el\u00e9ctricos usados<\/h2>\n<p>A la espera de que aumente la oferta de autos asequibles para el consumidor medio, la demanda de modelos a bater\u00eda est\u00e1 actualmente ligada a la presencia de bonificaciones de compra. Los <a href=\"https:\/\/es.wired.com\/articulos\/6-mitos-comunes-sobre-los-vehiculos-electricos-y-como-desmentirlos\">veh\u00edculos el\u00e9ctricos<\/a>, en comparaci\u00f3n con los de combusti\u00f3n interna, tienen un costo menor de uso, debido a su eficiencia energ\u00e9tica y a la menor cantidad de piezas m\u00f3viles y fluidos, lo que a su vez abarata los costos de mantenimiento.<\/p>\n<p>No obstante, el precio inicial en el concesionario tiende a ocultar el ahorro potencial a lo largo del tiempo. Esta revoluci\u00f3n masiva en la movilidad tambi\u00e9n se ve frenada por la aspereza del mercado de segunda mano. <strong>Mientras que en un <a href=\"https:\/\/es.wired.com\/articulos\/union-europea-pone-fin-a-los-autos-de-motor-de-combustion-interna\">auto de gasolina<\/a> usado es relativamente sencillo evaluar el kilometraje y la antig\u00fcedad, con uno el\u00e9ctrico las cosas se complican: habr\u00eda que pedir una prueba normalizada para certificar el rendimiento de la bater\u00eda, el componente cr\u00edtico.<\/strong> &#8220;El procedimiento de certificaci\u00f3n de una bater\u00eda usada es bastante sencillo y r\u00e1pido, al menos si se acude a un concesionario. Sin embargo, resulta m\u00e1s dif\u00edcil llevarlo a cabo de forma privada, porque en muchos pa\u00edses no existen talleres donde se pueda solicitar&#8221;, comenta Abbotto. No obstante, si el auto tiene menos de 50,000 a 100,000 kil\u00f3metros, puede que la eficiencia de la bater\u00eda sea suficiente.<\/p>\n<hr>\n<div class=\"ContentCardEmbedWrapper-kULtsE iGAJsG content-card-embed content-card-embed--stacked\" data-testid=\"ContentCardEmbedWrapper\" readability=\"21.73023255814\">\n<div class=\"ContentCardEmbedImage-iwqgVw jlIubp content-card-embed__image\" data-testid=\"ContentCardEmbedImage\"><span class=\"SpanWrapper-umhxW jvZaPI responsive-asset\"><picture class=\"ResponsiveImagePicture-cWuUZO dUOtEa responsive-image\"><img decoding=\"async\" alt=\"Imagen vintage de personas en un veh\u00edculo. \" class=\"ResponsiveImageContainer-eybHBd fptoWY responsive-image__image\" src=\"https:\/\/media.es.wired.com\/photos\/673e4db18e865693564edce7\/master\/w_775%2Cc_limit\/Imagen.png\" srcset=\"https:\/\/media.es.wired.com\/photos\/673e4db18e865693564edce7\/master\/w_120,c_limit\/Imagen.png 120w, https:\/\/media.es.wired.com\/photos\/673e4db18e865693564edce7\/master\/w_240,c_limit\/Imagen.png 240w, https:\/\/media.es.wired.com\/photos\/673e4db18e865693564edce7\/master\/w_320,c_limit\/Imagen.png 320w, https:\/\/media.es.wired.com\/photos\/673e4db18e865693564edce7\/master\/w_640,c_limit\/Imagen.png 640w\" sizes=\"100vw\"><\/picture><\/span><\/div>\n<div class=\"ContentCardEmbedInfo-bDftKl bGnSrq\" readability=\"23.088372093023\">\n<div class=\"BaseWrap-sc-gjQpdd BaseText-ewhhUZ ContentCardEmbedHed-kJVPGC iUEiRd cekThb cewqFA content-card-embed__hed\" data-testid=\"ContentCardEmbedHed\"><a class=\"BaseWrap-sc-gjQpdd BaseText-ewhhUZ BaseLink-eNWuiM ContentCardEmbedHedLink-eXLwe iUEiRd cekThb gqhxzW eFUKSb content-card-embed__hed-link\" href=\"https:\/\/es.wired.com\/articulos\/6-mitos-comunes-sobre-los-vehiculos-electricos-y-como-desmentirlos\" data-testid=\"ContentCardEmbedHedLink\">6 mitos comunes sobre los veh\u00edculos el\u00e9ctricos y c\u00f3mo desmentirlos<\/a><\/div>\n<p>Si tus amigos o familiares tienen dudas sobre los veh\u00edculos el\u00e9ctricos, esta gu\u00eda pr\u00e1ctica puede responder sus preguntas m\u00e1s controversiales.<\/p>\n<\/div>\n<\/div>\n<hr>\n<h2>\u00bfCu\u00e1nto dura la bater\u00eda de un VE?<\/h2>\n<p>Se dice que <a href=\"https:\/\/es.wired.com\/tag\/autos-electricos\">los veh\u00edculos el\u00e9ctricos<\/a> envejecen m\u00e1s como los <em>smartphones<\/em> que como los autos convencionales, porque su coraz\u00f3n es <a href=\"https:\/\/es.wired.com\/articulos\/las-baterias-de-iones-de-litio-son-una-fuente-creciente-de-contaminacion-por-quimicos-toxicos-revela-un-nuevo-estudio\">la bater\u00eda de iones de litio<\/a>, que por s\u00ed sola representa entre el 30% y el 40% de su valor. Si la bater\u00eda se agota demasiado r\u00e1pido, el atractivo del veh\u00edculo se desploma. La opci\u00f3n de segunda mano tambi\u00e9n se ve penalizada por la idea de que la tecnolog\u00eda de las bater\u00edas avanza muy deprisa, y que no vale la pena comprar un modelo el\u00e9ctrico con celdas que est\u00e1n a punto de quedarse obsoletas.<\/p>\n<p>Pero, seg\u00fan un estudio realizado por las consultoras Motus-E y Quattroruote Professional, estos temores son exagerados. <strong>No es cierto que la calidad de la bater\u00eda decaiga tan r\u00e1pidamente. Adem\u00e1s, la tecnolog\u00eda de iones de litio est\u00e1 en un momento maduro, cabe esperar mejoras entre un modelo y el siguiente, aunque no grandes saltos en prestaciones.<\/strong><\/p>\n<p>Lo que m\u00e1s ha pesado hasta ahora es la percepci\u00f3n err\u00f3nea de la longevidad real de las bater\u00edas, en particular de su capacidad restante. Los fabricantes garantizan un m\u00ednimo del 80% de capacidad al final del per\u00edodo de garant\u00eda, que suele ser de ocho a\u00f1os. Tras analizar una muestra de cinco mil autos de diversas marcas matriculados durante un per\u00edodo de diez a\u00f1os, los autores de la investigaci\u00f3n constataron un \u00edndice medio de degradaci\u00f3n de las bater\u00edas del 1.5% anual. El decaimiento es m\u00e1s pronunciado en los cinco primeros a\u00f1os de uso, tras los cuales disminuye considerablemente. <strong>Al cabo de nueve a\u00f1os, la autonom\u00eda de la bater\u00eda baja un 15%.<\/strong><\/p>\n","protected":false},"excerpt":{"rendered":"<p>El 2024 no fue un buen a\u00f1o para el sector de los autos el\u00e9ctricos en la Uni\u00f3n Europea. Termin\u00f3 con 1.4 millones de matriculaciones, menos que los 1.5 millones de 2023, y una cuota de mercado que cay\u00f3 hasta el 13.6%. A los h\u00edbridos enchufables, que se engloban bajo el t\u00e9rmino de veh\u00edculos el\u00e9ctricos (VE), [&hellip;]<\/p>\n","protected":false},"author":2,"featured_media":829,"comment_status":"closed","ping_status":"closed","sticky":false,"template":"","format":"standard","meta":{"footnotes":""},"categories":[1],"tags":[],"class_list":["post-828","post","type-post","status-publish","format-standard","has-post-thumbnail","hentry","category-technology"],"yoast_head":"<!-- This site is optimized with the Yoast SEO plugin v24.5 - https:\/\/yoast.com\/wordpress\/plugins\/seo\/ -->\n<title>Por qu\u00e9 todav\u00eda no existe el mercado de segunda mano de autos el\u00e9ctricos - TecnoArtesanos Tech Blog<\/title>\n<meta name=\"robots\" content=\"index, follow, max-snippet:-1, max-image-preview:large, max-video-preview:-1\" \/>\n<link rel=\"canonical\" href=\"https:\/\/blog.tecnoartesanos.com\/index.php\/2025\/04\/20\/por-que-todavia-no-existe-el-mercado-de-segunda-mano-de-autos-electricos\/\" \/>\n<meta property=\"og:locale\" content=\"en_US\" \/>\n<meta property=\"og:type\" content=\"article\" \/>\n<meta property=\"og:title\" content=\"Por qu\u00e9 todav\u00eda no existe el mercado de segunda mano de autos el\u00e9ctricos - TecnoArtesanos Tech Blog\" \/>\n<meta property=\"og:description\" content=\"El 2024 no fue un buen a\u00f1o para el sector de los autos el\u00e9ctricos en la Uni\u00f3n Europea. Termin\u00f3 con 1.4 millones de matriculaciones, menos que los 1.5 millones de 2023, y una cuota de mercado que cay\u00f3 hasta el 13.6%. A los h\u00edbridos enchufables, que se engloban bajo el t\u00e9rmino de veh\u00edculos el\u00e9ctricos (VE), [&hellip;]\" \/>\n<meta property=\"og:url\" content=\"https:\/\/blog.tecnoartesanos.com\/index.php\/2025\/04\/20\/por-que-todavia-no-existe-el-mercado-de-segunda-mano-de-autos-electricos\/\" \/>\n<meta property=\"og:site_name\" content=\"TecnoArtesanos Tech Blog\" \/>\n<meta property=\"article:published_time\" content=\"2025-04-20T14:00:00+00:00\" \/>\n<meta property=\"og:image\" content=\"https:\/\/media.es.wired.com\/photos\/67feb71ab28855aa8e3327cf\/master\/pass\/1393988253\" \/>\n<meta name=\"author\" content=\"Sergio Morales\" \/>\n<meta name=\"twitter:card\" content=\"summary_large_image\" \/>\n<meta name=\"twitter:label1\" content=\"Written by\" \/>\n\t<meta name=\"twitter:data1\" content=\"Sergio Morales\" \/>\n\t<meta name=\"twitter:label2\" content=\"Est. reading time\" \/>\n\t<meta name=\"twitter:data2\" content=\"4 minutes\" \/>\n<script type=\"application\/ld+json\" class=\"yoast-schema-graph\">{\"@context\":\"https:\/\/schema.org\",\"@graph\":[{\"@type\":\"WebPage\",\"@id\":\"https:\/\/blog.tecnoartesanos.com\/index.php\/2025\/04\/20\/por-que-todavia-no-existe-el-mercado-de-segunda-mano-de-autos-electricos\/\",\"url\":\"https:\/\/blog.tecnoartesanos.com\/index.php\/2025\/04\/20\/por-que-todavia-no-existe-el-mercado-de-segunda-mano-de-autos-electricos\/\",\"name\":\"Por qu\u00e9 todav\u00eda no existe el mercado de segunda mano de autos el\u00e9ctricos - TecnoArtesanos Tech Blog\",\"isPartOf\":{\"@id\":\"https:\/\/blog.tecnoartesanos.com\/#website\"},\"primaryImageOfPage\":{\"@id\":\"https:\/\/blog.tecnoartesanos.com\/index.php\/2025\/04\/20\/por-que-todavia-no-existe-el-mercado-de-segunda-mano-de-autos-electricos\/#primaryimage\"},\"image\":{\"@id\":\"https:\/\/blog.tecnoartesanos.com\/index.php\/2025\/04\/20\/por-que-todavia-no-existe-el-mercado-de-segunda-mano-de-autos-electricos\/#primaryimage\"},\"thumbnailUrl\":\"https:\/\/blog.tecnoartesanos.com\/wp-content\/uploads\/2025\/04\/por-que-todavia-no-existe-el-mercado-de-segunda-mano-de-autos-electricos.jpg\",\"datePublished\":\"2025-04-20T14:00:00+00:00\",\"author\":{\"@id\":\"https:\/\/blog.tecnoartesanos.com\/#\/schema\/person\/ec88bc1410fd158963717c4216f04807\"},\"breadcrumb\":{\"@id\":\"https:\/\/blog.tecnoartesanos.com\/index.php\/2025\/04\/20\/por-que-todavia-no-existe-el-mercado-de-segunda-mano-de-autos-electricos\/#breadcrumb\"},\"inLanguage\":\"en-US\",\"potentialAction\":[{\"@type\":\"ReadAction\",\"target\":[\"https:\/\/blog.tecnoartesanos.com\/index.php\/2025\/04\/20\/por-que-todavia-no-existe-el-mercado-de-segunda-mano-de-autos-electricos\/\"]}]},{\"@type\":\"ImageObject\",\"inLanguage\":\"en-US\",\"@id\":\"https:\/\/blog.tecnoartesanos.com\/index.php\/2025\/04\/20\/por-que-todavia-no-existe-el-mercado-de-segunda-mano-de-autos-electricos\/#primaryimage\",\"url\":\"https:\/\/blog.tecnoartesanos.com\/wp-content\/uploads\/2025\/04\/por-que-todavia-no-existe-el-mercado-de-segunda-mano-de-autos-electricos.jpg\",\"contentUrl\":\"https:\/\/blog.tecnoartesanos.com\/wp-content\/uploads\/2025\/04\/por-que-todavia-no-existe-el-mercado-de-segunda-mano-de-autos-electricos.jpg\",\"width\":775,\"height\":436},{\"@type\":\"BreadcrumbList\",\"@id\":\"https:\/\/blog.tecnoartesanos.com\/index.php\/2025\/04\/20\/por-que-todavia-no-existe-el-mercado-de-segunda-mano-de-autos-electricos\/#breadcrumb\",\"itemListElement\":[{\"@type\":\"ListItem\",\"position\":1,\"name\":\"Home\",\"item\":\"https:\/\/blog.tecnoartesanos.com\/\"},{\"@type\":\"ListItem\",\"position\":2,\"name\":\"Por qu\u00e9 todav\u00eda no existe el mercado de segunda mano de autos el\u00e9ctricos\"}]},{\"@type\":\"WebSite\",\"@id\":\"https:\/\/blog.tecnoartesanos.com\/#website\",\"url\":\"https:\/\/blog.tecnoartesanos.com\/\",\"name\":\"TecnoArtesanos Tech Blog\",\"description\":\"\",\"potentialAction\":[{\"@type\":\"SearchAction\",\"target\":{\"@type\":\"EntryPoint\",\"urlTemplate\":\"https:\/\/blog.tecnoartesanos.com\/?s={search_term_string}\"},\"query-input\":{\"@type\":\"PropertyValueSpecification\",\"valueRequired\":true,\"valueName\":\"search_term_string\"}}],\"inLanguage\":\"en-US\"},{\"@type\":\"Person\",\"@id\":\"https:\/\/blog.tecnoartesanos.com\/#\/schema\/person\/ec88bc1410fd158963717c4216f04807\",\"name\":\"Sergio Morales\",\"image\":{\"@type\":\"ImageObject\",\"inLanguage\":\"en-US\",\"@id\":\"https:\/\/blog.tecnoartesanos.com\/#\/schema\/person\/image\/\",\"url\":\"https:\/\/secure.gravatar.com\/avatar\/3d45178fc8fbbe32d39278bc504fa9093f947f406ff4f1ddcfa27505ab772184?s=96&d=mm&r=g\",\"contentUrl\":\"https:\/\/secure.gravatar.com\/avatar\/3d45178fc8fbbe32d39278bc504fa9093f947f406ff4f1ddcfa27505ab772184?s=96&d=mm&r=g\",\"caption\":\"Sergio Morales\"},\"sameAs\":[\"https:\/\/sergiomorales.space\"],\"url\":\"https:\/\/blog.tecnoartesanos.com\/index.php\/author\/sergiomorales\/\"}]}<\/script>\n<!-- \/ Yoast SEO plugin. -->","yoast_head_json":{"title":"Por qu\u00e9 todav\u00eda no existe el mercado de segunda mano de autos el\u00e9ctricos - TecnoArtesanos Tech Blog","robots":{"index":"index","follow":"follow","max-snippet":"max-snippet:-1","max-image-preview":"max-image-preview:large","max-video-preview":"max-video-preview:-1"},"canonical":"https:\/\/blog.tecnoartesanos.com\/index.php\/2025\/04\/20\/por-que-todavia-no-existe-el-mercado-de-segunda-mano-de-autos-electricos\/","og_locale":"en_US","og_type":"article","og_title":"Por qu\u00e9 todav\u00eda no existe el mercado de segunda mano de autos el\u00e9ctricos - TecnoArtesanos Tech Blog","og_description":"El 2024 no fue un buen a\u00f1o para el sector de los autos el\u00e9ctricos en la Uni\u00f3n Europea. Termin\u00f3 con 1.4 millones de matriculaciones, menos que los 1.5 millones de 2023, y una cuota de mercado que cay\u00f3 hasta el 13.6%. A los h\u00edbridos enchufables, que se engloban bajo el t\u00e9rmino de veh\u00edculos el\u00e9ctricos (VE), [&hellip;]","og_url":"https:\/\/blog.tecnoartesanos.com\/index.php\/2025\/04\/20\/por-que-todavia-no-existe-el-mercado-de-segunda-mano-de-autos-electricos\/","og_site_name":"TecnoArtesanos Tech Blog","article_published_time":"2025-04-20T14:00:00+00:00","og_image":[{"url":"https:\/\/media.es.wired.com\/photos\/67feb71ab28855aa8e3327cf\/master\/pass\/1393988253","type":"","width":"","height":""}],"author":"Sergio Morales","twitter_card":"summary_large_image","twitter_misc":{"Written by":"Sergio Morales","Est. reading time":"4 minutes"},"schema":{"@context":"https:\/\/schema.org","@graph":[{"@type":"WebPage","@id":"https:\/\/blog.tecnoartesanos.com\/index.php\/2025\/04\/20\/por-que-todavia-no-existe-el-mercado-de-segunda-mano-de-autos-electricos\/","url":"https:\/\/blog.tecnoartesanos.com\/index.php\/2025\/04\/20\/por-que-todavia-no-existe-el-mercado-de-segunda-mano-de-autos-electricos\/","name":"Por qu\u00e9 todav\u00eda no existe el mercado de segunda mano de autos el\u00e9ctricos - TecnoArtesanos Tech Blog","isPartOf":{"@id":"https:\/\/blog.tecnoartesanos.com\/#website"},"primaryImageOfPage":{"@id":"https:\/\/blog.tecnoartesanos.com\/index.php\/2025\/04\/20\/por-que-todavia-no-existe-el-mercado-de-segunda-mano-de-autos-electricos\/#primaryimage"},"image":{"@id":"https:\/\/blog.tecnoartesanos.com\/index.php\/2025\/04\/20\/por-que-todavia-no-existe-el-mercado-de-segunda-mano-de-autos-electricos\/#primaryimage"},"thumbnailUrl":"https:\/\/blog.tecnoartesanos.com\/wp-content\/uploads\/2025\/04\/por-que-todavia-no-existe-el-mercado-de-segunda-mano-de-autos-electricos.jpg","datePublished":"2025-04-20T14:00:00+00:00","author":{"@id":"https:\/\/blog.tecnoartesanos.com\/#\/schema\/person\/ec88bc1410fd158963717c4216f04807"},"breadcrumb":{"@id":"https:\/\/blog.tecnoartesanos.com\/index.php\/2025\/04\/20\/por-que-todavia-no-existe-el-mercado-de-segunda-mano-de-autos-electricos\/#breadcrumb"},"inLanguage":"en-US","potentialAction":[{"@type":"ReadAction","target":["https:\/\/blog.tecnoartesanos.com\/index.php\/2025\/04\/20\/por-que-todavia-no-existe-el-mercado-de-segunda-mano-de-autos-electricos\/"]}]},{"@type":"ImageObject","inLanguage":"en-US","@id":"https:\/\/blog.tecnoartesanos.com\/index.php\/2025\/04\/20\/por-que-todavia-no-existe-el-mercado-de-segunda-mano-de-autos-electricos\/#primaryimage","url":"https:\/\/blog.tecnoartesanos.com\/wp-content\/uploads\/2025\/04\/por-que-todavia-no-existe-el-mercado-de-segunda-mano-de-autos-electricos.jpg","contentUrl":"https:\/\/blog.tecnoartesanos.com\/wp-content\/uploads\/2025\/04\/por-que-todavia-no-existe-el-mercado-de-segunda-mano-de-autos-electricos.jpg","width":775,"height":436},{"@type":"BreadcrumbList","@id":"https:\/\/blog.tecnoartesanos.com\/index.php\/2025\/04\/20\/por-que-todavia-no-existe-el-mercado-de-segunda-mano-de-autos-electricos\/#breadcrumb","itemListElement":[{"@type":"ListItem","position":1,"name":"Home","item":"https:\/\/blog.tecnoartesanos.com\/"},{"@type":"ListItem","position":2,"name":"Por qu\u00e9 todav\u00eda no existe el mercado de segunda mano de autos el\u00e9ctricos"}]},{"@type":"WebSite","@id":"https:\/\/blog.tecnoartesanos.com\/#website","url":"https:\/\/blog.tecnoartesanos.com\/","name":"TecnoArtesanos Tech Blog","description":"","potentialAction":[{"@type":"SearchAction","target":{"@type":"EntryPoint","urlTemplate":"https:\/\/blog.tecnoartesanos.com\/?s={search_term_string}"},"query-input":{"@type":"PropertyValueSpecification","valueRequired":true,"valueName":"search_term_string"}}],"inLanguage":"en-US"},{"@type":"Person","@id":"https:\/\/blog.tecnoartesanos.com\/#\/schema\/person\/ec88bc1410fd158963717c4216f04807","name":"Sergio Morales","image":{"@type":"ImageObject","inLanguage":"en-US","@id":"https:\/\/blog.tecnoartesanos.com\/#\/schema\/person\/image\/","url":"https:\/\/secure.gravatar.com\/avatar\/3d45178fc8fbbe32d39278bc504fa9093f947f406ff4f1ddcfa27505ab772184?s=96&d=mm&r=g","contentUrl":"https:\/\/secure.gravatar.com\/avatar\/3d45178fc8fbbe32d39278bc504fa9093f947f406ff4f1ddcfa27505ab772184?s=96&d=mm&r=g","caption":"Sergio Morales"},"sameAs":["https:\/\/sergiomorales.space"],"url":"https:\/\/blog.tecnoartesanos.com\/index.php\/author\/sergiomorales\/"}]}},"_links":{"self":[{"href":"https:\/\/blog.tecnoartesanos.com\/index.php\/wp-json\/wp\/v2\/posts\/828","targetHints":{"allow":["GET"]}}],"collection":[{"href":"https:\/\/blog.tecnoartesanos.com\/index.php\/wp-json\/wp\/v2\/posts"}],"about":[{"href":"https:\/\/blog.tecnoartesanos.com\/index.php\/wp-json\/wp\/v2\/types\/post"}],"author":[{"embeddable":true,"href":"https:\/\/blog.tecnoartesanos.com\/index.php\/wp-json\/wp\/v2\/users\/2"}],"replies":[{"embeddable":true,"href":"https:\/\/blog.tecnoartesanos.com\/index.php\/wp-json\/wp\/v2\/comments?post=828"}],"version-history":[{"count":0,"href":"https:\/\/blog.tecnoartesanos.com\/index.php\/wp-json\/wp\/v2\/posts\/828\/revisions"}],"wp:featuredmedia":[{"embeddable":true,"href":"https:\/\/blog.tecnoartesanos.com\/index.php\/wp-json\/wp\/v2\/media\/829"}],"wp:attachment":[{"href":"https:\/\/blog.tecnoartesanos.com\/index.php\/wp-json\/wp\/v2\/media?parent=828"}],"wp:term":[{"taxonomy":"category","embeddable":true,"href":"https:\/\/blog.tecnoartesanos.com\/index.php\/wp-json\/wp\/v2\/categories?post=828"},{"taxonomy":"post_tag","embeddable":true,"href":"https:\/\/blog.tecnoartesanos.com\/index.php\/wp-json\/wp\/v2\/tags?post=828"}],"curies":[{"name":"wp","href":"https:\/\/api.w.org\/{rel}","templated":true}]}}