{"id":736,"date":"2025-04-11T18:11:12","date_gmt":"2025-04-11T18:11:12","guid":{"rendered":"http:\/\/67f935f3ba94d3f0539bad58"},"modified":"2025-04-11T18:11:12","modified_gmt":"2025-04-11T18:11:12","slug":"por-que-tim-cook-mark-zuckerberg-y-los-lideres-de-las-grandes-tecnologicas-callaron-ante-los-aranceles-de-trump","status":"publish","type":"post","link":"https:\/\/blog.tecnoartesanos.com\/index.php\/2025\/04\/11\/por-que-tim-cook-mark-zuckerberg-y-los-lideres-de-las-grandes-tecnologicas-callaron-ante-los-aranceles-de-trump\/","title":{"rendered":"Por qu\u00e9 Tim Cook, Mark Zuckerberg y los l\u00edderes de las grandes tecnol\u00f3gicas callaron ante los aranceles de Trump"},"content":{"rendered":"<div class=\"media_block\"><img decoding=\"async\" src=\"https:\/\/media.es.wired.com\/photos\/67f9382aba94d3f0539bad5a\/master\/pass\/GettyImages-2194353566.jpg\" class=\"media_thumbnail\"><\/div>\n<p>Si entraste en X o Bluesky la semana pasada, es probable que te haya arrastrado la avalancha de publicaciones sobre los aranceles rec\u00edprocos de Trump y el desplome del mercado burs\u00e1til. Y si sigues el sector tecnol\u00f3gico tan de cerca como WIRED, probablemente notaste qui\u00e9n no estaba publicando sobre aranceles: los propios CEO y directores que apoyaron a Trump el D\u00eda de la Inauguraci\u00f3n en enero.<\/p>\n<p><strong>Jeff Bezos, Tim Cook, Sundar Pichai y Mark Zuckerberg han guardado silencio sobre el tema de los aranceles<\/strong>, aunque tanto Pichai como Zuckerberg han seguido publicando sobre inteligencia artificial. Mientras tanto, Elon Musk&#8230; bueno, ya hablaremos de eso.<\/p>\n<hr>\n<div class=\"ContentCardEmbedWrapper-kULtsE iGAJsG content-card-embed content-card-embed--stacked\" data-testid=\"ContentCardEmbedWrapper\" readability=\"23.768115942029\">\n<div class=\"ContentCardEmbedImage-iwqgVw jlIubp content-card-embed__image\" data-testid=\"ContentCardEmbedImage\"><span class=\"SpanWrapper-umhxW jvZaPI responsive-asset\"><picture class=\"ResponsiveImagePicture-cWuUZO dUOtEa responsive-image\"><img decoding=\"async\" alt=\"La pantalla de inicio de Netflix se muestra en una tableta digital\" class=\"ResponsiveImageContainer-eybHBd fptoWY responsive-image__image\" src=\"https:\/\/media.es.wired.com\/photos\/67f681b67d8ff07291713bb9\/master\/w_775%2Cc_limit\/Tariff-Streaming-Culture-2191972423.jpg\" srcset=\"https:\/\/media.es.wired.com\/photos\/67f681b67d8ff07291713bb9\/master\/w_120,c_limit\/Tariff-Streaming-Culture-2191972423.jpg 120w, https:\/\/media.es.wired.com\/photos\/67f681b67d8ff07291713bb9\/master\/w_240,c_limit\/Tariff-Streaming-Culture-2191972423.jpg 240w, https:\/\/media.es.wired.com\/photos\/67f681b67d8ff07291713bb9\/master\/w_320,c_limit\/Tariff-Streaming-Culture-2191972423.jpg 320w, https:\/\/media.es.wired.com\/photos\/67f681b67d8ff07291713bb9\/master\/w_640,c_limit\/Tariff-Streaming-Culture-2191972423.jpg 640w\" sizes=\"100vw\"><\/picture><\/span><\/div>\n<div class=\"ContentCardEmbedInfo-bDftKl bGnSrq\" readability=\"25.253623188406\">\n<div class=\"BaseWrap-sc-gjQpdd BaseText-ewhhUZ ContentCardEmbedHed-kJVPGC iUEiRd cekThb cewqFA content-card-embed__hed\" data-testid=\"ContentCardEmbedHed\"><a class=\"BaseWrap-sc-gjQpdd BaseText-ewhhUZ BaseLink-eNWuiM ContentCardEmbedHedLink-eXLwe iUEiRd cekThb gqhxzW eFUKSb content-card-embed__hed-link\" href=\"https:\/\/es.wired.com\/articulos\/como-afectaran-los-aranceles-de-trump-a-tus-servicios-de-streaming\" data-testid=\"ContentCardEmbedHedLink\">\u00bfC\u00f3mo afectar\u00e1n los aranceles de Trump a tus servicios de <em>streaming<\/em>?<\/a><\/div>\n<p>Los aranceles del presidente Trump no afectan directamente a servicios de <em>streaming<\/em> como Netflix. Pero podr\u00edan hacerlo sobre lo que los servicios lanzan y lo que la gente est\u00e1 dispuesta a pagar por ello.<\/p>\n<\/div>\n<\/div>\n<hr>\n<h2>El silencio es el ruido m\u00e1s fuerte<\/h2>\n<p>El silencio fue ensordecedor, teniendo en cuenta que los &#8220;siete magn\u00edficos&#8221; perdieron colectivamente billones de d\u00f3lares en valor de mercado tras el anuncio de <a href=\"https:\/\/es.wired.com\/articulos\/el-efecto-domino-de-los-aranceles-reciprocos-de-trump-en-la-industria-tecnologica\">aranceles de Trump<\/a> la semana pasada. Pero hay una fr\u00eda l\u00f3gica detr\u00e1s de que estos l\u00edderes tecnol\u00f3gicos guarden silencio en p\u00fablico, especialmente los que venden <em>hardware<\/em>. EE UU se ha convertido en una naci\u00f3n muy vol\u00e1til, en la que hay que tener en cuenta los caprichos del presidente antes de utilizar cualquier ficha pol\u00edtica o hacer una declaraci\u00f3n p\u00fablica, especialmente en un entorno en el que esa declaraci\u00f3n podr\u00eda volverse irrelevante una hora despu\u00e9s.<\/p>\n<p>&#8220;La arena no deja de moverse el tiempo suficiente para hacer una declaraci\u00f3n convincente&#8221;, explic\u00f3 a WIRED un alto ejecutivo de comunicaci\u00f3n que ha trabajado estrechamente con dos CEO de grandes tecnol\u00f3gicas.<\/p>\n<p><strong>En realidad, los ejecutivos de las grandes tecnol\u00f3gicas no guardan silencio: simplemente aguardan el momento para el gran retorno.<\/strong> Niki Christoff, estratega pol\u00edtica de Washington DC y antigua ayudante del senador John McCain durante su campa\u00f1a presidencial de 2008, dice que la mayor parte de la estrategia en torno a las normas comerciales, y las conversaciones con el personal de Trump, est\u00e1n ocurriendo a trav\u00e9s de canales secretos en este momento: &#8220;Hay mucha marcaci\u00f3n personal y se intenta llegar a acuerdos&#8221;.<\/p>\n<p>Durante el primer mandato de Trump, Cook cultiv\u00f3 cuidadosamente una relaci\u00f3n directa con el presidente para presionarlo en temas como el comercio y la inmigraci\u00f3n. Cuesta creer que Cook no est\u00e9 usando esa l\u00ednea directa ahora. El CEO de Nvidia, Jensen Huang, que no asisti\u00f3 a la ceremonia de investidura, acudi\u00f3 la semana pasada a una <a href=\"https:\/\/es.wired.com\/articulos\/los-millonarios-de-estados-unidos-habrian-pagado-millones-para-cenar-con-donald-trump\">cena de un mill\u00f3n de d\u00f3lares en Mar-a-Lago.<\/a> Poco despu\u00e9s, la Casa Blanca retir\u00f3 sus planes de aplicar controles a la exportaci\u00f3n de algunos chips que Nvidia vende a China.<\/p>\n<p>Los canales privados permiten a cada l\u00edder tecnol\u00f3gico presionar para obtener exenciones arancelarias espec\u00edficas. Del tipo que beneficiar\u00edan a Nvidia, como pol\u00edticas m\u00e1s indulgentes sobre las importaciones de semiconductores para unidades de procesamiento gr\u00e1fico (GPU), que difieren de las que Apple podr\u00eda estar solicitando, considerando la complejidad de su cadena de <a href=\"https:\/\/es.wired.com\/articulos\/estados-unidos-asegura-que-depender-de-las-baterias-de-litio-chinas-es-demasiado-arriesgado\">suministro y su dependencia de China<\/a>. &#8220;Oponerse en general a los aranceles no sirve de nada si los l\u00edderes empresariales pueden obtener exenciones para sus propios productos&#8221;, se\u00f1ala Christoff.<\/p>\n<p>Al mismo tiempo, seg\u00fan fuentes consultadas por WIRED, los CEO de las tecnol\u00f3gicas est\u00e1n dejando que las organizaciones comerciales como Business Roundtable, que representa a una serie de grandes empresas tecnol\u00f3gicas, incluidas Alphabet y Amazon, hagan parte del trabajo por ellos. El CEO de Business Roundtable, Joshua Bolten, emiti\u00f3 una declaraci\u00f3n instando a la administraci\u00f3n a &#8220;llegar r\u00e1pidamente a acuerdos&#8221; con sus socios comerciales y aplicar &#8220;exenciones razonables&#8221;. Los ejecutivos de las <em>big tech<\/em> tambi\u00e9n han podido mantenerse al margen mientras banqueros como el CEO de JP Morgan Chase, Jamie Dimon, hacen afirmaciones p\u00fablicas sobre el impacto negativo duradero de <a href=\"https:\/\/es.wired.com\/articulos\/cinco-conceptos-necesarios-para-entender-el-panico-financiero-causado-por-los-aranceles-de-trump\">los aranceles en la econom\u00eda<\/a>, y mientras el multimillonario del fondo de cobertura Bill Ackman sigue tuiteando al respecto.<\/p>\n<hr>\n<div class=\"ContentCardEmbedWrapper-kULtsE iGAJsG content-card-embed content-card-embed--stacked\" data-testid=\"ContentCardEmbedWrapper\" readability=\"23.323404255319\">\n<div class=\"ContentCardEmbedImage-iwqgVw jlIubp content-card-embed__image\" data-testid=\"ContentCardEmbedImage\"><span class=\"SpanWrapper-umhxW jvZaPI responsive-asset\"><picture class=\"ResponsiveImagePicture-cWuUZO dUOtEa responsive-image\"><img decoding=\"async\" alt=\"Los gr\u00e1ficos que muestran los &quot;aranceles rec\u00edprocos&quot; que Estados Unidos est\u00e1 cobrando a otros pa\u00edses se muestran en la Sala de Prensa James Brady de la Casa Blanca el 2 de abril de 2025 en Washington, D.C.\" class=\"ResponsiveImageContainer-eybHBd fptoWY responsive-image__image\" src=\"https:\/\/media.es.wired.com\/photos\/67f01495c95ea9978b7d29b5\/master\/w_775%2Cc_limit\/GettyImages-2208192627.jpg\" srcset=\"https:\/\/media.es.wired.com\/photos\/67f01495c95ea9978b7d29b5\/master\/w_120,c_limit\/GettyImages-2208192627.jpg 120w, https:\/\/media.es.wired.com\/photos\/67f01495c95ea9978b7d29b5\/master\/w_240,c_limit\/GettyImages-2208192627.jpg 240w, https:\/\/media.es.wired.com\/photos\/67f01495c95ea9978b7d29b5\/master\/w_320,c_limit\/GettyImages-2208192627.jpg 320w, https:\/\/media.es.wired.com\/photos\/67f01495c95ea9978b7d29b5\/master\/w_640,c_limit\/GettyImages-2208192627.jpg 640w\" sizes=\"100vw\"><\/picture><\/span><\/div>\n<div class=\"ContentCardEmbedInfo-bDftKl bGnSrq\" readability=\"24.434042553191\">\n<div class=\"BaseWrap-sc-gjQpdd BaseText-ewhhUZ ContentCardEmbedHed-kJVPGC iUEiRd cekThb cewqFA content-card-embed__hed\" data-testid=\"ContentCardEmbedHed\"><a class=\"BaseWrap-sc-gjQpdd BaseText-ewhhUZ BaseLink-eNWuiM ContentCardEmbedHedLink-eXLwe iUEiRd cekThb gqhxzW eFUKSb content-card-embed__hed-link\" href=\"https:\/\/es.wired.com\/articulos\/como-entender-los-aranceles-reciprocos-anunciados-por-trump\" data-testid=\"ContentCardEmbedHedLink\">C\u00f3mo entender los aranceles rec\u00edprocos anunciados por Trump<\/a><\/div>\n<p>La nueva estrategia comercial de Estados Unidos golpea a la econom\u00eda mundial con aranceles a todos los productos que alcanzan el 20% para Europa e incluso el 54% para China.<\/p>\n<\/div>\n<\/div>\n<hr>\n<h2>Algunos CEO no pueden guardarse los comentarios para s\u00ed mismos<\/h2>\n<p><strong>El CEO de Amazon, Andy Jassy, cree que la vasta red de terceros <a href=\"https:\/\/es.wired.com\/articulos\/amazon-tiene-demasiados-almacenes\">vendedores de Amazon<\/a> podr\u00eda acabar repercutiendo <a href=\"https:\/\/es.wired.com\/articulos\/los-aranceles-encareceran-los-productos-electronicos-si-necesitas-un-nuevo-equipo-compralo-ya\">el costo de los aranceles<\/a> en los consumidores.<\/strong> La semana pasada, Satya Nadella, CEO de Microsoft, se sent\u00f3 junto a Bill Gates y Steve Ballmer, ex CEO de Microsoft, en una entrevista con Andrew Ross Sorkin, de CNBC, quien le pregunt\u00f3 por los aranceles. Ballmer mencion\u00f3 a Sorkin que &#8220;estudi\u00f3 econom\u00eda lo suficiente en la universidad como para saber que los aranceles van a provocar cierta agitaci\u00f3n&#8221;, y que la &#8220;perturbaci\u00f3n es muy dura para la gente&#8221;.<\/p>\n<p>Nadella se mostr\u00f3 m\u00e1s precavido y aprovech\u00f3 el sondeo de Sorkin para promocionar la inteligencia artificial: &#8220;A corto plazo, lo veo y digo: pase lo que pase, ocurra lo que ocurra, por primera vez estamos suministrando lo que es esencial, un bien no duradero llamado inteligencia&#8221;. Y a\u00f1adi\u00f3 que su segunda consideraci\u00f3n ahora mismo es cu\u00e1nta potencia de c\u00e1lculo necesitar\u00e1 el mundo dentro de 25 o 50 a\u00f1os: &#8220;Quiero mantener esos dos pensamientos y luego dar un paso cada vez, y entonces, sean cuales sean los cambios geopol\u00edticos o econ\u00f3micos, nos ajustaremos a ellos&#8221;.<\/p>\n","protected":false},"excerpt":{"rendered":"<p>Si entraste en X o Bluesky la semana pasada, es probable que te haya arrastrado la avalancha de publicaciones sobre los aranceles rec\u00edprocos de Trump y el desplome del mercado burs\u00e1til. Y si sigues el sector tecnol\u00f3gico tan de cerca como WIRED, probablemente notaste qui\u00e9n no estaba publicando sobre aranceles: los propios CEO y directores [&hellip;]<\/p>\n","protected":false},"author":2,"featured_media":737,"comment_status":"closed","ping_status":"closed","sticky":false,"template":"","format":"standard","meta":{"footnotes":""},"categories":[1],"tags":[],"class_list":["post-736","post","type-post","status-publish","format-standard","has-post-thumbnail","hentry","category-technology"],"yoast_head":"<!-- This site is optimized with the Yoast SEO plugin v24.5 - https:\/\/yoast.com\/wordpress\/plugins\/seo\/ -->\n<title>Por qu\u00e9 Tim Cook, Mark Zuckerberg y los l\u00edderes de las grandes tecnol\u00f3gicas callaron ante los aranceles de Trump - TecnoArtesanos Tech Blog<\/title>\n<meta name=\"robots\" content=\"index, follow, max-snippet:-1, max-image-preview:large, max-video-preview:-1\" \/>\n<link rel=\"canonical\" href=\"https:\/\/blog.tecnoartesanos.com\/index.php\/2025\/04\/11\/por-que-tim-cook-mark-zuckerberg-y-los-lideres-de-las-grandes-tecnologicas-callaron-ante-los-aranceles-de-trump\/\" \/>\n<meta property=\"og:locale\" content=\"en_US\" \/>\n<meta property=\"og:type\" content=\"article\" \/>\n<meta property=\"og:title\" content=\"Por qu\u00e9 Tim Cook, Mark Zuckerberg y los l\u00edderes de las grandes tecnol\u00f3gicas callaron ante los aranceles de Trump - TecnoArtesanos Tech Blog\" \/>\n<meta property=\"og:description\" content=\"Si entraste en X o Bluesky la semana pasada, es probable que te haya arrastrado la avalancha de publicaciones sobre los aranceles rec\u00edprocos de Trump y el desplome del mercado burs\u00e1til. Y si sigues el sector tecnol\u00f3gico tan de cerca como WIRED, probablemente notaste qui\u00e9n no estaba publicando sobre aranceles: los propios CEO y directores [&hellip;]\" \/>\n<meta property=\"og:url\" content=\"https:\/\/blog.tecnoartesanos.com\/index.php\/2025\/04\/11\/por-que-tim-cook-mark-zuckerberg-y-los-lideres-de-las-grandes-tecnologicas-callaron-ante-los-aranceles-de-trump\/\" \/>\n<meta property=\"og:site_name\" content=\"TecnoArtesanos Tech Blog\" \/>\n<meta property=\"article:published_time\" content=\"2025-04-11T18:11:12+00:00\" \/>\n<meta property=\"og:image\" content=\"https:\/\/media.es.wired.com\/photos\/67f9382aba94d3f0539bad5a\/master\/pass\/GettyImages-2194353566.jpg\" \/>\n<meta name=\"author\" content=\"Sergio Morales\" \/>\n<meta name=\"twitter:card\" content=\"summary_large_image\" \/>\n<meta name=\"twitter:label1\" content=\"Written by\" \/>\n\t<meta name=\"twitter:data1\" content=\"Sergio Morales\" \/>\n\t<meta name=\"twitter:label2\" content=\"Est. reading time\" \/>\n\t<meta name=\"twitter:data2\" content=\"5 minutes\" \/>\n<script type=\"application\/ld+json\" class=\"yoast-schema-graph\">{\"@context\":\"https:\/\/schema.org\",\"@graph\":[{\"@type\":\"WebPage\",\"@id\":\"https:\/\/blog.tecnoartesanos.com\/index.php\/2025\/04\/11\/por-que-tim-cook-mark-zuckerberg-y-los-lideres-de-las-grandes-tecnologicas-callaron-ante-los-aranceles-de-trump\/\",\"url\":\"https:\/\/blog.tecnoartesanos.com\/index.php\/2025\/04\/11\/por-que-tim-cook-mark-zuckerberg-y-los-lideres-de-las-grandes-tecnologicas-callaron-ante-los-aranceles-de-trump\/\",\"name\":\"Por qu\u00e9 Tim Cook, Mark Zuckerberg y los l\u00edderes de las grandes tecnol\u00f3gicas callaron ante los aranceles de Trump - TecnoArtesanos Tech Blog\",\"isPartOf\":{\"@id\":\"https:\/\/blog.tecnoartesanos.com\/#website\"},\"primaryImageOfPage\":{\"@id\":\"https:\/\/blog.tecnoartesanos.com\/index.php\/2025\/04\/11\/por-que-tim-cook-mark-zuckerberg-y-los-lideres-de-las-grandes-tecnologicas-callaron-ante-los-aranceles-de-trump\/#primaryimage\"},\"image\":{\"@id\":\"https:\/\/blog.tecnoartesanos.com\/index.php\/2025\/04\/11\/por-que-tim-cook-mark-zuckerberg-y-los-lideres-de-las-grandes-tecnologicas-callaron-ante-los-aranceles-de-trump\/#primaryimage\"},\"thumbnailUrl\":\"https:\/\/blog.tecnoartesanos.com\/wp-content\/uploads\/2025\/04\/por-que-tim-cook-mark-zuckerberg-y-los-lideres-de-las-grandes-tecnologicas-callaron-ante-los-aranceles-de-trump.jpg\",\"datePublished\":\"2025-04-11T18:11:12+00:00\",\"author\":{\"@id\":\"https:\/\/blog.tecnoartesanos.com\/#\/schema\/person\/ec88bc1410fd158963717c4216f04807\"},\"breadcrumb\":{\"@id\":\"https:\/\/blog.tecnoartesanos.com\/index.php\/2025\/04\/11\/por-que-tim-cook-mark-zuckerberg-y-los-lideres-de-las-grandes-tecnologicas-callaron-ante-los-aranceles-de-trump\/#breadcrumb\"},\"inLanguage\":\"en-US\",\"potentialAction\":[{\"@type\":\"ReadAction\",\"target\":[\"https:\/\/blog.tecnoartesanos.com\/index.php\/2025\/04\/11\/por-que-tim-cook-mark-zuckerberg-y-los-lideres-de-las-grandes-tecnologicas-callaron-ante-los-aranceles-de-trump\/\"]}]},{\"@type\":\"ImageObject\",\"inLanguage\":\"en-US\",\"@id\":\"https:\/\/blog.tecnoartesanos.com\/index.php\/2025\/04\/11\/por-que-tim-cook-mark-zuckerberg-y-los-lideres-de-las-grandes-tecnologicas-callaron-ante-los-aranceles-de-trump\/#primaryimage\",\"url\":\"https:\/\/blog.tecnoartesanos.com\/wp-content\/uploads\/2025\/04\/por-que-tim-cook-mark-zuckerberg-y-los-lideres-de-las-grandes-tecnologicas-callaron-ante-los-aranceles-de-trump.jpg\",\"contentUrl\":\"https:\/\/blog.tecnoartesanos.com\/wp-content\/uploads\/2025\/04\/por-que-tim-cook-mark-zuckerberg-y-los-lideres-de-las-grandes-tecnologicas-callaron-ante-los-aranceles-de-trump.jpg\",\"width\":775,\"height\":517},{\"@type\":\"BreadcrumbList\",\"@id\":\"https:\/\/blog.tecnoartesanos.com\/index.php\/2025\/04\/11\/por-que-tim-cook-mark-zuckerberg-y-los-lideres-de-las-grandes-tecnologicas-callaron-ante-los-aranceles-de-trump\/#breadcrumb\",\"itemListElement\":[{\"@type\":\"ListItem\",\"position\":1,\"name\":\"Home\",\"item\":\"https:\/\/blog.tecnoartesanos.com\/\"},{\"@type\":\"ListItem\",\"position\":2,\"name\":\"Por qu\u00e9 Tim Cook, Mark Zuckerberg y los l\u00edderes de las grandes tecnol\u00f3gicas callaron ante los aranceles de Trump\"}]},{\"@type\":\"WebSite\",\"@id\":\"https:\/\/blog.tecnoartesanos.com\/#website\",\"url\":\"https:\/\/blog.tecnoartesanos.com\/\",\"name\":\"TecnoArtesanos Tech Blog\",\"description\":\"\",\"potentialAction\":[{\"@type\":\"SearchAction\",\"target\":{\"@type\":\"EntryPoint\",\"urlTemplate\":\"https:\/\/blog.tecnoartesanos.com\/?s={search_term_string}\"},\"query-input\":{\"@type\":\"PropertyValueSpecification\",\"valueRequired\":true,\"valueName\":\"search_term_string\"}}],\"inLanguage\":\"en-US\"},{\"@type\":\"Person\",\"@id\":\"https:\/\/blog.tecnoartesanos.com\/#\/schema\/person\/ec88bc1410fd158963717c4216f04807\",\"name\":\"Sergio Morales\",\"image\":{\"@type\":\"ImageObject\",\"inLanguage\":\"en-US\",\"@id\":\"https:\/\/blog.tecnoartesanos.com\/#\/schema\/person\/image\/\",\"url\":\"https:\/\/secure.gravatar.com\/avatar\/3d45178fc8fbbe32d39278bc504fa9093f947f406ff4f1ddcfa27505ab772184?s=96&d=mm&r=g\",\"contentUrl\":\"https:\/\/secure.gravatar.com\/avatar\/3d45178fc8fbbe32d39278bc504fa9093f947f406ff4f1ddcfa27505ab772184?s=96&d=mm&r=g\",\"caption\":\"Sergio Morales\"},\"sameAs\":[\"https:\/\/sergiomorales.space\"],\"url\":\"https:\/\/blog.tecnoartesanos.com\/index.php\/author\/sergiomorales\/\"}]}<\/script>\n<!-- \/ Yoast SEO plugin. -->","yoast_head_json":{"title":"Por qu\u00e9 Tim Cook, Mark Zuckerberg y los l\u00edderes de las grandes tecnol\u00f3gicas callaron ante los aranceles de Trump - TecnoArtesanos Tech Blog","robots":{"index":"index","follow":"follow","max-snippet":"max-snippet:-1","max-image-preview":"max-image-preview:large","max-video-preview":"max-video-preview:-1"},"canonical":"https:\/\/blog.tecnoartesanos.com\/index.php\/2025\/04\/11\/por-que-tim-cook-mark-zuckerberg-y-los-lideres-de-las-grandes-tecnologicas-callaron-ante-los-aranceles-de-trump\/","og_locale":"en_US","og_type":"article","og_title":"Por qu\u00e9 Tim Cook, Mark Zuckerberg y los l\u00edderes de las grandes tecnol\u00f3gicas callaron ante los aranceles de Trump - TecnoArtesanos Tech Blog","og_description":"Si entraste en X o Bluesky la semana pasada, es probable que te haya arrastrado la avalancha de publicaciones sobre los aranceles rec\u00edprocos de Trump y el desplome del mercado burs\u00e1til. Y si sigues el sector tecnol\u00f3gico tan de cerca como WIRED, probablemente notaste qui\u00e9n no estaba publicando sobre aranceles: los propios CEO y directores [&hellip;]","og_url":"https:\/\/blog.tecnoartesanos.com\/index.php\/2025\/04\/11\/por-que-tim-cook-mark-zuckerberg-y-los-lideres-de-las-grandes-tecnologicas-callaron-ante-los-aranceles-de-trump\/","og_site_name":"TecnoArtesanos Tech Blog","article_published_time":"2025-04-11T18:11:12+00:00","og_image":[{"url":"https:\/\/media.es.wired.com\/photos\/67f9382aba94d3f0539bad5a\/master\/pass\/GettyImages-2194353566.jpg","type":"","width":"","height":""}],"author":"Sergio Morales","twitter_card":"summary_large_image","twitter_misc":{"Written by":"Sergio Morales","Est. reading time":"5 minutes"},"schema":{"@context":"https:\/\/schema.org","@graph":[{"@type":"WebPage","@id":"https:\/\/blog.tecnoartesanos.com\/index.php\/2025\/04\/11\/por-que-tim-cook-mark-zuckerberg-y-los-lideres-de-las-grandes-tecnologicas-callaron-ante-los-aranceles-de-trump\/","url":"https:\/\/blog.tecnoartesanos.com\/index.php\/2025\/04\/11\/por-que-tim-cook-mark-zuckerberg-y-los-lideres-de-las-grandes-tecnologicas-callaron-ante-los-aranceles-de-trump\/","name":"Por qu\u00e9 Tim Cook, Mark Zuckerberg y los l\u00edderes de las grandes tecnol\u00f3gicas callaron ante los aranceles de Trump - TecnoArtesanos Tech Blog","isPartOf":{"@id":"https:\/\/blog.tecnoartesanos.com\/#website"},"primaryImageOfPage":{"@id":"https:\/\/blog.tecnoartesanos.com\/index.php\/2025\/04\/11\/por-que-tim-cook-mark-zuckerberg-y-los-lideres-de-las-grandes-tecnologicas-callaron-ante-los-aranceles-de-trump\/#primaryimage"},"image":{"@id":"https:\/\/blog.tecnoartesanos.com\/index.php\/2025\/04\/11\/por-que-tim-cook-mark-zuckerberg-y-los-lideres-de-las-grandes-tecnologicas-callaron-ante-los-aranceles-de-trump\/#primaryimage"},"thumbnailUrl":"https:\/\/blog.tecnoartesanos.com\/wp-content\/uploads\/2025\/04\/por-que-tim-cook-mark-zuckerberg-y-los-lideres-de-las-grandes-tecnologicas-callaron-ante-los-aranceles-de-trump.jpg","datePublished":"2025-04-11T18:11:12+00:00","author":{"@id":"https:\/\/blog.tecnoartesanos.com\/#\/schema\/person\/ec88bc1410fd158963717c4216f04807"},"breadcrumb":{"@id":"https:\/\/blog.tecnoartesanos.com\/index.php\/2025\/04\/11\/por-que-tim-cook-mark-zuckerberg-y-los-lideres-de-las-grandes-tecnologicas-callaron-ante-los-aranceles-de-trump\/#breadcrumb"},"inLanguage":"en-US","potentialAction":[{"@type":"ReadAction","target":["https:\/\/blog.tecnoartesanos.com\/index.php\/2025\/04\/11\/por-que-tim-cook-mark-zuckerberg-y-los-lideres-de-las-grandes-tecnologicas-callaron-ante-los-aranceles-de-trump\/"]}]},{"@type":"ImageObject","inLanguage":"en-US","@id":"https:\/\/blog.tecnoartesanos.com\/index.php\/2025\/04\/11\/por-que-tim-cook-mark-zuckerberg-y-los-lideres-de-las-grandes-tecnologicas-callaron-ante-los-aranceles-de-trump\/#primaryimage","url":"https:\/\/blog.tecnoartesanos.com\/wp-content\/uploads\/2025\/04\/por-que-tim-cook-mark-zuckerberg-y-los-lideres-de-las-grandes-tecnologicas-callaron-ante-los-aranceles-de-trump.jpg","contentUrl":"https:\/\/blog.tecnoartesanos.com\/wp-content\/uploads\/2025\/04\/por-que-tim-cook-mark-zuckerberg-y-los-lideres-de-las-grandes-tecnologicas-callaron-ante-los-aranceles-de-trump.jpg","width":775,"height":517},{"@type":"BreadcrumbList","@id":"https:\/\/blog.tecnoartesanos.com\/index.php\/2025\/04\/11\/por-que-tim-cook-mark-zuckerberg-y-los-lideres-de-las-grandes-tecnologicas-callaron-ante-los-aranceles-de-trump\/#breadcrumb","itemListElement":[{"@type":"ListItem","position":1,"name":"Home","item":"https:\/\/blog.tecnoartesanos.com\/"},{"@type":"ListItem","position":2,"name":"Por qu\u00e9 Tim Cook, Mark Zuckerberg y los l\u00edderes de las grandes tecnol\u00f3gicas callaron ante los aranceles de Trump"}]},{"@type":"WebSite","@id":"https:\/\/blog.tecnoartesanos.com\/#website","url":"https:\/\/blog.tecnoartesanos.com\/","name":"TecnoArtesanos Tech Blog","description":"","potentialAction":[{"@type":"SearchAction","target":{"@type":"EntryPoint","urlTemplate":"https:\/\/blog.tecnoartesanos.com\/?s={search_term_string}"},"query-input":{"@type":"PropertyValueSpecification","valueRequired":true,"valueName":"search_term_string"}}],"inLanguage":"en-US"},{"@type":"Person","@id":"https:\/\/blog.tecnoartesanos.com\/#\/schema\/person\/ec88bc1410fd158963717c4216f04807","name":"Sergio Morales","image":{"@type":"ImageObject","inLanguage":"en-US","@id":"https:\/\/blog.tecnoartesanos.com\/#\/schema\/person\/image\/","url":"https:\/\/secure.gravatar.com\/avatar\/3d45178fc8fbbe32d39278bc504fa9093f947f406ff4f1ddcfa27505ab772184?s=96&d=mm&r=g","contentUrl":"https:\/\/secure.gravatar.com\/avatar\/3d45178fc8fbbe32d39278bc504fa9093f947f406ff4f1ddcfa27505ab772184?s=96&d=mm&r=g","caption":"Sergio Morales"},"sameAs":["https:\/\/sergiomorales.space"],"url":"https:\/\/blog.tecnoartesanos.com\/index.php\/author\/sergiomorales\/"}]}},"_links":{"self":[{"href":"https:\/\/blog.tecnoartesanos.com\/index.php\/wp-json\/wp\/v2\/posts\/736","targetHints":{"allow":["GET"]}}],"collection":[{"href":"https:\/\/blog.tecnoartesanos.com\/index.php\/wp-json\/wp\/v2\/posts"}],"about":[{"href":"https:\/\/blog.tecnoartesanos.com\/index.php\/wp-json\/wp\/v2\/types\/post"}],"author":[{"embeddable":true,"href":"https:\/\/blog.tecnoartesanos.com\/index.php\/wp-json\/wp\/v2\/users\/2"}],"replies":[{"embeddable":true,"href":"https:\/\/blog.tecnoartesanos.com\/index.php\/wp-json\/wp\/v2\/comments?post=736"}],"version-history":[{"count":0,"href":"https:\/\/blog.tecnoartesanos.com\/index.php\/wp-json\/wp\/v2\/posts\/736\/revisions"}],"wp:featuredmedia":[{"embeddable":true,"href":"https:\/\/blog.tecnoartesanos.com\/index.php\/wp-json\/wp\/v2\/media\/737"}],"wp:attachment":[{"href":"https:\/\/blog.tecnoartesanos.com\/index.php\/wp-json\/wp\/v2\/media?parent=736"}],"wp:term":[{"taxonomy":"category","embeddable":true,"href":"https:\/\/blog.tecnoartesanos.com\/index.php\/wp-json\/wp\/v2\/categories?post=736"},{"taxonomy":"post_tag","embeddable":true,"href":"https:\/\/blog.tecnoartesanos.com\/index.php\/wp-json\/wp\/v2\/tags?post=736"}],"curies":[{"name":"wp","href":"https:\/\/api.w.org\/{rel}","templated":true}]}}