{"id":694,"date":"2025-04-08T15:56:58","date_gmt":"2025-04-08T15:56:58","guid":{"rendered":"http:\/\/67f533c07434880d14559a05"},"modified":"2025-04-08T15:56:58","modified_gmt":"2025-04-08T15:56:58","slug":"como-fue-la-reaccion-de-los-mercados-bursatiles-globales-ante-los-aranceles-de-trump","status":"publish","type":"post","link":"https:\/\/blog.tecnoartesanos.com\/index.php\/2025\/04\/08\/como-fue-la-reaccion-de-los-mercados-bursatiles-globales-ante-los-aranceles-de-trump\/","title":{"rendered":"C\u00f3mo fue la reacci\u00f3n de los mercados burs\u00e1tiles globales ante los aranceles de Trump"},"content":{"rendered":"<div class=\"media_block\"><img decoding=\"async\" src=\"https:\/\/media.es.wired.com\/photos\/67f533c00b606b355e610b32\/master\/pass\/2208451972\" class=\"media_thumbnail\"><\/div>\n<p>Como muestra el gr\u00e1fico, en los d\u00edas siguientes al anuncio de la introducci\u00f3n de <a href=\"https:\/\/es.wired.com\/articulos\/aranceles-de-ee-uu-al-acero-y-aluminio-entran-en-vigor-estos-son-los-productos-mas-afectados\">aranceles en EE UU<\/a>, todas las bolsas consideradas cerraron en terreno negativo. La p\u00e9rdida m\u00e1s significativa se registr\u00f3 en Par\u00eds, donde el \u00edndice CAC registr\u00f3 un -4.2% tras el anuncio arancelario de Trump. Adem\u00e1s es la \u00fanica compa\u00f1\u00eda que logr\u00f3 repuntar al d\u00eda siguiente, cerrando el viernes 3 de abril con un alza del 1.3%.<\/p>\n<p>En el momento de redactar este art\u00edculo, Hong Kong y Tokio ya han anunciado el cierre de su sesi\u00f3n burs\u00e1til. El primero cerr\u00f3 con una ca\u00edda del 13.22% , la peor cifra desde 1997, el segundo un 7.8%.<\/p>\n<hr>\n<div class=\"ContentCardEmbedWrapper-kULtsE iGAJsG content-card-embed content-card-embed--stacked\" data-testid=\"ContentCardEmbedWrapper\" readability=\"24.941860465116\">\n<div class=\"ContentCardEmbedImage-iwqgVw jlIubp content-card-embed__image\" data-testid=\"ContentCardEmbedImage\"><span class=\"SpanWrapper-umhxW jvZaPI responsive-asset\"><picture class=\"ResponsiveImagePicture-cWuUZO dUOtEa responsive-image\"><img decoding=\"async\" alt=\"Un cartel sobre la guerra comercial de Trump detr\u00e1s del senador estadounidense Tim Kaine (D-VA) mientras habla con los periodistas tras el almuerzo semanal de pol\u00edtica del Senado dem\u00f3crata en el Capitolio de Estados Unidos el 01 de abril de 2025 en Washington, DC. \" class=\"ResponsiveImageContainer-eybHBd fptoWY responsive-image__image\" src=\"https:\/\/media.es.wired.com\/photos\/67eed8f09b3f8143b62ed504\/master\/w_775%2Cc_limit\/GettyImages-2208000048.jpg\" srcset=\"https:\/\/media.es.wired.com\/photos\/67eed8f09b3f8143b62ed504\/master\/w_120,c_limit\/GettyImages-2208000048.jpg 120w, https:\/\/media.es.wired.com\/photos\/67eed8f09b3f8143b62ed504\/master\/w_240,c_limit\/GettyImages-2208000048.jpg 240w, https:\/\/media.es.wired.com\/photos\/67eed8f09b3f8143b62ed504\/master\/w_320,c_limit\/GettyImages-2208000048.jpg 320w, https:\/\/media.es.wired.com\/photos\/67eed8f09b3f8143b62ed504\/master\/w_640,c_limit\/GettyImages-2208000048.jpg 640w\" sizes=\"100vw\"><\/picture><\/span><\/div>\n<div class=\"ContentCardEmbedInfo-bDftKl bGnSrq\" readability=\"27.209302325581\">\n<div class=\"BaseWrap-sc-gjQpdd BaseText-ewhhUZ ContentCardEmbedHed-kJVPGC iUEiRd cekThb cewqFA content-card-embed__hed\" data-testid=\"ContentCardEmbedHed\"><a class=\"BaseWrap-sc-gjQpdd BaseText-ewhhUZ BaseLink-eNWuiM ContentCardEmbedHedLink-eXLwe iUEiRd cekThb gqhxzW eFUKSb content-card-embed__hed-link\" href=\"https:\/\/es.wired.com\/articulos\/el-efecto-domino-de-los-aranceles-reciprocos-de-trump-en-la-industria-tecnologica\" data-testid=\"ContentCardEmbedHedLink\">El efecto domin\u00f3 de los aranceles rec\u00edprocos de Trump en la industria tecnol\u00f3gica<\/a><\/div>\n<p>Apple, Amazon y otras empresas tecnol\u00f3gicas que dependen de las cadenas de suministro globales son las que m\u00e1s pueden perder con las pol\u00edticas comerciales del presidente Trump, pero algunas compa\u00f1\u00edas de <em>software<\/em> esperan una mayor demanda de sus servicios.<\/p>\n<\/div>\n<\/div>\n<hr>\n<h2>Efectos en las grandes tecnol\u00f3gicas<\/h2>\n<p>\u00bfC\u00f3mo reaccionaron los valores relacionados con las grandes empresas tecnol\u00f3gicas al anuncio de la introducci\u00f3n de aranceles? Una vez m\u00e1s, no les fue muy bien a los &#8220;7 magn\u00edficos&#8221;.<\/p>\n<p><strong>La <a href=\"https:\/\/es.wired.com\/articulos\/ventas-anuales-de-tesla-caen-por-primera-vez-pero-sector-de-vehiculos-electricos-sigue-creciendo\">ca\u00edda m\u00e1s significativa la registr\u00f3 Tesla<\/a>, que solo un d\u00eda antes de la introducci\u00f3n de los nuevos aranceles estadounidenses hab\u00eda experimentado una subida de m\u00e1s del 11%<\/strong> vinculada a los rumores sobre una posible renuncia de su CEO, Elon Musk, al <a href=\"https:\/\/es.wired.com\/articulos\/es-un-asalto-auditores-con-experiencia-hablan-sobre-doge-el-departamento-de-eficiencia-de-musk-y-trump\">Departamento de Eficiencia Gubernamental (DOGE),<\/a> la pol\u00e9mica comisi\u00f3n que asesora al <a href=\"https:\/\/es.wired.com\/tag\/donald-trump\">presidente Trump<\/a>.<\/p>\n<figure class=\"AssetEmbedWrapper-eVDQiB byBkf asset-embed\">\n<div class=\"AssetEmbedAssetContainer-eJxoAx dBHGoQ asset-embed__asset-container\"><span class=\"SpanWrapper-umhxW kGxnNB responsive-asset AssetEmbedResponsiveAsset-cXBNxi eCxVQK asset-embed__responsive-asset\"><picture class=\"ResponsiveImagePicture-cWuUZO dUOtEa AssetEmbedResponsiveAsset-cXBNxi eCxVQK asset-embed__responsive-asset responsive-image\"><noscript><img decoding=\"async\" alt=\"Los efectos de los aranceles estadounidenses sobre las grandes tecnol\u00f3gicas.\" class=\"ResponsiveImageContainer-eybHBd fptoWY responsive-image__image\" src=\"https:\/\/media.es.wired.com\/photos\/67f53b8717678594866393d9\/master\/w_1600%2Cc_limit\/Captura%2520de%2520pantalla%25202025-04-08%2520a%2520la(s)%25209.06.36%25E2%2580%25AFa.m..png\" srcset=\"https:\/\/media.es.wired.com\/photos\/67f53b8717678594866393d9\/master\/w_120,c_limit\/Captura%20de%20pantalla%202025-04-08%20a%20la(s)%209.06.36%E2%80%AFa.m..png 120w, https:\/\/media.es.wired.com\/photos\/67f53b8717678594866393d9\/master\/w_240,c_limit\/Captura%20de%20pantalla%202025-04-08%20a%20la(s)%209.06.36%E2%80%AFa.m..png 240w, https:\/\/media.es.wired.com\/photos\/67f53b8717678594866393d9\/master\/w_320,c_limit\/Captura%20de%20pantalla%202025-04-08%20a%20la(s)%209.06.36%E2%80%AFa.m..png 320w, https:\/\/media.es.wired.com\/photos\/67f53b8717678594866393d9\/master\/w_640,c_limit\/Captura%20de%20pantalla%202025-04-08%20a%20la(s)%209.06.36%E2%80%AFa.m..png 640w, https:\/\/media.es.wired.com\/photos\/67f53b8717678594866393d9\/master\/w_960,c_limit\/Captura%20de%20pantalla%202025-04-08%20a%20la(s)%209.06.36%E2%80%AFa.m..png 960w, https:\/\/media.es.wired.com\/photos\/67f53b8717678594866393d9\/master\/w_1280,c_limit\/Captura%20de%20pantalla%202025-04-08%20a%20la(s)%209.06.36%E2%80%AFa.m..png 1280w, https:\/\/media.es.wired.com\/photos\/67f53b8717678594866393d9\/master\/w_1600,c_limit\/Captura%20de%20pantalla%202025-04-08%20a%20la(s)%209.06.36%E2%80%AFa.m..png 1600w\" sizes=\"100vw\"><\/noscript><\/picture><\/span><\/div>\n<div class=\"CaptionWrapper-jSZdqE fJvQtP caption AssetEmbedCaption-fNQBPI dDrfgT asset-embed__caption\" data-testid=\"caption-wrapper\" readability=\"6\"><span class=\"BaseWrap-sc-gjQpdd BaseText-ewhhUZ CaptionText-bHjzlu iUEiRd kVUvEC iXWezO caption__text\" readability=\"27\"><\/p>\n<p>Los efectos de los aranceles estadounidenses sobre las grandes tecnol\u00f3gicas.<\/p>\n<p><\/span><span class=\"BaseWrap-sc-gjQpdd BaseText-ewhhUZ CaptionCredit-ejegDm iUEiRd isTgyB fNaHcW caption__credit\">Ilustraci\u00f3n: WIRED Italia v\u00eda Yahoo! Finanzas<\/span><\/div>\n<\/figure>\n<p>La semana pasada, las acciones de la gigante estadounidense de <a href=\"https:\/\/es.wired.com\/articulos\/estos-son-los-mejores-autos-electricos-que-llegaran-en-2025\">autom\u00f3viles el\u00e9ctricos<\/a> cerraron con una ca\u00edda del 6.25%. Musk reconoci\u00f3 que el impacto de los aranceles en el precio futuro de los veh\u00edculos era &#8220;significativo&#8221;, hasta el punto de que lleg\u00f3 a sugerir zonas libres de aranceles entre Europa y EE UU en el congreso del partido ultraderechista italiano Liga, al que acudi\u00f3 como invitado. Entre las empresas consideradas, solo Amazon consigui\u00f3 revertir la ca\u00edda del 2.5% del jueves 3 de abril, cerrando al d\u00eda siguiente con una subida del 2.3%.<\/p>\n<p><em>Art\u00edculo originalmente publicado en<\/em> <a href=\"https:\/\/www.wired.it\/article\/dazi-usa-borse-effetti-cali-listini-big-tech\/\">WIRED Italia<\/a><em>. Adaptado por Alondra Flores.<\/em><\/p>\n","protected":false},"excerpt":{"rendered":"<p>Como muestra el gr\u00e1fico, en los d\u00edas siguientes al anuncio de la introducci\u00f3n de aranceles en EE UU, todas las bolsas consideradas cerraron en terreno negativo. La p\u00e9rdida m\u00e1s significativa se registr\u00f3 en Par\u00eds, donde el \u00edndice CAC registr\u00f3 un -4.2% tras el anuncio arancelario de Trump. Adem\u00e1s es la \u00fanica compa\u00f1\u00eda que logr\u00f3 repuntar [&hellip;]<\/p>\n","protected":false},"author":2,"featured_media":695,"comment_status":"closed","ping_status":"closed","sticky":false,"template":"","format":"standard","meta":{"footnotes":""},"categories":[1],"tags":[],"class_list":["post-694","post","type-post","status-publish","format-standard","has-post-thumbnail","hentry","category-technology"],"yoast_head":"<!-- This site is optimized with the Yoast SEO plugin v24.5 - https:\/\/yoast.com\/wordpress\/plugins\/seo\/ -->\n<title>C\u00f3mo fue la reacci\u00f3n de los mercados burs\u00e1tiles globales ante los aranceles de Trump - TecnoArtesanos Tech Blog<\/title>\n<meta name=\"robots\" content=\"index, follow, max-snippet:-1, max-image-preview:large, max-video-preview:-1\" \/>\n<link rel=\"canonical\" href=\"https:\/\/blog.tecnoartesanos.com\/index.php\/2025\/04\/08\/como-fue-la-reaccion-de-los-mercados-bursatiles-globales-ante-los-aranceles-de-trump\/\" \/>\n<meta property=\"og:locale\" content=\"en_US\" \/>\n<meta property=\"og:type\" content=\"article\" \/>\n<meta property=\"og:title\" content=\"C\u00f3mo fue la reacci\u00f3n de los mercados burs\u00e1tiles globales ante los aranceles de Trump - TecnoArtesanos Tech Blog\" \/>\n<meta property=\"og:description\" content=\"Como muestra el gr\u00e1fico, en los d\u00edas siguientes al anuncio de la introducci\u00f3n de aranceles en EE UU, todas las bolsas consideradas cerraron en terreno negativo. La p\u00e9rdida m\u00e1s significativa se registr\u00f3 en Par\u00eds, donde el \u00edndice CAC registr\u00f3 un -4.2% tras el anuncio arancelario de Trump. Adem\u00e1s es la \u00fanica compa\u00f1\u00eda que logr\u00f3 repuntar [&hellip;]\" \/>\n<meta property=\"og:url\" content=\"https:\/\/blog.tecnoartesanos.com\/index.php\/2025\/04\/08\/como-fue-la-reaccion-de-los-mercados-bursatiles-globales-ante-los-aranceles-de-trump\/\" \/>\n<meta property=\"og:site_name\" content=\"TecnoArtesanos Tech Blog\" \/>\n<meta property=\"article:published_time\" content=\"2025-04-08T15:56:58+00:00\" \/>\n<meta property=\"og:image\" content=\"https:\/\/media.es.wired.com\/photos\/67f533c00b606b355e610b32\/master\/pass\/2208451972\" \/>\n<meta name=\"author\" content=\"Sergio Morales\" \/>\n<meta name=\"twitter:card\" content=\"summary_large_image\" \/>\n<meta name=\"twitter:label1\" content=\"Written by\" \/>\n\t<meta name=\"twitter:data1\" content=\"Sergio Morales\" \/>\n\t<meta name=\"twitter:label2\" content=\"Est. reading time\" \/>\n\t<meta name=\"twitter:data2\" content=\"2 minutes\" \/>\n<script type=\"application\/ld+json\" class=\"yoast-schema-graph\">{\"@context\":\"https:\/\/schema.org\",\"@graph\":[{\"@type\":\"WebPage\",\"@id\":\"https:\/\/blog.tecnoartesanos.com\/index.php\/2025\/04\/08\/como-fue-la-reaccion-de-los-mercados-bursatiles-globales-ante-los-aranceles-de-trump\/\",\"url\":\"https:\/\/blog.tecnoartesanos.com\/index.php\/2025\/04\/08\/como-fue-la-reaccion-de-los-mercados-bursatiles-globales-ante-los-aranceles-de-trump\/\",\"name\":\"C\u00f3mo fue la reacci\u00f3n de los mercados burs\u00e1tiles globales ante los aranceles de Trump - TecnoArtesanos Tech Blog\",\"isPartOf\":{\"@id\":\"https:\/\/blog.tecnoartesanos.com\/#website\"},\"primaryImageOfPage\":{\"@id\":\"https:\/\/blog.tecnoartesanos.com\/index.php\/2025\/04\/08\/como-fue-la-reaccion-de-los-mercados-bursatiles-globales-ante-los-aranceles-de-trump\/#primaryimage\"},\"image\":{\"@id\":\"https:\/\/blog.tecnoartesanos.com\/index.php\/2025\/04\/08\/como-fue-la-reaccion-de-los-mercados-bursatiles-globales-ante-los-aranceles-de-trump\/#primaryimage\"},\"thumbnailUrl\":\"https:\/\/blog.tecnoartesanos.com\/wp-content\/uploads\/2025\/04\/como-fue-la-reaccion-de-los-mercados-bursatiles-globales-ante-los-aranceles-de-trump.jpg\",\"datePublished\":\"2025-04-08T15:56:58+00:00\",\"author\":{\"@id\":\"https:\/\/blog.tecnoartesanos.com\/#\/schema\/person\/ec88bc1410fd158963717c4216f04807\"},\"breadcrumb\":{\"@id\":\"https:\/\/blog.tecnoartesanos.com\/index.php\/2025\/04\/08\/como-fue-la-reaccion-de-los-mercados-bursatiles-globales-ante-los-aranceles-de-trump\/#breadcrumb\"},\"inLanguage\":\"en-US\",\"potentialAction\":[{\"@type\":\"ReadAction\",\"target\":[\"https:\/\/blog.tecnoartesanos.com\/index.php\/2025\/04\/08\/como-fue-la-reaccion-de-los-mercados-bursatiles-globales-ante-los-aranceles-de-trump\/\"]}]},{\"@type\":\"ImageObject\",\"inLanguage\":\"en-US\",\"@id\":\"https:\/\/blog.tecnoartesanos.com\/index.php\/2025\/04\/08\/como-fue-la-reaccion-de-los-mercados-bursatiles-globales-ante-los-aranceles-de-trump\/#primaryimage\",\"url\":\"https:\/\/blog.tecnoartesanos.com\/wp-content\/uploads\/2025\/04\/como-fue-la-reaccion-de-los-mercados-bursatiles-globales-ante-los-aranceles-de-trump.jpg\",\"contentUrl\":\"https:\/\/blog.tecnoartesanos.com\/wp-content\/uploads\/2025\/04\/como-fue-la-reaccion-de-los-mercados-bursatiles-globales-ante-los-aranceles-de-trump.jpg\",\"width\":775,\"height\":517},{\"@type\":\"BreadcrumbList\",\"@id\":\"https:\/\/blog.tecnoartesanos.com\/index.php\/2025\/04\/08\/como-fue-la-reaccion-de-los-mercados-bursatiles-globales-ante-los-aranceles-de-trump\/#breadcrumb\",\"itemListElement\":[{\"@type\":\"ListItem\",\"position\":1,\"name\":\"Home\",\"item\":\"https:\/\/blog.tecnoartesanos.com\/\"},{\"@type\":\"ListItem\",\"position\":2,\"name\":\"C\u00f3mo fue la reacci\u00f3n de los mercados burs\u00e1tiles globales ante los aranceles de Trump\"}]},{\"@type\":\"WebSite\",\"@id\":\"https:\/\/blog.tecnoartesanos.com\/#website\",\"url\":\"https:\/\/blog.tecnoartesanos.com\/\",\"name\":\"TecnoArtesanos Tech Blog\",\"description\":\"\",\"potentialAction\":[{\"@type\":\"SearchAction\",\"target\":{\"@type\":\"EntryPoint\",\"urlTemplate\":\"https:\/\/blog.tecnoartesanos.com\/?s={search_term_string}\"},\"query-input\":{\"@type\":\"PropertyValueSpecification\",\"valueRequired\":true,\"valueName\":\"search_term_string\"}}],\"inLanguage\":\"en-US\"},{\"@type\":\"Person\",\"@id\":\"https:\/\/blog.tecnoartesanos.com\/#\/schema\/person\/ec88bc1410fd158963717c4216f04807\",\"name\":\"Sergio Morales\",\"image\":{\"@type\":\"ImageObject\",\"inLanguage\":\"en-US\",\"@id\":\"https:\/\/blog.tecnoartesanos.com\/#\/schema\/person\/image\/\",\"url\":\"https:\/\/secure.gravatar.com\/avatar\/3d45178fc8fbbe32d39278bc504fa9093f947f406ff4f1ddcfa27505ab772184?s=96&d=mm&r=g\",\"contentUrl\":\"https:\/\/secure.gravatar.com\/avatar\/3d45178fc8fbbe32d39278bc504fa9093f947f406ff4f1ddcfa27505ab772184?s=96&d=mm&r=g\",\"caption\":\"Sergio Morales\"},\"sameAs\":[\"https:\/\/sergiomorales.space\"],\"url\":\"https:\/\/blog.tecnoartesanos.com\/index.php\/author\/sergiomorales\/\"}]}<\/script>\n<!-- \/ Yoast SEO plugin. -->","yoast_head_json":{"title":"C\u00f3mo fue la reacci\u00f3n de los mercados burs\u00e1tiles globales ante los aranceles de Trump - TecnoArtesanos Tech Blog","robots":{"index":"index","follow":"follow","max-snippet":"max-snippet:-1","max-image-preview":"max-image-preview:large","max-video-preview":"max-video-preview:-1"},"canonical":"https:\/\/blog.tecnoartesanos.com\/index.php\/2025\/04\/08\/como-fue-la-reaccion-de-los-mercados-bursatiles-globales-ante-los-aranceles-de-trump\/","og_locale":"en_US","og_type":"article","og_title":"C\u00f3mo fue la reacci\u00f3n de los mercados burs\u00e1tiles globales ante los aranceles de Trump - TecnoArtesanos Tech Blog","og_description":"Como muestra el gr\u00e1fico, en los d\u00edas siguientes al anuncio de la introducci\u00f3n de aranceles en EE UU, todas las bolsas consideradas cerraron en terreno negativo. La p\u00e9rdida m\u00e1s significativa se registr\u00f3 en Par\u00eds, donde el \u00edndice CAC registr\u00f3 un -4.2% tras el anuncio arancelario de Trump. Adem\u00e1s es la \u00fanica compa\u00f1\u00eda que logr\u00f3 repuntar [&hellip;]","og_url":"https:\/\/blog.tecnoartesanos.com\/index.php\/2025\/04\/08\/como-fue-la-reaccion-de-los-mercados-bursatiles-globales-ante-los-aranceles-de-trump\/","og_site_name":"TecnoArtesanos Tech Blog","article_published_time":"2025-04-08T15:56:58+00:00","og_image":[{"url":"https:\/\/media.es.wired.com\/photos\/67f533c00b606b355e610b32\/master\/pass\/2208451972","type":"","width":"","height":""}],"author":"Sergio Morales","twitter_card":"summary_large_image","twitter_misc":{"Written by":"Sergio Morales","Est. reading time":"2 minutes"},"schema":{"@context":"https:\/\/schema.org","@graph":[{"@type":"WebPage","@id":"https:\/\/blog.tecnoartesanos.com\/index.php\/2025\/04\/08\/como-fue-la-reaccion-de-los-mercados-bursatiles-globales-ante-los-aranceles-de-trump\/","url":"https:\/\/blog.tecnoartesanos.com\/index.php\/2025\/04\/08\/como-fue-la-reaccion-de-los-mercados-bursatiles-globales-ante-los-aranceles-de-trump\/","name":"C\u00f3mo fue la reacci\u00f3n de los mercados burs\u00e1tiles globales ante los aranceles de Trump - TecnoArtesanos Tech Blog","isPartOf":{"@id":"https:\/\/blog.tecnoartesanos.com\/#website"},"primaryImageOfPage":{"@id":"https:\/\/blog.tecnoartesanos.com\/index.php\/2025\/04\/08\/como-fue-la-reaccion-de-los-mercados-bursatiles-globales-ante-los-aranceles-de-trump\/#primaryimage"},"image":{"@id":"https:\/\/blog.tecnoartesanos.com\/index.php\/2025\/04\/08\/como-fue-la-reaccion-de-los-mercados-bursatiles-globales-ante-los-aranceles-de-trump\/#primaryimage"},"thumbnailUrl":"https:\/\/blog.tecnoartesanos.com\/wp-content\/uploads\/2025\/04\/como-fue-la-reaccion-de-los-mercados-bursatiles-globales-ante-los-aranceles-de-trump.jpg","datePublished":"2025-04-08T15:56:58+00:00","author":{"@id":"https:\/\/blog.tecnoartesanos.com\/#\/schema\/person\/ec88bc1410fd158963717c4216f04807"},"breadcrumb":{"@id":"https:\/\/blog.tecnoartesanos.com\/index.php\/2025\/04\/08\/como-fue-la-reaccion-de-los-mercados-bursatiles-globales-ante-los-aranceles-de-trump\/#breadcrumb"},"inLanguage":"en-US","potentialAction":[{"@type":"ReadAction","target":["https:\/\/blog.tecnoartesanos.com\/index.php\/2025\/04\/08\/como-fue-la-reaccion-de-los-mercados-bursatiles-globales-ante-los-aranceles-de-trump\/"]}]},{"@type":"ImageObject","inLanguage":"en-US","@id":"https:\/\/blog.tecnoartesanos.com\/index.php\/2025\/04\/08\/como-fue-la-reaccion-de-los-mercados-bursatiles-globales-ante-los-aranceles-de-trump\/#primaryimage","url":"https:\/\/blog.tecnoartesanos.com\/wp-content\/uploads\/2025\/04\/como-fue-la-reaccion-de-los-mercados-bursatiles-globales-ante-los-aranceles-de-trump.jpg","contentUrl":"https:\/\/blog.tecnoartesanos.com\/wp-content\/uploads\/2025\/04\/como-fue-la-reaccion-de-los-mercados-bursatiles-globales-ante-los-aranceles-de-trump.jpg","width":775,"height":517},{"@type":"BreadcrumbList","@id":"https:\/\/blog.tecnoartesanos.com\/index.php\/2025\/04\/08\/como-fue-la-reaccion-de-los-mercados-bursatiles-globales-ante-los-aranceles-de-trump\/#breadcrumb","itemListElement":[{"@type":"ListItem","position":1,"name":"Home","item":"https:\/\/blog.tecnoartesanos.com\/"},{"@type":"ListItem","position":2,"name":"C\u00f3mo fue la reacci\u00f3n de los mercados burs\u00e1tiles globales ante los aranceles de Trump"}]},{"@type":"WebSite","@id":"https:\/\/blog.tecnoartesanos.com\/#website","url":"https:\/\/blog.tecnoartesanos.com\/","name":"TecnoArtesanos Tech Blog","description":"","potentialAction":[{"@type":"SearchAction","target":{"@type":"EntryPoint","urlTemplate":"https:\/\/blog.tecnoartesanos.com\/?s={search_term_string}"},"query-input":{"@type":"PropertyValueSpecification","valueRequired":true,"valueName":"search_term_string"}}],"inLanguage":"en-US"},{"@type":"Person","@id":"https:\/\/blog.tecnoartesanos.com\/#\/schema\/person\/ec88bc1410fd158963717c4216f04807","name":"Sergio Morales","image":{"@type":"ImageObject","inLanguage":"en-US","@id":"https:\/\/blog.tecnoartesanos.com\/#\/schema\/person\/image\/","url":"https:\/\/secure.gravatar.com\/avatar\/3d45178fc8fbbe32d39278bc504fa9093f947f406ff4f1ddcfa27505ab772184?s=96&d=mm&r=g","contentUrl":"https:\/\/secure.gravatar.com\/avatar\/3d45178fc8fbbe32d39278bc504fa9093f947f406ff4f1ddcfa27505ab772184?s=96&d=mm&r=g","caption":"Sergio Morales"},"sameAs":["https:\/\/sergiomorales.space"],"url":"https:\/\/blog.tecnoartesanos.com\/index.php\/author\/sergiomorales\/"}]}},"_links":{"self":[{"href":"https:\/\/blog.tecnoartesanos.com\/index.php\/wp-json\/wp\/v2\/posts\/694","targetHints":{"allow":["GET"]}}],"collection":[{"href":"https:\/\/blog.tecnoartesanos.com\/index.php\/wp-json\/wp\/v2\/posts"}],"about":[{"href":"https:\/\/blog.tecnoartesanos.com\/index.php\/wp-json\/wp\/v2\/types\/post"}],"author":[{"embeddable":true,"href":"https:\/\/blog.tecnoartesanos.com\/index.php\/wp-json\/wp\/v2\/users\/2"}],"replies":[{"embeddable":true,"href":"https:\/\/blog.tecnoartesanos.com\/index.php\/wp-json\/wp\/v2\/comments?post=694"}],"version-history":[{"count":0,"href":"https:\/\/blog.tecnoartesanos.com\/index.php\/wp-json\/wp\/v2\/posts\/694\/revisions"}],"wp:featuredmedia":[{"embeddable":true,"href":"https:\/\/blog.tecnoartesanos.com\/index.php\/wp-json\/wp\/v2\/media\/695"}],"wp:attachment":[{"href":"https:\/\/blog.tecnoartesanos.com\/index.php\/wp-json\/wp\/v2\/media?parent=694"}],"wp:term":[{"taxonomy":"category","embeddable":true,"href":"https:\/\/blog.tecnoartesanos.com\/index.php\/wp-json\/wp\/v2\/categories?post=694"},{"taxonomy":"post_tag","embeddable":true,"href":"https:\/\/blog.tecnoartesanos.com\/index.php\/wp-json\/wp\/v2\/tags?post=694"}],"curies":[{"name":"wp","href":"https:\/\/api.w.org\/{rel}","templated":true}]}}