{"id":678,"date":"2025-04-07T17:51:48","date_gmt":"2025-04-07T17:51:48","guid":{"rendered":"http:\/\/67f3f540b661cd3606d92dc6"},"modified":"2025-04-07T17:51:48","modified_gmt":"2025-04-07T17:51:48","slug":"el-precio-del-iphone-podria-crecer-desmesuradamente-debido-a-los-aranceles-de-trump","status":"publish","type":"post","link":"https:\/\/blog.tecnoartesanos.com\/index.php\/2025\/04\/07\/el-precio-del-iphone-podria-crecer-desmesuradamente-debido-a-los-aranceles-de-trump\/","title":{"rendered":"El precio del iPhone podr\u00eda crecer desmesuradamente debido a los aranceles de Trump"},"content":{"rendered":"<div class=\"media_block\"><img decoding=\"async\" src=\"https:\/\/media.es.wired.com\/photos\/67f3f540dc25759d77563281\/master\/pass\/2202644310\" class=\"media_thumbnail\"><\/div>\n<p>Las medidas arancelarias del presidente Trump son cada vez m\u00e1s controversiales para el sector tecnol\u00f3gico en EE UU y en el mundo. Los expertos anticipan que, tras la decisi\u00f3n de la administraci\u00f3n republicana de imponer impuestos significativos a los productos envasados fuera de las fronteras, el precio de los iPhones podr\u00eda aumentar exponencialmente. <strong>Las estimaciones m\u00e1s pesimistas prev\u00e9n un aumento del 43% para los <em>smartphones<\/em> de Cupertino, as\u00ed como para otras l\u00edneas de productos, como el iPad, los AirPods y el Apple Watch.<\/strong><\/p>\n<hr>\n<div class=\"ContentCardEmbedWrapper-kULtsE iGAJsG content-card-embed content-card-embed--stacked\" data-testid=\"ContentCardEmbedWrapper\" readability=\"21.106382978723\">\n<div class=\"ContentCardEmbedImage-iwqgVw jlIubp content-card-embed__image\" data-testid=\"ContentCardEmbedImage\"><span class=\"SpanWrapper-umhxW jvZaPI responsive-asset\"><picture class=\"ResponsiveImagePicture-cWuUZO dUOtEa responsive-image\"><img decoding=\"async\" alt=\"Donald Trump sostiene una pizarra con los aranceles rec\u00edprocos enumerados.\" class=\"ResponsiveImageContainer-eybHBd fptoWY responsive-image__image\" src=\"https:\/\/media.es.wired.com\/photos\/67effa911b248af96362b55d\/master\/w_775%2Cc_limit\/040325-politics-trump-tariffs.jpg\" srcset=\"https:\/\/media.es.wired.com\/photos\/67effa911b248af96362b55d\/master\/w_120,c_limit\/040325-politics-trump-tariffs.jpg 120w, https:\/\/media.es.wired.com\/photos\/67effa911b248af96362b55d\/master\/w_240,c_limit\/040325-politics-trump-tariffs.jpg 240w, https:\/\/media.es.wired.com\/photos\/67effa911b248af96362b55d\/master\/w_320,c_limit\/040325-politics-trump-tariffs.jpg 320w, https:\/\/media.es.wired.com\/photos\/67effa911b248af96362b55d\/master\/w_640,c_limit\/040325-politics-trump-tariffs.jpg 640w\" sizes=\"100vw\"><\/picture><\/span><\/div>\n<div class=\"ContentCardEmbedInfo-bDftKl bGnSrq\" readability=\"22.425531914894\">\n<div class=\"BaseWrap-sc-gjQpdd BaseText-ewhhUZ ContentCardEmbedHed-kJVPGC iUEiRd cekThb cewqFA content-card-embed__hed\" data-testid=\"ContentCardEmbedHed\"><a class=\"BaseWrap-sc-gjQpdd BaseText-ewhhUZ BaseLink-eNWuiM ContentCardEmbedHedLink-eXLwe iUEiRd cekThb gqhxzW eFUKSb content-card-embed__hed-link\" href=\"https:\/\/es.wired.com\/articulos\/los-aranceles-de-ee-uu-son-un-reflejo-de-como-funciona-la-administracion-trump\" data-testid=\"ContentCardEmbedHedLink\">Los aranceles de EE UU son un reflejo de c\u00f3mo funciona la administraci\u00f3n Trump<\/a><\/div>\n<p>Estados Unidos se precipita hacia una recesi\u00f3n sin motivo, arrastrando consigo al mundo y a unos cuantos miles de ping\u00fcinos de islas ant\u00e1rticas remotas.<\/p>\n<\/div>\n<\/div>\n<hr>\n<h2>Los precios subir\u00e1n para EE UU<\/h2>\n<p>Adem\u00e1s de las <a href=\"https:\/\/es.wired.com\/articulos\/sectores-mexicanos-que-resentiran-los-aranceles-de-trump-si-entran-en-vigor-el-3-de-marzo\">implicaciones arancelarias<\/a> contra pa\u00edses que ofertan bienes y servicios reales, como China con un 54%, Vietnam con un 46%, Camboya un 49% y Corea del Sur con un 25%, la decisi\u00f3n de Trump tendr\u00e1 un efecto puntual en la econom\u00eda estadounidense. De estos pa\u00edses llegan la mayor\u00eda de los componentes utilizados en <a href=\"https:\/\/es.wired.com\/articulos\/los-aranceles-de-ee-uu-son-un-reflejo-de-como-funciona-la-administracion-trump\">el ensamblaje de dispositivos<\/a> del ecosistema Apple.<\/p>\n<p><strong><a href=\"https:\/\/es.wired.com\/articulos\/regulacion-tecnologica-en-china-como-limita-a-empresas-e-influencers\">China sigue siendo el principal centro de operaciones<\/a> de la gigante de Cupertino, seguida por la influencia de Vietnam en el ensamblaje de productos como AirPods, Apple Watches y MacBooks<\/strong>, diversificando su cadena con pa\u00edses como India y Tailandia. La lista de aranceles tambi\u00e9n alcanza a otros proveedores, como Irlanda, con un 20%, pa\u00eds que alberga f\u00e1bricas para la producci\u00f3n de modelos de iMac.<\/p>\n<figure class=\"AssetEmbedWrapper-eVDQiB byBkf asset-embed\">\n<div class=\"AssetEmbedAssetContainer-eJxoAx dBHGoQ asset-embed__asset-container\"><span class=\"SpanWrapper-umhxW kGxnNB responsive-asset AssetEmbedResponsiveAsset-cXBNxi eCxVQK asset-embed__responsive-asset\"><picture class=\"ResponsiveImagePicture-cWuUZO dUOtEa AssetEmbedResponsiveAsset-cXBNxi eCxVQK asset-embed__responsive-asset responsive-image\"><noscript><img decoding=\"async\" alt=\"Una computadora MacBook un iPad y un iPhone\" class=\"ResponsiveImageContainer-eybHBd fptoWY responsive-image__image\" src=\"https:\/\/media.es.wired.com\/photos\/67b634a5cd7463e948951df3\/master\/w_1600%2Cc_limit\/Apple-Intelligence-Offwhite-Background-SOURCE-Apple.jpg\" srcset=\"https:\/\/media.es.wired.com\/photos\/67b634a5cd7463e948951df3\/master\/w_120,c_limit\/Apple-Intelligence-Offwhite-Background-SOURCE-Apple.jpg 120w, https:\/\/media.es.wired.com\/photos\/67b634a5cd7463e948951df3\/master\/w_240,c_limit\/Apple-Intelligence-Offwhite-Background-SOURCE-Apple.jpg 240w, https:\/\/media.es.wired.com\/photos\/67b634a5cd7463e948951df3\/master\/w_320,c_limit\/Apple-Intelligence-Offwhite-Background-SOURCE-Apple.jpg 320w, https:\/\/media.es.wired.com\/photos\/67b634a5cd7463e948951df3\/master\/w_640,c_limit\/Apple-Intelligence-Offwhite-Background-SOURCE-Apple.jpg 640w, https:\/\/media.es.wired.com\/photos\/67b634a5cd7463e948951df3\/master\/w_960,c_limit\/Apple-Intelligence-Offwhite-Background-SOURCE-Apple.jpg 960w, https:\/\/media.es.wired.com\/photos\/67b634a5cd7463e948951df3\/master\/w_1280,c_limit\/Apple-Intelligence-Offwhite-Background-SOURCE-Apple.jpg 1280w, https:\/\/media.es.wired.com\/photos\/67b634a5cd7463e948951df3\/master\/w_1600,c_limit\/Apple-Intelligence-Offwhite-Background-SOURCE-Apple.jpg 1600w\" sizes=\"100vw\"><\/noscript><\/picture><\/span><\/div>\n<div class=\"CaptionWrapper-jSZdqE fJvQtP caption AssetEmbedCaption-fNQBPI dDrfgT asset-embed__caption\" data-testid=\"caption-wrapper\" readability=\"6\"><span class=\"BaseWrap-sc-gjQpdd BaseText-ewhhUZ CaptionText-bHjzlu iUEiRd kVUvEC iXWezO caption__text\" readability=\"27\"><\/p>\n<p>El aumento de los costos de los componentes y del ensamblaje podr\u00eda reflejarse pr\u00f3ximo verano.<\/p>\n<p><\/span><span class=\"BaseWrap-sc-gjQpdd BaseText-ewhhUZ CaptionCredit-ejegDm iUEiRd isTgyB fNaHcW caption__credit\">Cortes\u00eda de Apple<\/span><\/div>\n<\/figure>\n<hr>\n<div class=\"ContentCardEmbedWrapper-kULtsE iGAJsG content-card-embed content-card-embed--stacked\" data-testid=\"ContentCardEmbedWrapper\" readability=\"20.839857651246\">\n<div class=\"ContentCardEmbedImage-iwqgVw jlIubp content-card-embed__image\" data-testid=\"ContentCardEmbedImage\"><span class=\"SpanWrapper-umhxW jvZaPI responsive-asset\"><picture class=\"ResponsiveImagePicture-cWuUZO dUOtEa responsive-image\"><img decoding=\"async\" alt=\"aranceles rec\u00edprocos Trump M\u00e9xico 2208186491\" class=\"ResponsiveImageContainer-eybHBd fptoWY responsive-image__image\" src=\"https:\/\/media.es.wired.com\/photos\/67edb2b2f3b29d9c7442768c\/master\/w_775%2Cc_limit\/aranceles%2520rec%25C3%25ADprocos%2520Trump%2520M%25C3%25A9xico%25202208186491.jpg\" srcset=\"https:\/\/media.es.wired.com\/photos\/67edb2b2f3b29d9c7442768c\/master\/w_120,c_limit\/aranceles%20rec%C3%ADprocos%20Trump%20M%C3%A9xico%202208186491.jpg 120w, https:\/\/media.es.wired.com\/photos\/67edb2b2f3b29d9c7442768c\/master\/w_240,c_limit\/aranceles%20rec%C3%ADprocos%20Trump%20M%C3%A9xico%202208186491.jpg 240w, https:\/\/media.es.wired.com\/photos\/67edb2b2f3b29d9c7442768c\/master\/w_320,c_limit\/aranceles%20rec%C3%ADprocos%20Trump%20M%C3%A9xico%202208186491.jpg 320w, https:\/\/media.es.wired.com\/photos\/67edb2b2f3b29d9c7442768c\/master\/w_640,c_limit\/aranceles%20rec%C3%ADprocos%20Trump%20M%C3%A9xico%202208186491.jpg 640w\" sizes=\"100vw\"><\/picture><\/span><\/div>\n<div class=\"ContentCardEmbedInfo-bDftKl bGnSrq\" readability=\"22.142348754448\">\n<div class=\"BaseWrap-sc-gjQpdd BaseText-ewhhUZ ContentCardEmbedHed-kJVPGC iUEiRd cekThb cewqFA content-card-embed__hed\" data-testid=\"ContentCardEmbedHed\"><a class=\"BaseWrap-sc-gjQpdd BaseText-ewhhUZ BaseLink-eNWuiM ContentCardEmbedHedLink-eXLwe iUEiRd cekThb gqhxzW eFUKSb content-card-embed__hed-link\" href=\"https:\/\/es.wired.com\/articulos\/trump-impone-aranceles-reciprocos-mexico-exento-por-ahora\" data-testid=\"ContentCardEmbedHedLink\">Trump declara una guerra arancelaria mundial que incluye a la Uni\u00f3n Europea, Colombia y Argentina<\/a><\/div>\n<p>Las mercanc\u00edas que cumplen con lo estipulado en el Tratado entre M\u00e9xico, Estados Unidos y Canad\u00e1 (T-MEC) quedar\u00e1n exentas de los aranceles rec\u00edprocos impulsados por Donald Trump.<\/p>\n<\/div>\n<\/div>\n<hr>\n<h2>Un posible incremento del 43%<\/h2>\n<p>La estimaci\u00f3n m\u00e1s pesimista procede de la consultora de banca Rosenblatt Securities, que pronostica una subida que afectar\u00e1 sobre todo a los compradores, con un incremento de hasta el 43% en EE UU. Por ejemplo, <strong><a href=\"https:\/\/es.wired.com\/articulos\/que-modelo-de-iphone-16-deberias-comprar\">el iPhone 16<\/a> b\u00e1sico pasar\u00eda de 799 a 1,142 d\u00f3lares, mientras que el modelo Pro Max de 1 TB aumentar\u00eda de 1,600 a 2,300 d\u00f3lares.<\/strong><\/p>\n<p>La hip\u00f3tesis m\u00e1s optimista es la de JP Morgan: un <a href=\"https:\/\/es.wired.com\/articulos\/aranceles-de-ee-uu-al-acero-y-aluminio-entran-en-vigor-estos-son-los-productos-mas-afectados\">aumento de los costos en EE UU<\/a> provocar\u00eda un ajuste al alza en todas las listas de precios mundiales, con una proyecci\u00f3n de alrededor del 6%, lo que se traducir\u00eda en un aumento de 32 a 52 d\u00f3lares, seg\u00fan el modelo de iPhone.<\/p>\n<p>Trump ha declarado que el objetivo de la pol\u00edtica arancelaria es devolver los empleos manufactureros a Estados Unidos. Pero, en ese caso, <strong>seg\u00fan estimaciones del analista de <em>TechInsights<\/em>, Wayne Lam, los <a href=\"https:\/\/es.wired.com\/articulos\/trump-impone-aranceles-reciprocos-mexico-exento-por-ahora\">costos de mano de obra<\/a> para el ensamblaje se multiplicar\u00edan por diez, pasando de 30 a 300 d\u00f3lares.<\/strong> Por su parte, Dan Ives, analista de la firma de servicios financieros Wedbush, se\u00f1ala que el proyecto <em>Made in USA<\/em> (Hecho en EE UU) requerir\u00eda mucho tiempo y esfuerzo t\u00e9cnico: hasta tres a\u00f1os y una inversi\u00f3n de 30,000 millones de d\u00f3lares.<\/p>\n<p>M\u00e1s cre\u00edble es el escenario configurado por Morgan Stanley, seg\u00fan el cual Apple podr\u00eda aumentar al m\u00e1ximo sus existencias en las pr\u00f3ximas semanas y limitar as\u00ed la subida de precios para los usuarios, concentr\u00e1ndose sobre todo en los modelos de gama alta, absorbiendo el porcentaje restante entre una reducci\u00f3n de los beneficios empresariales y algunos posibles ajustes, como eliminar las denominaciones de memoria m\u00e1s bajas y retocar al alza los nuevos modelos de entrada.<\/p>\n<p><em>Art\u00edculo publicado originalmente en<\/em> <a href=\"https:\/\/www.wired.it\/article\/aumento-prezzi-iphone-dazi-usa\/\">WIRED Italia<\/a>. <em>Adaptado por Alondra Flores.<\/em><\/p>\n","protected":false},"excerpt":{"rendered":"<p>Las medidas arancelarias del presidente Trump son cada vez m\u00e1s controversiales para el sector tecnol\u00f3gico en EE UU y en el mundo. Los expertos anticipan que, tras la decisi\u00f3n de la administraci\u00f3n republicana de imponer impuestos significativos a los productos envasados fuera de las fronteras, el precio de los iPhones podr\u00eda aumentar exponencialmente. Las estimaciones [&hellip;]<\/p>\n","protected":false},"author":2,"featured_media":679,"comment_status":"closed","ping_status":"closed","sticky":false,"template":"","format":"standard","meta":{"footnotes":""},"categories":[1],"tags":[],"class_list":["post-678","post","type-post","status-publish","format-standard","has-post-thumbnail","hentry","category-technology"],"yoast_head":"<!-- This site is optimized with the Yoast SEO plugin v24.5 - https:\/\/yoast.com\/wordpress\/plugins\/seo\/ -->\n<title>El precio del iPhone podr\u00eda crecer desmesuradamente debido a los aranceles de Trump - TecnoArtesanos Tech Blog<\/title>\n<meta name=\"robots\" content=\"index, follow, max-snippet:-1, max-image-preview:large, max-video-preview:-1\" \/>\n<link rel=\"canonical\" href=\"https:\/\/blog.tecnoartesanos.com\/index.php\/2025\/04\/07\/el-precio-del-iphone-podria-crecer-desmesuradamente-debido-a-los-aranceles-de-trump\/\" \/>\n<meta property=\"og:locale\" content=\"en_US\" \/>\n<meta property=\"og:type\" content=\"article\" \/>\n<meta property=\"og:title\" content=\"El precio del iPhone podr\u00eda crecer desmesuradamente debido a los aranceles de Trump - TecnoArtesanos Tech Blog\" \/>\n<meta property=\"og:description\" content=\"Las medidas arancelarias del presidente Trump son cada vez m\u00e1s controversiales para el sector tecnol\u00f3gico en EE UU y en el mundo. Los expertos anticipan que, tras la decisi\u00f3n de la administraci\u00f3n republicana de imponer impuestos significativos a los productos envasados fuera de las fronteras, el precio de los iPhones podr\u00eda aumentar exponencialmente. Las estimaciones [&hellip;]\" \/>\n<meta property=\"og:url\" content=\"https:\/\/blog.tecnoartesanos.com\/index.php\/2025\/04\/07\/el-precio-del-iphone-podria-crecer-desmesuradamente-debido-a-los-aranceles-de-trump\/\" \/>\n<meta property=\"og:site_name\" content=\"TecnoArtesanos Tech Blog\" \/>\n<meta property=\"article:published_time\" content=\"2025-04-07T17:51:48+00:00\" \/>\n<meta property=\"og:image\" content=\"https:\/\/media.es.wired.com\/photos\/67f3f540dc25759d77563281\/master\/pass\/2202644310\" \/>\n<meta name=\"author\" content=\"Sergio Morales\" \/>\n<meta name=\"twitter:card\" content=\"summary_large_image\" \/>\n<meta name=\"twitter:label1\" content=\"Written by\" \/>\n\t<meta name=\"twitter:data1\" content=\"Sergio Morales\" \/>\n\t<meta name=\"twitter:label2\" content=\"Est. reading time\" \/>\n\t<meta name=\"twitter:data2\" content=\"3 minutes\" \/>\n<script type=\"application\/ld+json\" class=\"yoast-schema-graph\">{\"@context\":\"https:\/\/schema.org\",\"@graph\":[{\"@type\":\"WebPage\",\"@id\":\"https:\/\/blog.tecnoartesanos.com\/index.php\/2025\/04\/07\/el-precio-del-iphone-podria-crecer-desmesuradamente-debido-a-los-aranceles-de-trump\/\",\"url\":\"https:\/\/blog.tecnoartesanos.com\/index.php\/2025\/04\/07\/el-precio-del-iphone-podria-crecer-desmesuradamente-debido-a-los-aranceles-de-trump\/\",\"name\":\"El precio del iPhone podr\u00eda crecer desmesuradamente debido a los aranceles de Trump - TecnoArtesanos Tech Blog\",\"isPartOf\":{\"@id\":\"https:\/\/blog.tecnoartesanos.com\/#website\"},\"primaryImageOfPage\":{\"@id\":\"https:\/\/blog.tecnoartesanos.com\/index.php\/2025\/04\/07\/el-precio-del-iphone-podria-crecer-desmesuradamente-debido-a-los-aranceles-de-trump\/#primaryimage\"},\"image\":{\"@id\":\"https:\/\/blog.tecnoartesanos.com\/index.php\/2025\/04\/07\/el-precio-del-iphone-podria-crecer-desmesuradamente-debido-a-los-aranceles-de-trump\/#primaryimage\"},\"thumbnailUrl\":\"https:\/\/blog.tecnoartesanos.com\/wp-content\/uploads\/2025\/04\/el-precio-del-iphone-podria-crecer-desmesuradamente-debido-a-los-aranceles-de-trump.jpg\",\"datePublished\":\"2025-04-07T17:51:48+00:00\",\"author\":{\"@id\":\"https:\/\/blog.tecnoartesanos.com\/#\/schema\/person\/ec88bc1410fd158963717c4216f04807\"},\"breadcrumb\":{\"@id\":\"https:\/\/blog.tecnoartesanos.com\/index.php\/2025\/04\/07\/el-precio-del-iphone-podria-crecer-desmesuradamente-debido-a-los-aranceles-de-trump\/#breadcrumb\"},\"inLanguage\":\"en-US\",\"potentialAction\":[{\"@type\":\"ReadAction\",\"target\":[\"https:\/\/blog.tecnoartesanos.com\/index.php\/2025\/04\/07\/el-precio-del-iphone-podria-crecer-desmesuradamente-debido-a-los-aranceles-de-trump\/\"]}]},{\"@type\":\"ImageObject\",\"inLanguage\":\"en-US\",\"@id\":\"https:\/\/blog.tecnoartesanos.com\/index.php\/2025\/04\/07\/el-precio-del-iphone-podria-crecer-desmesuradamente-debido-a-los-aranceles-de-trump\/#primaryimage\",\"url\":\"https:\/\/blog.tecnoartesanos.com\/wp-content\/uploads\/2025\/04\/el-precio-del-iphone-podria-crecer-desmesuradamente-debido-a-los-aranceles-de-trump.jpg\",\"contentUrl\":\"https:\/\/blog.tecnoartesanos.com\/wp-content\/uploads\/2025\/04\/el-precio-del-iphone-podria-crecer-desmesuradamente-debido-a-los-aranceles-de-trump.jpg\",\"width\":775,\"height\":520},{\"@type\":\"BreadcrumbList\",\"@id\":\"https:\/\/blog.tecnoartesanos.com\/index.php\/2025\/04\/07\/el-precio-del-iphone-podria-crecer-desmesuradamente-debido-a-los-aranceles-de-trump\/#breadcrumb\",\"itemListElement\":[{\"@type\":\"ListItem\",\"position\":1,\"name\":\"Home\",\"item\":\"https:\/\/blog.tecnoartesanos.com\/\"},{\"@type\":\"ListItem\",\"position\":2,\"name\":\"El precio del iPhone podr\u00eda crecer desmesuradamente debido a los aranceles de Trump\"}]},{\"@type\":\"WebSite\",\"@id\":\"https:\/\/blog.tecnoartesanos.com\/#website\",\"url\":\"https:\/\/blog.tecnoartesanos.com\/\",\"name\":\"TecnoArtesanos Tech Blog\",\"description\":\"\",\"potentialAction\":[{\"@type\":\"SearchAction\",\"target\":{\"@type\":\"EntryPoint\",\"urlTemplate\":\"https:\/\/blog.tecnoartesanos.com\/?s={search_term_string}\"},\"query-input\":{\"@type\":\"PropertyValueSpecification\",\"valueRequired\":true,\"valueName\":\"search_term_string\"}}],\"inLanguage\":\"en-US\"},{\"@type\":\"Person\",\"@id\":\"https:\/\/blog.tecnoartesanos.com\/#\/schema\/person\/ec88bc1410fd158963717c4216f04807\",\"name\":\"Sergio Morales\",\"image\":{\"@type\":\"ImageObject\",\"inLanguage\":\"en-US\",\"@id\":\"https:\/\/blog.tecnoartesanos.com\/#\/schema\/person\/image\/\",\"url\":\"https:\/\/secure.gravatar.com\/avatar\/3d45178fc8fbbe32d39278bc504fa9093f947f406ff4f1ddcfa27505ab772184?s=96&d=mm&r=g\",\"contentUrl\":\"https:\/\/secure.gravatar.com\/avatar\/3d45178fc8fbbe32d39278bc504fa9093f947f406ff4f1ddcfa27505ab772184?s=96&d=mm&r=g\",\"caption\":\"Sergio Morales\"},\"sameAs\":[\"https:\/\/sergiomorales.space\"],\"url\":\"https:\/\/blog.tecnoartesanos.com\/index.php\/author\/sergiomorales\/\"}]}<\/script>\n<!-- \/ Yoast SEO plugin. -->","yoast_head_json":{"title":"El precio del iPhone podr\u00eda crecer desmesuradamente debido a los aranceles de Trump - TecnoArtesanos Tech Blog","robots":{"index":"index","follow":"follow","max-snippet":"max-snippet:-1","max-image-preview":"max-image-preview:large","max-video-preview":"max-video-preview:-1"},"canonical":"https:\/\/blog.tecnoartesanos.com\/index.php\/2025\/04\/07\/el-precio-del-iphone-podria-crecer-desmesuradamente-debido-a-los-aranceles-de-trump\/","og_locale":"en_US","og_type":"article","og_title":"El precio del iPhone podr\u00eda crecer desmesuradamente debido a los aranceles de Trump - TecnoArtesanos Tech Blog","og_description":"Las medidas arancelarias del presidente Trump son cada vez m\u00e1s controversiales para el sector tecnol\u00f3gico en EE UU y en el mundo. Los expertos anticipan que, tras la decisi\u00f3n de la administraci\u00f3n republicana de imponer impuestos significativos a los productos envasados fuera de las fronteras, el precio de los iPhones podr\u00eda aumentar exponencialmente. Las estimaciones [&hellip;]","og_url":"https:\/\/blog.tecnoartesanos.com\/index.php\/2025\/04\/07\/el-precio-del-iphone-podria-crecer-desmesuradamente-debido-a-los-aranceles-de-trump\/","og_site_name":"TecnoArtesanos Tech Blog","article_published_time":"2025-04-07T17:51:48+00:00","og_image":[{"url":"https:\/\/media.es.wired.com\/photos\/67f3f540dc25759d77563281\/master\/pass\/2202644310","type":"","width":"","height":""}],"author":"Sergio Morales","twitter_card":"summary_large_image","twitter_misc":{"Written by":"Sergio Morales","Est. reading time":"3 minutes"},"schema":{"@context":"https:\/\/schema.org","@graph":[{"@type":"WebPage","@id":"https:\/\/blog.tecnoartesanos.com\/index.php\/2025\/04\/07\/el-precio-del-iphone-podria-crecer-desmesuradamente-debido-a-los-aranceles-de-trump\/","url":"https:\/\/blog.tecnoartesanos.com\/index.php\/2025\/04\/07\/el-precio-del-iphone-podria-crecer-desmesuradamente-debido-a-los-aranceles-de-trump\/","name":"El precio del iPhone podr\u00eda crecer desmesuradamente debido a los aranceles de Trump - TecnoArtesanos Tech Blog","isPartOf":{"@id":"https:\/\/blog.tecnoartesanos.com\/#website"},"primaryImageOfPage":{"@id":"https:\/\/blog.tecnoartesanos.com\/index.php\/2025\/04\/07\/el-precio-del-iphone-podria-crecer-desmesuradamente-debido-a-los-aranceles-de-trump\/#primaryimage"},"image":{"@id":"https:\/\/blog.tecnoartesanos.com\/index.php\/2025\/04\/07\/el-precio-del-iphone-podria-crecer-desmesuradamente-debido-a-los-aranceles-de-trump\/#primaryimage"},"thumbnailUrl":"https:\/\/blog.tecnoartesanos.com\/wp-content\/uploads\/2025\/04\/el-precio-del-iphone-podria-crecer-desmesuradamente-debido-a-los-aranceles-de-trump.jpg","datePublished":"2025-04-07T17:51:48+00:00","author":{"@id":"https:\/\/blog.tecnoartesanos.com\/#\/schema\/person\/ec88bc1410fd158963717c4216f04807"},"breadcrumb":{"@id":"https:\/\/blog.tecnoartesanos.com\/index.php\/2025\/04\/07\/el-precio-del-iphone-podria-crecer-desmesuradamente-debido-a-los-aranceles-de-trump\/#breadcrumb"},"inLanguage":"en-US","potentialAction":[{"@type":"ReadAction","target":["https:\/\/blog.tecnoartesanos.com\/index.php\/2025\/04\/07\/el-precio-del-iphone-podria-crecer-desmesuradamente-debido-a-los-aranceles-de-trump\/"]}]},{"@type":"ImageObject","inLanguage":"en-US","@id":"https:\/\/blog.tecnoartesanos.com\/index.php\/2025\/04\/07\/el-precio-del-iphone-podria-crecer-desmesuradamente-debido-a-los-aranceles-de-trump\/#primaryimage","url":"https:\/\/blog.tecnoartesanos.com\/wp-content\/uploads\/2025\/04\/el-precio-del-iphone-podria-crecer-desmesuradamente-debido-a-los-aranceles-de-trump.jpg","contentUrl":"https:\/\/blog.tecnoartesanos.com\/wp-content\/uploads\/2025\/04\/el-precio-del-iphone-podria-crecer-desmesuradamente-debido-a-los-aranceles-de-trump.jpg","width":775,"height":520},{"@type":"BreadcrumbList","@id":"https:\/\/blog.tecnoartesanos.com\/index.php\/2025\/04\/07\/el-precio-del-iphone-podria-crecer-desmesuradamente-debido-a-los-aranceles-de-trump\/#breadcrumb","itemListElement":[{"@type":"ListItem","position":1,"name":"Home","item":"https:\/\/blog.tecnoartesanos.com\/"},{"@type":"ListItem","position":2,"name":"El precio del iPhone podr\u00eda crecer desmesuradamente debido a los aranceles de Trump"}]},{"@type":"WebSite","@id":"https:\/\/blog.tecnoartesanos.com\/#website","url":"https:\/\/blog.tecnoartesanos.com\/","name":"TecnoArtesanos Tech Blog","description":"","potentialAction":[{"@type":"SearchAction","target":{"@type":"EntryPoint","urlTemplate":"https:\/\/blog.tecnoartesanos.com\/?s={search_term_string}"},"query-input":{"@type":"PropertyValueSpecification","valueRequired":true,"valueName":"search_term_string"}}],"inLanguage":"en-US"},{"@type":"Person","@id":"https:\/\/blog.tecnoartesanos.com\/#\/schema\/person\/ec88bc1410fd158963717c4216f04807","name":"Sergio Morales","image":{"@type":"ImageObject","inLanguage":"en-US","@id":"https:\/\/blog.tecnoartesanos.com\/#\/schema\/person\/image\/","url":"https:\/\/secure.gravatar.com\/avatar\/3d45178fc8fbbe32d39278bc504fa9093f947f406ff4f1ddcfa27505ab772184?s=96&d=mm&r=g","contentUrl":"https:\/\/secure.gravatar.com\/avatar\/3d45178fc8fbbe32d39278bc504fa9093f947f406ff4f1ddcfa27505ab772184?s=96&d=mm&r=g","caption":"Sergio Morales"},"sameAs":["https:\/\/sergiomorales.space"],"url":"https:\/\/blog.tecnoartesanos.com\/index.php\/author\/sergiomorales\/"}]}},"_links":{"self":[{"href":"https:\/\/blog.tecnoartesanos.com\/index.php\/wp-json\/wp\/v2\/posts\/678","targetHints":{"allow":["GET"]}}],"collection":[{"href":"https:\/\/blog.tecnoartesanos.com\/index.php\/wp-json\/wp\/v2\/posts"}],"about":[{"href":"https:\/\/blog.tecnoartesanos.com\/index.php\/wp-json\/wp\/v2\/types\/post"}],"author":[{"embeddable":true,"href":"https:\/\/blog.tecnoartesanos.com\/index.php\/wp-json\/wp\/v2\/users\/2"}],"replies":[{"embeddable":true,"href":"https:\/\/blog.tecnoartesanos.com\/index.php\/wp-json\/wp\/v2\/comments?post=678"}],"version-history":[{"count":0,"href":"https:\/\/blog.tecnoartesanos.com\/index.php\/wp-json\/wp\/v2\/posts\/678\/revisions"}],"wp:featuredmedia":[{"embeddable":true,"href":"https:\/\/blog.tecnoartesanos.com\/index.php\/wp-json\/wp\/v2\/media\/679"}],"wp:attachment":[{"href":"https:\/\/blog.tecnoartesanos.com\/index.php\/wp-json\/wp\/v2\/media?parent=678"}],"wp:term":[{"taxonomy":"category","embeddable":true,"href":"https:\/\/blog.tecnoartesanos.com\/index.php\/wp-json\/wp\/v2\/categories?post=678"},{"taxonomy":"post_tag","embeddable":true,"href":"https:\/\/blog.tecnoartesanos.com\/index.php\/wp-json\/wp\/v2\/tags?post=678"}],"curies":[{"name":"wp","href":"https:\/\/api.w.org\/{rel}","templated":true}]}}