{"id":670,"date":"2025-04-06T14:49:48","date_gmt":"2025-04-06T14:49:48","guid":{"rendered":"http:\/\/67f02fd7c95ea9978b7d29b6"},"modified":"2025-04-06T14:49:48","modified_gmt":"2025-04-06T14:49:48","slug":"el-mundo-respira-aires-de-recesion-por-la-guerra-comercial","status":"publish","type":"post","link":"https:\/\/blog.tecnoartesanos.com\/index.php\/2025\/04\/06\/el-mundo-respira-aires-de-recesion-por-la-guerra-comercial\/","title":{"rendered":"El mundo respira aires de recesi\u00f3n por la guerra comercial"},"content":{"rendered":"<div class=\"media_block\"><img decoding=\"async\" src=\"https:\/\/media.es.wired.com\/photos\/67f058e0587d4107d5cfd856\/master\/pass\/guerra%20arancelaria%202208192639.jpg\" class=\"media_thumbnail\"><\/div>\n<p>Estados Unidos podr\u00eda ser el primero en resentirlo: se anticipa una ca\u00edda de entre 1 y 2 puntos porcentuales en su econom\u00eda y un alza de la inflaci\u00f3n, lo que aumentar\u00eda el riesgo de recesi\u00f3n. Sin embargo, Aguilar alerta que \u201cCon las decisiones comerciales de Estados Unidos, <strong>la probabilidad de recesi\u00f3n se aceler\u00f3 en todo el mundo.<\/strong> Todas las econom\u00edas padecen una serie de debilidades previas que se han generado por una desaceleraci\u00f3n econ\u00f3mica vinculada a diversos factores. No habr\u00e1 pa\u00eds que pueda evitar un freno en su econom\u00eda\u201d.<\/p>\n<p>En el caso de M\u00e9xico, cuya econom\u00eda ya mostraba se\u00f1ales de enfriamiento tras un crecimiento del 3.2% en 2024, se prev\u00e9 una expansi\u00f3n de apenas 1.4% en 2025. Este descenso, sumado a la incertidumbre pol\u00edtica y las reformas judiciales, ha frenado la inversi\u00f3n. Con las nuevas tarifas, \u201ces muy probable que M\u00e9xico entre en recesi\u00f3n t\u00e9cnica durante el primer trimestre\u201d, concluye Aguilar.<\/p>\n<hr>\n<div class=\"ContentCardEmbedWrapper-kULtsE iGAJsG content-card-embed content-card-embed--stacked\" data-testid=\"ContentCardEmbedWrapper\" readability=\"23.323404255319\">\n<div class=\"ContentCardEmbedImage-iwqgVw jlIubp content-card-embed__image\" data-testid=\"ContentCardEmbedImage\"><span class=\"SpanWrapper-umhxW jvZaPI responsive-asset\"><picture class=\"ResponsiveImagePicture-cWuUZO dUOtEa responsive-image\"><img decoding=\"async\" alt=\"Los gr\u00e1ficos que muestran los &quot;aranceles rec\u00edprocos&quot; que Estados Unidos est\u00e1 cobrando a otros pa\u00edses se muestran en la Sala de Prensa James Brady de la Casa Blanca el 2 de abril de 2025 en Washington, D.C.\" class=\"ResponsiveImageContainer-eybHBd fptoWY responsive-image__image\" src=\"https:\/\/media.es.wired.com\/photos\/67f01495c95ea9978b7d29b5\/master\/w_775%2Cc_limit\/GettyImages-2208192627.jpg\" srcset=\"https:\/\/media.es.wired.com\/photos\/67f01495c95ea9978b7d29b5\/master\/w_120,c_limit\/GettyImages-2208192627.jpg 120w, https:\/\/media.es.wired.com\/photos\/67f01495c95ea9978b7d29b5\/master\/w_240,c_limit\/GettyImages-2208192627.jpg 240w, https:\/\/media.es.wired.com\/photos\/67f01495c95ea9978b7d29b5\/master\/w_320,c_limit\/GettyImages-2208192627.jpg 320w, https:\/\/media.es.wired.com\/photos\/67f01495c95ea9978b7d29b5\/master\/w_640,c_limit\/GettyImages-2208192627.jpg 640w\" sizes=\"100vw\"><\/picture><\/span><\/div>\n<div class=\"ContentCardEmbedInfo-bDftKl bGnSrq\" readability=\"24.434042553191\">\n<div class=\"BaseWrap-sc-gjQpdd BaseText-ewhhUZ ContentCardEmbedHed-kJVPGC iUEiRd cekThb cewqFA content-card-embed__hed\" data-testid=\"ContentCardEmbedHed\"><a class=\"BaseWrap-sc-gjQpdd BaseText-ewhhUZ BaseLink-eNWuiM ContentCardEmbedHedLink-eXLwe iUEiRd cekThb gqhxzW eFUKSb content-card-embed__hed-link\" href=\"https:\/\/es.wired.com\/articulos\/como-entender-los-aranceles-reciprocos-anunciados-por-trump\" data-testid=\"ContentCardEmbedHedLink\">C\u00f3mo entender los aranceles rec\u00edprocos anunciados por Trump<\/a><\/div>\n<p>La nueva estrategia comercial de Estados Unidos golpea a la econom\u00eda mundial con aranceles a todos los productos que alcanzan el 20% para Europa e incluso el 54% para China.<\/p>\n<\/div>\n<\/div>\n<hr>\n<h2>\u00bfPor qu\u00e9 Trump impuso tantos aranceles?<\/h2>\n<p>Uno de los principales objetivos de Trump es cumplir con su eslogan de campa\u00f1a \u2018<em>Make America Great Again\u2019,<\/em> con nuevas inversiones, el impulso del sector manufacturero y la reintroducci\u00f3n de diversas compa\u00f1\u00edas que, actualmente, producen fuera de Estados Unidos.<\/p>\n<p>&#8220;El presidente estima que, desde 1997, entre 90,000 y 100,000 empresas trasladaron su producci\u00f3n al extranjero. <a href=\"https:\/\/es.wired.com\/articulos\/trump-analiza-establecer-aranceles-del-25-a-mexico-y-canada-desde-el-1-de-febrero\">Esta migraci\u00f3n<\/a> tuvo una l\u00f3gica de mercado: producir en pa\u00edses con menores costos para ofrecer precios m\u00e1s competitivos a los consumidores estadounidenses\u201d, explica Aguilar. Sin embargo, esta deslocalizaci\u00f3n provoc\u00f3 la p\u00e9rdida de unos 6.6 millones de empleos, lo que redujo la productividad interna, fren\u00f3 el dinamismo econ\u00f3mico y afect\u00f3 el consumo nacional.<\/p>\n<p>Pese a todo, Estados Unidos contin\u00faa siendo la econom\u00eda m\u00e1s grande y su alto nivel de consumo lo convierte en un mercado atractivo por exportadores a nivel global. \u201cTodo el mundo quiere vender a Estados Unidos debido a que <strong>tres cuartas partes de su econom\u00eda depende del gasto de los consumidores.<\/strong> Bajo esa l\u00f3gica, [la administraci\u00f3n de Trump] dice: \u2018recibimos mucho y cuando exportamos lo poco que producimos a otros pa\u00edses nos cobran demasiados impuestos, entonces queremos equilibrar esta balanza&#8217;\u201d, a\u00f1ade el economista.<\/p>\n<p>El planteamiento se ha traducido en una estrategia comercial que pretende reducir los gastos y aumentar los ingresos. Los aranceles, especialmente los rec\u00edprocos, son la pieza central. \u201cLa intenci\u00f3n de Trump es cobrar impuestos a las importaciones de ciertos pa\u00edses para crear un fondo que permita reducir el d\u00e9ficit fiscal. Una vez estabilizadas las cuentas p\u00fablicas, podr\u00e1 aplicar la baja de impuestos que ha prometido a empresas y familias para compensar as\u00ed el alza de precios que generar\u00e1n los propios aranceles\u201d, explica Aguilar.<\/p>\n<h2>Nadie est\u00e1 exento<\/h2>\n<p>Las medidas afectan pr\u00e1cticamente a todo el mundo, incluidos M\u00e9xico y Canad\u00e1, a pesar del Tratado entre M\u00e9xico, Estados Unidos y Canad\u00e1 (T-MEC). Aguilar advierte que ambos pa\u00edses a\u00fan <strong>corren el riesgo de enfrentar un arancel rec\u00edproco del 12%<\/strong> si no cumplen con las exigencias estadounidenses en temas de migraci\u00f3n y tr\u00e1fico de fentanilo.<\/p>\n<p>\u201cEs cierto que ni M\u00e9xico ni Canad\u00e1 figuran en la lista de pa\u00edses con aranceles rec\u00edprocos debido a su membres\u00eda en el tratado, pero siguen sujetos a los grav\u00e1menes previamente anunciados\u201d, aclara. Entre ellos se incluyen los impuestos al aluminio y al acero, as\u00ed como un arancel del 25% sobre autom\u00f3viles y autopartes, aplicado \u00fanicamente sobre componentes no estadounidenses.<\/p>\n","protected":false},"excerpt":{"rendered":"<p>Estados Unidos podr\u00eda ser el primero en resentirlo: se anticipa una ca\u00edda de entre 1 y 2 puntos porcentuales en su econom\u00eda y un alza de la inflaci\u00f3n, lo que aumentar\u00eda el riesgo de recesi\u00f3n. Sin embargo, Aguilar alerta que \u201cCon las decisiones comerciales de Estados Unidos, la probabilidad de recesi\u00f3n se aceler\u00f3 en todo [&hellip;]<\/p>\n","protected":false},"author":2,"featured_media":671,"comment_status":"closed","ping_status":"closed","sticky":false,"template":"","format":"standard","meta":{"footnotes":""},"categories":[1],"tags":[],"class_list":["post-670","post","type-post","status-publish","format-standard","has-post-thumbnail","hentry","category-technology"],"yoast_head":"<!-- This site is optimized with the Yoast SEO plugin v24.5 - https:\/\/yoast.com\/wordpress\/plugins\/seo\/ -->\n<title>El mundo respira aires de recesi\u00f3n por la guerra comercial - TecnoArtesanos Tech Blog<\/title>\n<meta name=\"robots\" content=\"index, follow, max-snippet:-1, max-image-preview:large, max-video-preview:-1\" \/>\n<link rel=\"canonical\" href=\"https:\/\/blog.tecnoartesanos.com\/index.php\/2025\/04\/06\/el-mundo-respira-aires-de-recesion-por-la-guerra-comercial\/\" \/>\n<meta property=\"og:locale\" content=\"en_US\" \/>\n<meta property=\"og:type\" content=\"article\" \/>\n<meta property=\"og:title\" content=\"El mundo respira aires de recesi\u00f3n por la guerra comercial - TecnoArtesanos Tech Blog\" \/>\n<meta property=\"og:description\" content=\"Estados Unidos podr\u00eda ser el primero en resentirlo: se anticipa una ca\u00edda de entre 1 y 2 puntos porcentuales en su econom\u00eda y un alza de la inflaci\u00f3n, lo que aumentar\u00eda el riesgo de recesi\u00f3n. Sin embargo, Aguilar alerta que \u201cCon las decisiones comerciales de Estados Unidos, la probabilidad de recesi\u00f3n se aceler\u00f3 en todo [&hellip;]\" \/>\n<meta property=\"og:url\" content=\"https:\/\/blog.tecnoartesanos.com\/index.php\/2025\/04\/06\/el-mundo-respira-aires-de-recesion-por-la-guerra-comercial\/\" \/>\n<meta property=\"og:site_name\" content=\"TecnoArtesanos Tech Blog\" \/>\n<meta property=\"article:published_time\" content=\"2025-04-06T14:49:48+00:00\" \/>\n<meta property=\"og:image\" content=\"https:\/\/media.es.wired.com\/photos\/67f058e0587d4107d5cfd856\/master\/pass\/guerra%20arancelaria%202208192639.jpg\" \/>\n<meta name=\"author\" content=\"Sergio Morales\" \/>\n<meta name=\"twitter:card\" content=\"summary_large_image\" \/>\n<meta name=\"twitter:label1\" content=\"Written by\" \/>\n\t<meta name=\"twitter:data1\" content=\"Sergio Morales\" \/>\n\t<meta name=\"twitter:label2\" content=\"Est. reading time\" \/>\n\t<meta name=\"twitter:data2\" content=\"3 minutes\" \/>\n<script type=\"application\/ld+json\" class=\"yoast-schema-graph\">{\"@context\":\"https:\/\/schema.org\",\"@graph\":[{\"@type\":\"WebPage\",\"@id\":\"https:\/\/blog.tecnoartesanos.com\/index.php\/2025\/04\/06\/el-mundo-respira-aires-de-recesion-por-la-guerra-comercial\/\",\"url\":\"https:\/\/blog.tecnoartesanos.com\/index.php\/2025\/04\/06\/el-mundo-respira-aires-de-recesion-por-la-guerra-comercial\/\",\"name\":\"El mundo respira aires de recesi\u00f3n por la guerra comercial - TecnoArtesanos Tech Blog\",\"isPartOf\":{\"@id\":\"https:\/\/blog.tecnoartesanos.com\/#website\"},\"primaryImageOfPage\":{\"@id\":\"https:\/\/blog.tecnoartesanos.com\/index.php\/2025\/04\/06\/el-mundo-respira-aires-de-recesion-por-la-guerra-comercial\/#primaryimage\"},\"image\":{\"@id\":\"https:\/\/blog.tecnoartesanos.com\/index.php\/2025\/04\/06\/el-mundo-respira-aires-de-recesion-por-la-guerra-comercial\/#primaryimage\"},\"thumbnailUrl\":\"https:\/\/blog.tecnoartesanos.com\/wp-content\/uploads\/2025\/04\/el-mundo-respira-aires-de-recesion-por-la-guerra-comercial.jpg\",\"datePublished\":\"2025-04-06T14:49:48+00:00\",\"author\":{\"@id\":\"https:\/\/blog.tecnoartesanos.com\/#\/schema\/person\/ec88bc1410fd158963717c4216f04807\"},\"breadcrumb\":{\"@id\":\"https:\/\/blog.tecnoartesanos.com\/index.php\/2025\/04\/06\/el-mundo-respira-aires-de-recesion-por-la-guerra-comercial\/#breadcrumb\"},\"inLanguage\":\"en-US\",\"potentialAction\":[{\"@type\":\"ReadAction\",\"target\":[\"https:\/\/blog.tecnoartesanos.com\/index.php\/2025\/04\/06\/el-mundo-respira-aires-de-recesion-por-la-guerra-comercial\/\"]}]},{\"@type\":\"ImageObject\",\"inLanguage\":\"en-US\",\"@id\":\"https:\/\/blog.tecnoartesanos.com\/index.php\/2025\/04\/06\/el-mundo-respira-aires-de-recesion-por-la-guerra-comercial\/#primaryimage\",\"url\":\"https:\/\/blog.tecnoartesanos.com\/wp-content\/uploads\/2025\/04\/el-mundo-respira-aires-de-recesion-por-la-guerra-comercial.jpg\",\"contentUrl\":\"https:\/\/blog.tecnoartesanos.com\/wp-content\/uploads\/2025\/04\/el-mundo-respira-aires-de-recesion-por-la-guerra-comercial.jpg\",\"width\":775,\"height\":517},{\"@type\":\"BreadcrumbList\",\"@id\":\"https:\/\/blog.tecnoartesanos.com\/index.php\/2025\/04\/06\/el-mundo-respira-aires-de-recesion-por-la-guerra-comercial\/#breadcrumb\",\"itemListElement\":[{\"@type\":\"ListItem\",\"position\":1,\"name\":\"Home\",\"item\":\"https:\/\/blog.tecnoartesanos.com\/\"},{\"@type\":\"ListItem\",\"position\":2,\"name\":\"El mundo respira aires de recesi\u00f3n por la guerra comercial\"}]},{\"@type\":\"WebSite\",\"@id\":\"https:\/\/blog.tecnoartesanos.com\/#website\",\"url\":\"https:\/\/blog.tecnoartesanos.com\/\",\"name\":\"TecnoArtesanos Tech Blog\",\"description\":\"\",\"potentialAction\":[{\"@type\":\"SearchAction\",\"target\":{\"@type\":\"EntryPoint\",\"urlTemplate\":\"https:\/\/blog.tecnoartesanos.com\/?s={search_term_string}\"},\"query-input\":{\"@type\":\"PropertyValueSpecification\",\"valueRequired\":true,\"valueName\":\"search_term_string\"}}],\"inLanguage\":\"en-US\"},{\"@type\":\"Person\",\"@id\":\"https:\/\/blog.tecnoartesanos.com\/#\/schema\/person\/ec88bc1410fd158963717c4216f04807\",\"name\":\"Sergio Morales\",\"image\":{\"@type\":\"ImageObject\",\"inLanguage\":\"en-US\",\"@id\":\"https:\/\/blog.tecnoartesanos.com\/#\/schema\/person\/image\/\",\"url\":\"https:\/\/secure.gravatar.com\/avatar\/3d45178fc8fbbe32d39278bc504fa9093f947f406ff4f1ddcfa27505ab772184?s=96&d=mm&r=g\",\"contentUrl\":\"https:\/\/secure.gravatar.com\/avatar\/3d45178fc8fbbe32d39278bc504fa9093f947f406ff4f1ddcfa27505ab772184?s=96&d=mm&r=g\",\"caption\":\"Sergio Morales\"},\"sameAs\":[\"https:\/\/sergiomorales.space\"],\"url\":\"https:\/\/blog.tecnoartesanos.com\/index.php\/author\/sergiomorales\/\"}]}<\/script>\n<!-- \/ Yoast SEO plugin. -->","yoast_head_json":{"title":"El mundo respira aires de recesi\u00f3n por la guerra comercial - TecnoArtesanos Tech Blog","robots":{"index":"index","follow":"follow","max-snippet":"max-snippet:-1","max-image-preview":"max-image-preview:large","max-video-preview":"max-video-preview:-1"},"canonical":"https:\/\/blog.tecnoartesanos.com\/index.php\/2025\/04\/06\/el-mundo-respira-aires-de-recesion-por-la-guerra-comercial\/","og_locale":"en_US","og_type":"article","og_title":"El mundo respira aires de recesi\u00f3n por la guerra comercial - TecnoArtesanos Tech Blog","og_description":"Estados Unidos podr\u00eda ser el primero en resentirlo: se anticipa una ca\u00edda de entre 1 y 2 puntos porcentuales en su econom\u00eda y un alza de la inflaci\u00f3n, lo que aumentar\u00eda el riesgo de recesi\u00f3n. Sin embargo, Aguilar alerta que \u201cCon las decisiones comerciales de Estados Unidos, la probabilidad de recesi\u00f3n se aceler\u00f3 en todo [&hellip;]","og_url":"https:\/\/blog.tecnoartesanos.com\/index.php\/2025\/04\/06\/el-mundo-respira-aires-de-recesion-por-la-guerra-comercial\/","og_site_name":"TecnoArtesanos Tech Blog","article_published_time":"2025-04-06T14:49:48+00:00","og_image":[{"url":"https:\/\/media.es.wired.com\/photos\/67f058e0587d4107d5cfd856\/master\/pass\/guerra%20arancelaria%202208192639.jpg","type":"","width":"","height":""}],"author":"Sergio Morales","twitter_card":"summary_large_image","twitter_misc":{"Written by":"Sergio Morales","Est. reading time":"3 minutes"},"schema":{"@context":"https:\/\/schema.org","@graph":[{"@type":"WebPage","@id":"https:\/\/blog.tecnoartesanos.com\/index.php\/2025\/04\/06\/el-mundo-respira-aires-de-recesion-por-la-guerra-comercial\/","url":"https:\/\/blog.tecnoartesanos.com\/index.php\/2025\/04\/06\/el-mundo-respira-aires-de-recesion-por-la-guerra-comercial\/","name":"El mundo respira aires de recesi\u00f3n por la guerra comercial - TecnoArtesanos Tech Blog","isPartOf":{"@id":"https:\/\/blog.tecnoartesanos.com\/#website"},"primaryImageOfPage":{"@id":"https:\/\/blog.tecnoartesanos.com\/index.php\/2025\/04\/06\/el-mundo-respira-aires-de-recesion-por-la-guerra-comercial\/#primaryimage"},"image":{"@id":"https:\/\/blog.tecnoartesanos.com\/index.php\/2025\/04\/06\/el-mundo-respira-aires-de-recesion-por-la-guerra-comercial\/#primaryimage"},"thumbnailUrl":"https:\/\/blog.tecnoartesanos.com\/wp-content\/uploads\/2025\/04\/el-mundo-respira-aires-de-recesion-por-la-guerra-comercial.jpg","datePublished":"2025-04-06T14:49:48+00:00","author":{"@id":"https:\/\/blog.tecnoartesanos.com\/#\/schema\/person\/ec88bc1410fd158963717c4216f04807"},"breadcrumb":{"@id":"https:\/\/blog.tecnoartesanos.com\/index.php\/2025\/04\/06\/el-mundo-respira-aires-de-recesion-por-la-guerra-comercial\/#breadcrumb"},"inLanguage":"en-US","potentialAction":[{"@type":"ReadAction","target":["https:\/\/blog.tecnoartesanos.com\/index.php\/2025\/04\/06\/el-mundo-respira-aires-de-recesion-por-la-guerra-comercial\/"]}]},{"@type":"ImageObject","inLanguage":"en-US","@id":"https:\/\/blog.tecnoartesanos.com\/index.php\/2025\/04\/06\/el-mundo-respira-aires-de-recesion-por-la-guerra-comercial\/#primaryimage","url":"https:\/\/blog.tecnoartesanos.com\/wp-content\/uploads\/2025\/04\/el-mundo-respira-aires-de-recesion-por-la-guerra-comercial.jpg","contentUrl":"https:\/\/blog.tecnoartesanos.com\/wp-content\/uploads\/2025\/04\/el-mundo-respira-aires-de-recesion-por-la-guerra-comercial.jpg","width":775,"height":517},{"@type":"BreadcrumbList","@id":"https:\/\/blog.tecnoartesanos.com\/index.php\/2025\/04\/06\/el-mundo-respira-aires-de-recesion-por-la-guerra-comercial\/#breadcrumb","itemListElement":[{"@type":"ListItem","position":1,"name":"Home","item":"https:\/\/blog.tecnoartesanos.com\/"},{"@type":"ListItem","position":2,"name":"El mundo respira aires de recesi\u00f3n por la guerra comercial"}]},{"@type":"WebSite","@id":"https:\/\/blog.tecnoartesanos.com\/#website","url":"https:\/\/blog.tecnoartesanos.com\/","name":"TecnoArtesanos Tech Blog","description":"","potentialAction":[{"@type":"SearchAction","target":{"@type":"EntryPoint","urlTemplate":"https:\/\/blog.tecnoartesanos.com\/?s={search_term_string}"},"query-input":{"@type":"PropertyValueSpecification","valueRequired":true,"valueName":"search_term_string"}}],"inLanguage":"en-US"},{"@type":"Person","@id":"https:\/\/blog.tecnoartesanos.com\/#\/schema\/person\/ec88bc1410fd158963717c4216f04807","name":"Sergio Morales","image":{"@type":"ImageObject","inLanguage":"en-US","@id":"https:\/\/blog.tecnoartesanos.com\/#\/schema\/person\/image\/","url":"https:\/\/secure.gravatar.com\/avatar\/3d45178fc8fbbe32d39278bc504fa9093f947f406ff4f1ddcfa27505ab772184?s=96&d=mm&r=g","contentUrl":"https:\/\/secure.gravatar.com\/avatar\/3d45178fc8fbbe32d39278bc504fa9093f947f406ff4f1ddcfa27505ab772184?s=96&d=mm&r=g","caption":"Sergio Morales"},"sameAs":["https:\/\/sergiomorales.space"],"url":"https:\/\/blog.tecnoartesanos.com\/index.php\/author\/sergiomorales\/"}]}},"_links":{"self":[{"href":"https:\/\/blog.tecnoartesanos.com\/index.php\/wp-json\/wp\/v2\/posts\/670","targetHints":{"allow":["GET"]}}],"collection":[{"href":"https:\/\/blog.tecnoartesanos.com\/index.php\/wp-json\/wp\/v2\/posts"}],"about":[{"href":"https:\/\/blog.tecnoartesanos.com\/index.php\/wp-json\/wp\/v2\/types\/post"}],"author":[{"embeddable":true,"href":"https:\/\/blog.tecnoartesanos.com\/index.php\/wp-json\/wp\/v2\/users\/2"}],"replies":[{"embeddable":true,"href":"https:\/\/blog.tecnoartesanos.com\/index.php\/wp-json\/wp\/v2\/comments?post=670"}],"version-history":[{"count":0,"href":"https:\/\/blog.tecnoartesanos.com\/index.php\/wp-json\/wp\/v2\/posts\/670\/revisions"}],"wp:featuredmedia":[{"embeddable":true,"href":"https:\/\/blog.tecnoartesanos.com\/index.php\/wp-json\/wp\/v2\/media\/671"}],"wp:attachment":[{"href":"https:\/\/blog.tecnoartesanos.com\/index.php\/wp-json\/wp\/v2\/media?parent=670"}],"wp:term":[{"taxonomy":"category","embeddable":true,"href":"https:\/\/blog.tecnoartesanos.com\/index.php\/wp-json\/wp\/v2\/categories?post=670"},{"taxonomy":"post_tag","embeddable":true,"href":"https:\/\/blog.tecnoartesanos.com\/index.php\/wp-json\/wp\/v2\/tags?post=670"}],"curies":[{"name":"wp","href":"https:\/\/api.w.org\/{rel}","templated":true}]}}