{"id":590,"date":"2025-03-31T23:46:39","date_gmt":"2025-03-31T23:46:39","guid":{"rendered":"http:\/\/67eaee41278012cda5c86ae3"},"modified":"2025-03-31T23:46:39","modified_gmt":"2025-03-31T23:46:39","slug":"la-guerra-arancelaria-de-trump-empuja-a-los-tecnologicos-canadienses-a-replantearse-silicon-valley","status":"publish","type":"post","link":"https:\/\/blog.tecnoartesanos.com\/index.php\/2025\/03\/31\/la-guerra-arancelaria-de-trump-empuja-a-los-tecnologicos-canadienses-a-replantearse-silicon-valley\/","title":{"rendered":"La guerra arancelaria de Trump empuja a los tecnol\u00f3gicos canadienses a replantearse Silicon Valley"},"content":{"rendered":"<div class=\"media_block\"><img decoding=\"async\" src=\"https:\/\/media.es.wired.com\/photos\/67eaee41c26f75bdf0df2d54\/master\/pass\/Canadian-Tech-Talent-Trump-Threats-Business.jpg\" class=\"media_thumbnail\"><\/div>\n<p><strong>La semana pasada, el primer ministro canadiense, Mark Carney, declar\u00f3 que la &#8220;vieja relaci\u00f3n&#8221; que su pa\u00eds ten\u00eda con Estados Unidos hab\u00eda terminado y que estaba claro que ya no es un socio fiable.<\/strong> Los comentarios se produjeron despu\u00e9s de que EE UU anunciara nuevos y radicales aranceles a Canad\u00e1 y de que el presidente Trump pasara meses haciendo comentarios incendiarios que alarmaron a los l\u00edderes canadienses, incluyendo sugerencias de que el pa\u00eds estar\u00eda &#8220;mejor&#8221; si fuera anexado a territorio estadounidense.<\/p>\n<p>Finalmente, las tensiones estallaron cuando Trump mencion\u00f3 que impondr\u00eda <a href=\"https:\/\/es.wired.com\/articulos\/los-aranceles-reciprocos-de-trump-provocan-la-caida-mundial-de-los-mercados-bursatiles\">aranceles del 25%<\/a> a los veh\u00edculos fabricados en el extranjero, una medida que podr\u00eda tener un grave impacto en la econom\u00eda de Canad\u00e1.<\/p>\n<hr>\n<div class=\"ContentCardEmbedWrapper-kULtsE iGAJsG content-card-embed content-card-embed--stacked\" data-testid=\"ContentCardEmbedWrapper\" readability=\"21.40625\">\n<div class=\"ContentCardEmbedImage-iwqgVw jlIubp content-card-embed__image\" data-testid=\"ContentCardEmbedImage\"><span class=\"SpanWrapper-umhxW jvZaPI responsive-asset\"><picture class=\"ResponsiveImagePicture-cWuUZO dUOtEa responsive-image\"><img decoding=\"async\" alt=\"Copermex aranceles autos1244944156\" class=\"ResponsiveImageContainer-eybHBd fptoWY responsive-image__image\" src=\"https:\/\/media.es.wired.com\/photos\/67e70a1b928333dfd2b67472\/master\/w_775%2Cc_limit\/Copermex%2520aranceles%2520autos1244944156.jpg\" srcset=\"https:\/\/media.es.wired.com\/photos\/67e70a1b928333dfd2b67472\/master\/w_120,c_limit\/Copermex%20aranceles%20autos1244944156.jpg 120w, https:\/\/media.es.wired.com\/photos\/67e70a1b928333dfd2b67472\/master\/w_240,c_limit\/Copermex%20aranceles%20autos1244944156.jpg 240w, https:\/\/media.es.wired.com\/photos\/67e70a1b928333dfd2b67472\/master\/w_320,c_limit\/Copermex%20aranceles%20autos1244944156.jpg 320w, https:\/\/media.es.wired.com\/photos\/67e70a1b928333dfd2b67472\/master\/w_640,c_limit\/Copermex%20aranceles%20autos1244944156.jpg 640w\" sizes=\"100vw\"><\/picture><\/span><\/div>\n<div class=\"ContentCardEmbedInfo-bDftKl bGnSrq\" readability=\"23.052884615385\">\n<div class=\"BaseWrap-sc-gjQpdd BaseText-ewhhUZ ContentCardEmbedHed-kJVPGC iUEiRd cekThb cewqFA content-card-embed__hed\" data-testid=\"ContentCardEmbedHed\"><a class=\"BaseWrap-sc-gjQpdd BaseText-ewhhUZ BaseLink-eNWuiM ContentCardEmbedHedLink-eXLwe iUEiRd cekThb gqhxzW eFUKSb content-card-embed__hed-link\" href=\"https:\/\/es.wired.com\/articulos\/mexico-y-ee-uu-necesitan-cooperacion-no-aranceles-advierte-coparmex\" data-testid=\"ContentCardEmbedHedLink\">M\u00e9xico y EE UU necesitan cooperaci\u00f3n, no aranceles, advierte Coparmex<\/a><\/div>\n<p>En 2024, M\u00e9xico export\u00f3 aproximadamente 3.5 millones de autom\u00f3viles ligeros, de los cuales el 80% se envi\u00f3 al mercado estadounidense.<\/p>\n<\/div>\n<\/div>\n<hr>\n<h2>Entre los canadienses de Silicon Valley<\/h2>\n<p>La ruptura entre las dos naciones est\u00e1 provocando un nuevo tipo de orgullo nacional, as\u00ed como mucha incertidumbre. <strong>Por ahora, los <a href=\"https:\/\/es.wired.com\/articulos\/trump-suspende-por-30-dias-los-aranceles-para-automotrices-estadounidenses-con-plantas-en-mexico-y-canada\">aranceles de Trump sobre Canad\u00e1<\/a> no se extienden al <em>software,<\/em> por lo que el flujo de bienes y servicios digitales entre ambos pa\u00edses permanece pr\u00e1cticamente ininterrumpido.<\/strong> Sin embargo, el caos ha llevado a algunos fundadores e inversionistas a instar a los j\u00f3venes canadienses a crear empresas en casa y fortalecer el ecosistema tecnol\u00f3gico local, mientras que las empresas canadienses con grandes operaciones en EE UU se replantean cambiar de estrategia o incluso de sede.<\/p>\n<p>&#8220;Los fundadores canadienses tienen que adaptarse a una nueva realidad en la que ya no se puede contar con dos supuestos fundamentales que hemos dado por sentados durante d\u00e9cadas: EE UU es un socio comercial fiable y ambos pa\u00edses tienen un acuerdo de libre comercio estable y mutuamente beneficioso&#8221;, afirma Chris Neumann, socio de Panache Ventures en Vancouver y antiguo fundador de una <em>startup<\/em>.<\/p>\n<p>Al mismo tiempo, algunos canadienses afirman a WIRED que el capital social y financiero de Silicon Valley sigue siendo un gran atractivo para <a href=\"https:\/\/es.wired.com\/articulos\/por-que-trabajadores-tecnologicos-estan-abandonando-grandes-ciudades-estados-unidos\">los trabajadores tecnol\u00f3gicos<\/a>. Por ejemplo, muchos empresarios ambiciosos aprovechar\u00edan la oportunidad de entrar en el acelerador tecnol\u00f3gico Y Combinator de EE UU, &#8220;tanto si vienen de Canad\u00e1 como si vienen de Argentina&#8221;, refiere Michael Buhr, director ejecutivo de C100, un grupo de redes sin fines de lucro para canadienses en Silicon Valley.<\/p>\n<p>&#8220;Me gusta bromear diciendo que no se puede poner un arancel al talento&#8221;, a\u00f1ade Brandon Waselnuk, ejecutivo de la aplicaci\u00f3n de documentaci\u00f3n Mintlify, en un evento celebrado en California la semana pasada. Waselnuk es originario de Ottawa, pero ahora vive y trabaja en San Francisco. En enero, poste\u00f3 en redes sociales un llamado para encontrar a otros canadienses del sector tecnol\u00f3gico que tambi\u00e9n se sintieran inquietos por <a href=\"https:\/\/es.wired.com\/articulos\/conflicto-politico-entre-ee-uu-y-china-que-debera-sortear-el-nuevo-ceo-de-asml\">las crecientes tensiones entre EE UU<\/a> y su pa\u00eds de origen. Varios usuarios se pusieron en contacto, y Waselnuk empez\u00f3 a organizar eventos locales para lo que bautiz\u00f3 como la &#8220;Maple Syrup Gang&#8221; (La pandilla del jarabe de maple). La primera salida fue una excursi\u00f3n por la ciudad y degustaci\u00f3n de chocolate, codirigida por su esposa.<\/p>\n<p>Waselnuk organiz\u00f3 la reuni\u00f3n de la semana pasada en las elegantes oficinas de Bain Capital, en el centro de San Francisco. Alrededor de 60 empresarios y capitalistas de riesgo canadienses se reunieron para ver demostraciones de empresas mientras com\u00edan pizza y <em>poutine<\/em> (un platillo de papas fritas con salsa <em>gravy<\/em> y queso). Al saludar a la gente cerca de la entrada, Waselnuk parec\u00eda la quintaesencia de Canad\u00e1, tanto por su afabilidad como por su atuendo: su sombrero llevaba el logotipo de la red de senderos recreativos, Trans Canada Trail. Su camiseta roja con una hoja de arce no necesitaba explicaci\u00f3n.<\/p>\n","protected":false},"excerpt":{"rendered":"<p>La semana pasada, el primer ministro canadiense, Mark Carney, declar\u00f3 que la &#8220;vieja relaci\u00f3n&#8221; que su pa\u00eds ten\u00eda con Estados Unidos hab\u00eda terminado y que estaba claro que ya no es un socio fiable. Los comentarios se produjeron despu\u00e9s de que EE UU anunciara nuevos y radicales aranceles a Canad\u00e1 y de que el presidente [&hellip;]<\/p>\n","protected":false},"author":2,"featured_media":591,"comment_status":"closed","ping_status":"closed","sticky":false,"template":"","format":"standard","meta":{"footnotes":""},"categories":[1],"tags":[],"class_list":["post-590","post","type-post","status-publish","format-standard","has-post-thumbnail","hentry","category-technology"],"yoast_head":"<!-- This site is optimized with the Yoast SEO plugin v24.5 - https:\/\/yoast.com\/wordpress\/plugins\/seo\/ -->\n<title>La guerra arancelaria de Trump empuja a los tecnol\u00f3gicos canadienses a replantearse Silicon Valley - TecnoArtesanos Tech Blog<\/title>\n<meta name=\"robots\" content=\"index, follow, max-snippet:-1, max-image-preview:large, max-video-preview:-1\" \/>\n<link rel=\"canonical\" href=\"https:\/\/blog.tecnoartesanos.com\/index.php\/2025\/03\/31\/la-guerra-arancelaria-de-trump-empuja-a-los-tecnologicos-canadienses-a-replantearse-silicon-valley\/\" \/>\n<meta property=\"og:locale\" content=\"en_US\" \/>\n<meta property=\"og:type\" content=\"article\" \/>\n<meta property=\"og:title\" content=\"La guerra arancelaria de Trump empuja a los tecnol\u00f3gicos canadienses a replantearse Silicon Valley - TecnoArtesanos Tech Blog\" \/>\n<meta property=\"og:description\" content=\"La semana pasada, el primer ministro canadiense, Mark Carney, declar\u00f3 que la &#8220;vieja relaci\u00f3n&#8221; que su pa\u00eds ten\u00eda con Estados Unidos hab\u00eda terminado y que estaba claro que ya no es un socio fiable. Los comentarios se produjeron despu\u00e9s de que EE UU anunciara nuevos y radicales aranceles a Canad\u00e1 y de que el presidente [&hellip;]\" \/>\n<meta property=\"og:url\" content=\"https:\/\/blog.tecnoartesanos.com\/index.php\/2025\/03\/31\/la-guerra-arancelaria-de-trump-empuja-a-los-tecnologicos-canadienses-a-replantearse-silicon-valley\/\" \/>\n<meta property=\"og:site_name\" content=\"TecnoArtesanos Tech Blog\" \/>\n<meta property=\"article:published_time\" content=\"2025-03-31T23:46:39+00:00\" \/>\n<meta property=\"og:image\" content=\"https:\/\/media.es.wired.com\/photos\/67eaee41c26f75bdf0df2d54\/master\/pass\/Canadian-Tech-Talent-Trump-Threats-Business.jpg\" \/>\n<meta name=\"author\" content=\"Sergio Morales\" \/>\n<meta name=\"twitter:card\" content=\"summary_large_image\" \/>\n<meta name=\"twitter:label1\" content=\"Written by\" \/>\n\t<meta name=\"twitter:data1\" content=\"Sergio Morales\" \/>\n\t<meta name=\"twitter:label2\" content=\"Est. reading time\" \/>\n\t<meta name=\"twitter:data2\" content=\"3 minutes\" \/>\n<script type=\"application\/ld+json\" class=\"yoast-schema-graph\">{\"@context\":\"https:\/\/schema.org\",\"@graph\":[{\"@type\":\"WebPage\",\"@id\":\"https:\/\/blog.tecnoartesanos.com\/index.php\/2025\/03\/31\/la-guerra-arancelaria-de-trump-empuja-a-los-tecnologicos-canadienses-a-replantearse-silicon-valley\/\",\"url\":\"https:\/\/blog.tecnoartesanos.com\/index.php\/2025\/03\/31\/la-guerra-arancelaria-de-trump-empuja-a-los-tecnologicos-canadienses-a-replantearse-silicon-valley\/\",\"name\":\"La guerra arancelaria de Trump empuja a los tecnol\u00f3gicos canadienses a replantearse Silicon Valley - TecnoArtesanos Tech Blog\",\"isPartOf\":{\"@id\":\"https:\/\/blog.tecnoartesanos.com\/#website\"},\"primaryImageOfPage\":{\"@id\":\"https:\/\/blog.tecnoartesanos.com\/index.php\/2025\/03\/31\/la-guerra-arancelaria-de-trump-empuja-a-los-tecnologicos-canadienses-a-replantearse-silicon-valley\/#primaryimage\"},\"image\":{\"@id\":\"https:\/\/blog.tecnoartesanos.com\/index.php\/2025\/03\/31\/la-guerra-arancelaria-de-trump-empuja-a-los-tecnologicos-canadienses-a-replantearse-silicon-valley\/#primaryimage\"},\"thumbnailUrl\":\"https:\/\/blog.tecnoartesanos.com\/wp-content\/uploads\/2025\/04\/la-guerra-arancelaria-de-trump-empuja-a-los-tecnologicos-canadienses-a-replantearse-silicon-valley.jpg\",\"datePublished\":\"2025-03-31T23:46:39+00:00\",\"author\":{\"@id\":\"https:\/\/blog.tecnoartesanos.com\/#\/schema\/person\/ec88bc1410fd158963717c4216f04807\"},\"breadcrumb\":{\"@id\":\"https:\/\/blog.tecnoartesanos.com\/index.php\/2025\/03\/31\/la-guerra-arancelaria-de-trump-empuja-a-los-tecnologicos-canadienses-a-replantearse-silicon-valley\/#breadcrumb\"},\"inLanguage\":\"en-US\",\"potentialAction\":[{\"@type\":\"ReadAction\",\"target\":[\"https:\/\/blog.tecnoartesanos.com\/index.php\/2025\/03\/31\/la-guerra-arancelaria-de-trump-empuja-a-los-tecnologicos-canadienses-a-replantearse-silicon-valley\/\"]}]},{\"@type\":\"ImageObject\",\"inLanguage\":\"en-US\",\"@id\":\"https:\/\/blog.tecnoartesanos.com\/index.php\/2025\/03\/31\/la-guerra-arancelaria-de-trump-empuja-a-los-tecnologicos-canadienses-a-replantearse-silicon-valley\/#primaryimage\",\"url\":\"https:\/\/blog.tecnoartesanos.com\/wp-content\/uploads\/2025\/04\/la-guerra-arancelaria-de-trump-empuja-a-los-tecnologicos-canadienses-a-replantearse-silicon-valley.jpg\",\"contentUrl\":\"https:\/\/blog.tecnoartesanos.com\/wp-content\/uploads\/2025\/04\/la-guerra-arancelaria-de-trump-empuja-a-los-tecnologicos-canadienses-a-replantearse-silicon-valley.jpg\",\"width\":775,\"height\":516},{\"@type\":\"BreadcrumbList\",\"@id\":\"https:\/\/blog.tecnoartesanos.com\/index.php\/2025\/03\/31\/la-guerra-arancelaria-de-trump-empuja-a-los-tecnologicos-canadienses-a-replantearse-silicon-valley\/#breadcrumb\",\"itemListElement\":[{\"@type\":\"ListItem\",\"position\":1,\"name\":\"Home\",\"item\":\"https:\/\/blog.tecnoartesanos.com\/\"},{\"@type\":\"ListItem\",\"position\":2,\"name\":\"La guerra arancelaria de Trump empuja a los tecnol\u00f3gicos canadienses a replantearse Silicon Valley\"}]},{\"@type\":\"WebSite\",\"@id\":\"https:\/\/blog.tecnoartesanos.com\/#website\",\"url\":\"https:\/\/blog.tecnoartesanos.com\/\",\"name\":\"TecnoArtesanos Tech Blog\",\"description\":\"\",\"potentialAction\":[{\"@type\":\"SearchAction\",\"target\":{\"@type\":\"EntryPoint\",\"urlTemplate\":\"https:\/\/blog.tecnoartesanos.com\/?s={search_term_string}\"},\"query-input\":{\"@type\":\"PropertyValueSpecification\",\"valueRequired\":true,\"valueName\":\"search_term_string\"}}],\"inLanguage\":\"en-US\"},{\"@type\":\"Person\",\"@id\":\"https:\/\/blog.tecnoartesanos.com\/#\/schema\/person\/ec88bc1410fd158963717c4216f04807\",\"name\":\"Sergio Morales\",\"image\":{\"@type\":\"ImageObject\",\"inLanguage\":\"en-US\",\"@id\":\"https:\/\/blog.tecnoartesanos.com\/#\/schema\/person\/image\/\",\"url\":\"https:\/\/secure.gravatar.com\/avatar\/3d45178fc8fbbe32d39278bc504fa9093f947f406ff4f1ddcfa27505ab772184?s=96&d=mm&r=g\",\"contentUrl\":\"https:\/\/secure.gravatar.com\/avatar\/3d45178fc8fbbe32d39278bc504fa9093f947f406ff4f1ddcfa27505ab772184?s=96&d=mm&r=g\",\"caption\":\"Sergio Morales\"},\"sameAs\":[\"https:\/\/sergiomorales.space\"],\"url\":\"https:\/\/blog.tecnoartesanos.com\/index.php\/author\/sergiomorales\/\"}]}<\/script>\n<!-- \/ Yoast SEO plugin. -->","yoast_head_json":{"title":"La guerra arancelaria de Trump empuja a los tecnol\u00f3gicos canadienses a replantearse Silicon Valley - TecnoArtesanos Tech Blog","robots":{"index":"index","follow":"follow","max-snippet":"max-snippet:-1","max-image-preview":"max-image-preview:large","max-video-preview":"max-video-preview:-1"},"canonical":"https:\/\/blog.tecnoartesanos.com\/index.php\/2025\/03\/31\/la-guerra-arancelaria-de-trump-empuja-a-los-tecnologicos-canadienses-a-replantearse-silicon-valley\/","og_locale":"en_US","og_type":"article","og_title":"La guerra arancelaria de Trump empuja a los tecnol\u00f3gicos canadienses a replantearse Silicon Valley - TecnoArtesanos Tech Blog","og_description":"La semana pasada, el primer ministro canadiense, Mark Carney, declar\u00f3 que la &#8220;vieja relaci\u00f3n&#8221; que su pa\u00eds ten\u00eda con Estados Unidos hab\u00eda terminado y que estaba claro que ya no es un socio fiable. Los comentarios se produjeron despu\u00e9s de que EE UU anunciara nuevos y radicales aranceles a Canad\u00e1 y de que el presidente [&hellip;]","og_url":"https:\/\/blog.tecnoartesanos.com\/index.php\/2025\/03\/31\/la-guerra-arancelaria-de-trump-empuja-a-los-tecnologicos-canadienses-a-replantearse-silicon-valley\/","og_site_name":"TecnoArtesanos Tech Blog","article_published_time":"2025-03-31T23:46:39+00:00","og_image":[{"url":"https:\/\/media.es.wired.com\/photos\/67eaee41c26f75bdf0df2d54\/master\/pass\/Canadian-Tech-Talent-Trump-Threats-Business.jpg","type":"","width":"","height":""}],"author":"Sergio Morales","twitter_card":"summary_large_image","twitter_misc":{"Written by":"Sergio Morales","Est. reading time":"3 minutes"},"schema":{"@context":"https:\/\/schema.org","@graph":[{"@type":"WebPage","@id":"https:\/\/blog.tecnoartesanos.com\/index.php\/2025\/03\/31\/la-guerra-arancelaria-de-trump-empuja-a-los-tecnologicos-canadienses-a-replantearse-silicon-valley\/","url":"https:\/\/blog.tecnoartesanos.com\/index.php\/2025\/03\/31\/la-guerra-arancelaria-de-trump-empuja-a-los-tecnologicos-canadienses-a-replantearse-silicon-valley\/","name":"La guerra arancelaria de Trump empuja a los tecnol\u00f3gicos canadienses a replantearse Silicon Valley - TecnoArtesanos Tech Blog","isPartOf":{"@id":"https:\/\/blog.tecnoartesanos.com\/#website"},"primaryImageOfPage":{"@id":"https:\/\/blog.tecnoartesanos.com\/index.php\/2025\/03\/31\/la-guerra-arancelaria-de-trump-empuja-a-los-tecnologicos-canadienses-a-replantearse-silicon-valley\/#primaryimage"},"image":{"@id":"https:\/\/blog.tecnoartesanos.com\/index.php\/2025\/03\/31\/la-guerra-arancelaria-de-trump-empuja-a-los-tecnologicos-canadienses-a-replantearse-silicon-valley\/#primaryimage"},"thumbnailUrl":"https:\/\/blog.tecnoartesanos.com\/wp-content\/uploads\/2025\/04\/la-guerra-arancelaria-de-trump-empuja-a-los-tecnologicos-canadienses-a-replantearse-silicon-valley.jpg","datePublished":"2025-03-31T23:46:39+00:00","author":{"@id":"https:\/\/blog.tecnoartesanos.com\/#\/schema\/person\/ec88bc1410fd158963717c4216f04807"},"breadcrumb":{"@id":"https:\/\/blog.tecnoartesanos.com\/index.php\/2025\/03\/31\/la-guerra-arancelaria-de-trump-empuja-a-los-tecnologicos-canadienses-a-replantearse-silicon-valley\/#breadcrumb"},"inLanguage":"en-US","potentialAction":[{"@type":"ReadAction","target":["https:\/\/blog.tecnoartesanos.com\/index.php\/2025\/03\/31\/la-guerra-arancelaria-de-trump-empuja-a-los-tecnologicos-canadienses-a-replantearse-silicon-valley\/"]}]},{"@type":"ImageObject","inLanguage":"en-US","@id":"https:\/\/blog.tecnoartesanos.com\/index.php\/2025\/03\/31\/la-guerra-arancelaria-de-trump-empuja-a-los-tecnologicos-canadienses-a-replantearse-silicon-valley\/#primaryimage","url":"https:\/\/blog.tecnoartesanos.com\/wp-content\/uploads\/2025\/04\/la-guerra-arancelaria-de-trump-empuja-a-los-tecnologicos-canadienses-a-replantearse-silicon-valley.jpg","contentUrl":"https:\/\/blog.tecnoartesanos.com\/wp-content\/uploads\/2025\/04\/la-guerra-arancelaria-de-trump-empuja-a-los-tecnologicos-canadienses-a-replantearse-silicon-valley.jpg","width":775,"height":516},{"@type":"BreadcrumbList","@id":"https:\/\/blog.tecnoartesanos.com\/index.php\/2025\/03\/31\/la-guerra-arancelaria-de-trump-empuja-a-los-tecnologicos-canadienses-a-replantearse-silicon-valley\/#breadcrumb","itemListElement":[{"@type":"ListItem","position":1,"name":"Home","item":"https:\/\/blog.tecnoartesanos.com\/"},{"@type":"ListItem","position":2,"name":"La guerra arancelaria de Trump empuja a los tecnol\u00f3gicos canadienses a replantearse Silicon Valley"}]},{"@type":"WebSite","@id":"https:\/\/blog.tecnoartesanos.com\/#website","url":"https:\/\/blog.tecnoartesanos.com\/","name":"TecnoArtesanos Tech Blog","description":"","potentialAction":[{"@type":"SearchAction","target":{"@type":"EntryPoint","urlTemplate":"https:\/\/blog.tecnoartesanos.com\/?s={search_term_string}"},"query-input":{"@type":"PropertyValueSpecification","valueRequired":true,"valueName":"search_term_string"}}],"inLanguage":"en-US"},{"@type":"Person","@id":"https:\/\/blog.tecnoartesanos.com\/#\/schema\/person\/ec88bc1410fd158963717c4216f04807","name":"Sergio Morales","image":{"@type":"ImageObject","inLanguage":"en-US","@id":"https:\/\/blog.tecnoartesanos.com\/#\/schema\/person\/image\/","url":"https:\/\/secure.gravatar.com\/avatar\/3d45178fc8fbbe32d39278bc504fa9093f947f406ff4f1ddcfa27505ab772184?s=96&d=mm&r=g","contentUrl":"https:\/\/secure.gravatar.com\/avatar\/3d45178fc8fbbe32d39278bc504fa9093f947f406ff4f1ddcfa27505ab772184?s=96&d=mm&r=g","caption":"Sergio Morales"},"sameAs":["https:\/\/sergiomorales.space"],"url":"https:\/\/blog.tecnoartesanos.com\/index.php\/author\/sergiomorales\/"}]}},"_links":{"self":[{"href":"https:\/\/blog.tecnoartesanos.com\/index.php\/wp-json\/wp\/v2\/posts\/590","targetHints":{"allow":["GET"]}}],"collection":[{"href":"https:\/\/blog.tecnoartesanos.com\/index.php\/wp-json\/wp\/v2\/posts"}],"about":[{"href":"https:\/\/blog.tecnoartesanos.com\/index.php\/wp-json\/wp\/v2\/types\/post"}],"author":[{"embeddable":true,"href":"https:\/\/blog.tecnoartesanos.com\/index.php\/wp-json\/wp\/v2\/users\/2"}],"replies":[{"embeddable":true,"href":"https:\/\/blog.tecnoartesanos.com\/index.php\/wp-json\/wp\/v2\/comments?post=590"}],"version-history":[{"count":0,"href":"https:\/\/blog.tecnoartesanos.com\/index.php\/wp-json\/wp\/v2\/posts\/590\/revisions"}],"wp:featuredmedia":[{"embeddable":true,"href":"https:\/\/blog.tecnoartesanos.com\/index.php\/wp-json\/wp\/v2\/media\/591"}],"wp:attachment":[{"href":"https:\/\/blog.tecnoartesanos.com\/index.php\/wp-json\/wp\/v2\/media?parent=590"}],"wp:term":[{"taxonomy":"category","embeddable":true,"href":"https:\/\/blog.tecnoartesanos.com\/index.php\/wp-json\/wp\/v2\/categories?post=590"},{"taxonomy":"post_tag","embeddable":true,"href":"https:\/\/blog.tecnoartesanos.com\/index.php\/wp-json\/wp\/v2\/tags?post=590"}],"curies":[{"name":"wp","href":"https:\/\/api.w.org\/{rel}","templated":true}]}}