{"id":571,"date":"2025-03-27T18:53:06","date_gmt":"2025-03-27T18:53:06","guid":{"rendered":"http:\/\/67e5979fe0b8103bcb86df69"},"modified":"2025-03-27T18:53:06","modified_gmt":"2025-03-27T18:53:06","slug":"aranceles-estadounidenses-a-los-autos-golpean-a-la-industria-automotriz-europea","status":"publish","type":"post","link":"https:\/\/blog.tecnoartesanos.com\/index.php\/2025\/03\/27\/aranceles-estadounidenses-a-los-autos-golpean-a-la-industria-automotriz-europea\/","title":{"rendered":"Aranceles estadounidenses a los autos golpean a la industria automotriz europea"},"content":{"rendered":"<div class=\"media_block\"><img decoding=\"async\" src=\"https:\/\/media.es.wired.com\/photos\/67e59bdee9ae60366db3ea4f\/master\/pass\/aranceles%20autos%20Europa%202206403398.jpg\" class=\"media_thumbnail\"><\/div>\n<div><img decoding=\"async\" src=\"https:\/\/media.es.wired.com\/photos\/67e59bdee9ae60366db3ea4f\/16:9\/w_1280,c_limit\/aranceles%20autos%20Europa%202206403398.jpg\" class=\"ff-og-image-inserted\"><\/div>\n<p>Los mercados accionarios prev\u00e9n que <strong>las automotrices alemanas ser\u00e1n las m\u00e1s perjudicadas<\/strong>. Tras el anuncio de Trump, las acciones de Porsche se desplomaron un 5%, las de Mercedes cayeron hasta un 5.2%, las de BMW un 4.9%, y las de Volkswagen un 4.3%. Se calcula que Volkswagen, BMW, Mercedes-Benz, Porsche y Continental perdieron de manera conjunta alrededor de 4,840 millones de d\u00f3lares en valor de mercado.<\/p>\n<p>La Comisi\u00f3n Europea responde a los aranceles de Trump<\/p>\n<p>Ursula von der Leyen, presidenta de la Comisi\u00f3n Europea, lament\u00f3 \u201cprofundamente\u201d la decisi\u00f3n arancelaria de Estados Unidos. Asegur\u00f3 que \u201clos aranceles son impuestos, que son malos para las empresas y peores para los consumidores, tanto en Estados Unidos como en la Uni\u00f3n Europea\u201d. Adelant\u00f3 que el bloque buscar\u00e1 soluciones negociadas con Estados Unidos, pero resguardando los intereses econ\u00f3micos de la eurozona.<\/p>\n<p>Por su parte, Olof Gill, portavoz de Comercio del Ejecutivo comunitario, sostuvo que \u201cla Comisi\u00f3n est\u00e1 preparada para salvaguardar nuestros intereses econ\u00f3micos y, en caso necesario, <strong>daremos una respuesta firme, proporcionada, robusta, bien calibrada y oportuna<\/strong> a cualquier medida de Estados Unidos que sea injusta y contraproducente\u201d.<\/p>\n<p>El vocero indic\u00f3 que se busca una respuesta \u201cmuy estrat\u00e9gica\u201d que satisfaga a ambas partes y refuerce la <a href=\"https:\/\/es.wired.com\/articulos\/estados-unidos-y-union-europea-codigo-de-conducta-para-la-ia\">relaci\u00f3n econ\u00f3mica<\/a> entre ambas regiones. \u201cQueremos incrementar esa relaci\u00f3n, no derribarla, y consideramos que las nuevas medidas estadounidenses van totalmente en la direcci\u00f3n contraria\u201d, lament\u00f3.<\/p>\n<p>La industria automovil\u00edstica genera m\u00e1s del 7.5 % del Producto Interno Bruto (PIB) de la Uni\u00f3n Europea, seg\u00fan la ACEA. Emplea a cerca de 13.2 millones de personas y representa el 10.3% de todos los puestos de trabajo en el sector manufacturero dentro del bloque. Su contribuci\u00f3n al erario p\u00fablico de los gobiernos europeos se calcula en 383,700 millones de euros.<\/p>\n<p>Los aranceles de Estados Unidos a los autos importados han despertado el descontento de diversos socios econ\u00f3micos del pa\u00eds. Mark Carney, primer ministro de Canad\u00e1, asegur\u00f3 que la medida es un ataque directo a los trabajadores canadienses y acus\u00f3 a Donald Trump de traicionar los acuerdos del T-MEC.<\/p>\n<p>Por su parte, Shigeru Ishiba, primer ministro de Jap\u00f3n, afirm\u00f3 que su gobierno eval\u00faa \u201cmedidas apropiadas\u201d y que \u201ctodas las opciones son viables\u201d para responder al nuevo arancel estadounidense. En una reacci\u00f3n m\u00e1s contundente, Luiz In\u00e1cio Lula da Silva, presidente de Brasil, adelant\u00f3 que su administraci\u00f3n tomar\u00e1 las acciones necesarias para resguardar el mercado brasile\u00f1o. \u201cSi Trump est\u00e1 pensando en gravar todo lo que Estados Unidos importa, va a ser perjudicial para ellos. Va a elevar los precios y causar una inflaci\u00f3n que \u00e9l no percibe\u201d, concluy\u00f3.<\/p>\n","protected":false},"excerpt":{"rendered":"<p>Los mercados accionarios prev\u00e9n que las automotrices alemanas ser\u00e1n las m\u00e1s perjudicadas. Tras el anuncio de Trump, las acciones de Porsche se desplomaron un 5%, las de Mercedes cayeron hasta un 5.2%, las de BMW un 4.9%, y las de Volkswagen un 4.3%. Se calcula que Volkswagen, BMW, Mercedes-Benz, Porsche y Continental perdieron de manera [&hellip;]<\/p>\n","protected":false},"author":2,"featured_media":572,"comment_status":"closed","ping_status":"closed","sticky":false,"template":"","format":"standard","meta":{"footnotes":""},"categories":[1],"tags":[],"class_list":["post-571","post","type-post","status-publish","format-standard","has-post-thumbnail","hentry","category-technology"],"yoast_head":"<!-- This site is optimized with the Yoast SEO plugin v24.5 - https:\/\/yoast.com\/wordpress\/plugins\/seo\/ -->\n<title>Aranceles estadounidenses a los autos golpean a la industria automotriz europea - TecnoArtesanos Tech Blog<\/title>\n<meta name=\"robots\" content=\"index, follow, max-snippet:-1, max-image-preview:large, max-video-preview:-1\" \/>\n<link rel=\"canonical\" href=\"https:\/\/blog.tecnoartesanos.com\/index.php\/2025\/03\/27\/aranceles-estadounidenses-a-los-autos-golpean-a-la-industria-automotriz-europea\/\" \/>\n<meta property=\"og:locale\" content=\"en_US\" \/>\n<meta property=\"og:type\" content=\"article\" \/>\n<meta property=\"og:title\" content=\"Aranceles estadounidenses a los autos golpean a la industria automotriz europea - TecnoArtesanos Tech Blog\" \/>\n<meta property=\"og:description\" content=\"Los mercados accionarios prev\u00e9n que las automotrices alemanas ser\u00e1n las m\u00e1s perjudicadas. Tras el anuncio de Trump, las acciones de Porsche se desplomaron un 5%, las de Mercedes cayeron hasta un 5.2%, las de BMW un 4.9%, y las de Volkswagen un 4.3%. Se calcula que Volkswagen, BMW, Mercedes-Benz, Porsche y Continental perdieron de manera [&hellip;]\" \/>\n<meta property=\"og:url\" content=\"https:\/\/blog.tecnoartesanos.com\/index.php\/2025\/03\/27\/aranceles-estadounidenses-a-los-autos-golpean-a-la-industria-automotriz-europea\/\" \/>\n<meta property=\"og:site_name\" content=\"TecnoArtesanos Tech Blog\" \/>\n<meta property=\"article:published_time\" content=\"2025-03-27T18:53:06+00:00\" \/>\n<meta property=\"og:image\" content=\"https:\/\/media.es.wired.com\/photos\/67e59bdee9ae60366db3ea4f\/master\/pass\/aranceles%20autos%20Europa%202206403398.jpg\" \/>\n<meta name=\"author\" content=\"Sergio Morales\" \/>\n<meta name=\"twitter:card\" content=\"summary_large_image\" \/>\n<meta name=\"twitter:label1\" content=\"Written by\" \/>\n\t<meta name=\"twitter:data1\" content=\"Sergio Morales\" \/>\n\t<meta name=\"twitter:label2\" content=\"Est. reading time\" \/>\n\t<meta name=\"twitter:data2\" content=\"2 minutes\" \/>\n<script type=\"application\/ld+json\" class=\"yoast-schema-graph\">{\"@context\":\"https:\/\/schema.org\",\"@graph\":[{\"@type\":\"WebPage\",\"@id\":\"https:\/\/blog.tecnoartesanos.com\/index.php\/2025\/03\/27\/aranceles-estadounidenses-a-los-autos-golpean-a-la-industria-automotriz-europea\/\",\"url\":\"https:\/\/blog.tecnoartesanos.com\/index.php\/2025\/03\/27\/aranceles-estadounidenses-a-los-autos-golpean-a-la-industria-automotriz-europea\/\",\"name\":\"Aranceles estadounidenses a los autos golpean a la industria automotriz europea - TecnoArtesanos Tech Blog\",\"isPartOf\":{\"@id\":\"https:\/\/blog.tecnoartesanos.com\/#website\"},\"primaryImageOfPage\":{\"@id\":\"https:\/\/blog.tecnoartesanos.com\/index.php\/2025\/03\/27\/aranceles-estadounidenses-a-los-autos-golpean-a-la-industria-automotriz-europea\/#primaryimage\"},\"image\":{\"@id\":\"https:\/\/blog.tecnoartesanos.com\/index.php\/2025\/03\/27\/aranceles-estadounidenses-a-los-autos-golpean-a-la-industria-automotriz-europea\/#primaryimage\"},\"thumbnailUrl\":\"https:\/\/blog.tecnoartesanos.com\/wp-content\/uploads\/2025\/03\/aranceles-estadounidenses-a-los-autos-golpean-a-la-industria-automotriz-europea.jpg\",\"datePublished\":\"2025-03-27T18:53:06+00:00\",\"author\":{\"@id\":\"https:\/\/blog.tecnoartesanos.com\/#\/schema\/person\/ec88bc1410fd158963717c4216f04807\"},\"breadcrumb\":{\"@id\":\"https:\/\/blog.tecnoartesanos.com\/index.php\/2025\/03\/27\/aranceles-estadounidenses-a-los-autos-golpean-a-la-industria-automotriz-europea\/#breadcrumb\"},\"inLanguage\":\"en-US\",\"potentialAction\":[{\"@type\":\"ReadAction\",\"target\":[\"https:\/\/blog.tecnoartesanos.com\/index.php\/2025\/03\/27\/aranceles-estadounidenses-a-los-autos-golpean-a-la-industria-automotriz-europea\/\"]}]},{\"@type\":\"ImageObject\",\"inLanguage\":\"en-US\",\"@id\":\"https:\/\/blog.tecnoartesanos.com\/index.php\/2025\/03\/27\/aranceles-estadounidenses-a-los-autos-golpean-a-la-industria-automotriz-europea\/#primaryimage\",\"url\":\"https:\/\/blog.tecnoartesanos.com\/wp-content\/uploads\/2025\/03\/aranceles-estadounidenses-a-los-autos-golpean-a-la-industria-automotriz-europea.jpg\",\"contentUrl\":\"https:\/\/blog.tecnoartesanos.com\/wp-content\/uploads\/2025\/03\/aranceles-estadounidenses-a-los-autos-golpean-a-la-industria-automotriz-europea.jpg\",\"width\":1280,\"height\":720},{\"@type\":\"BreadcrumbList\",\"@id\":\"https:\/\/blog.tecnoartesanos.com\/index.php\/2025\/03\/27\/aranceles-estadounidenses-a-los-autos-golpean-a-la-industria-automotriz-europea\/#breadcrumb\",\"itemListElement\":[{\"@type\":\"ListItem\",\"position\":1,\"name\":\"Home\",\"item\":\"https:\/\/blog.tecnoartesanos.com\/\"},{\"@type\":\"ListItem\",\"position\":2,\"name\":\"Aranceles estadounidenses a los autos golpean a la industria automotriz europea\"}]},{\"@type\":\"WebSite\",\"@id\":\"https:\/\/blog.tecnoartesanos.com\/#website\",\"url\":\"https:\/\/blog.tecnoartesanos.com\/\",\"name\":\"TecnoArtesanos Tech Blog\",\"description\":\"\",\"potentialAction\":[{\"@type\":\"SearchAction\",\"target\":{\"@type\":\"EntryPoint\",\"urlTemplate\":\"https:\/\/blog.tecnoartesanos.com\/?s={search_term_string}\"},\"query-input\":{\"@type\":\"PropertyValueSpecification\",\"valueRequired\":true,\"valueName\":\"search_term_string\"}}],\"inLanguage\":\"en-US\"},{\"@type\":\"Person\",\"@id\":\"https:\/\/blog.tecnoartesanos.com\/#\/schema\/person\/ec88bc1410fd158963717c4216f04807\",\"name\":\"Sergio Morales\",\"image\":{\"@type\":\"ImageObject\",\"inLanguage\":\"en-US\",\"@id\":\"https:\/\/blog.tecnoartesanos.com\/#\/schema\/person\/image\/\",\"url\":\"https:\/\/secure.gravatar.com\/avatar\/3d45178fc8fbbe32d39278bc504fa9093f947f406ff4f1ddcfa27505ab772184?s=96&d=mm&r=g\",\"contentUrl\":\"https:\/\/secure.gravatar.com\/avatar\/3d45178fc8fbbe32d39278bc504fa9093f947f406ff4f1ddcfa27505ab772184?s=96&d=mm&r=g\",\"caption\":\"Sergio Morales\"},\"sameAs\":[\"https:\/\/sergiomorales.space\"],\"url\":\"https:\/\/blog.tecnoartesanos.com\/index.php\/author\/sergiomorales\/\"}]}<\/script>\n<!-- \/ Yoast SEO plugin. -->","yoast_head_json":{"title":"Aranceles estadounidenses a los autos golpean a la industria automotriz europea - TecnoArtesanos Tech Blog","robots":{"index":"index","follow":"follow","max-snippet":"max-snippet:-1","max-image-preview":"max-image-preview:large","max-video-preview":"max-video-preview:-1"},"canonical":"https:\/\/blog.tecnoartesanos.com\/index.php\/2025\/03\/27\/aranceles-estadounidenses-a-los-autos-golpean-a-la-industria-automotriz-europea\/","og_locale":"en_US","og_type":"article","og_title":"Aranceles estadounidenses a los autos golpean a la industria automotriz europea - TecnoArtesanos Tech Blog","og_description":"Los mercados accionarios prev\u00e9n que las automotrices alemanas ser\u00e1n las m\u00e1s perjudicadas. Tras el anuncio de Trump, las acciones de Porsche se desplomaron un 5%, las de Mercedes cayeron hasta un 5.2%, las de BMW un 4.9%, y las de Volkswagen un 4.3%. Se calcula que Volkswagen, BMW, Mercedes-Benz, Porsche y Continental perdieron de manera [&hellip;]","og_url":"https:\/\/blog.tecnoartesanos.com\/index.php\/2025\/03\/27\/aranceles-estadounidenses-a-los-autos-golpean-a-la-industria-automotriz-europea\/","og_site_name":"TecnoArtesanos Tech Blog","article_published_time":"2025-03-27T18:53:06+00:00","og_image":[{"url":"https:\/\/media.es.wired.com\/photos\/67e59bdee9ae60366db3ea4f\/master\/pass\/aranceles%20autos%20Europa%202206403398.jpg","type":"","width":"","height":""}],"author":"Sergio Morales","twitter_card":"summary_large_image","twitter_misc":{"Written by":"Sergio Morales","Est. reading time":"2 minutes"},"schema":{"@context":"https:\/\/schema.org","@graph":[{"@type":"WebPage","@id":"https:\/\/blog.tecnoartesanos.com\/index.php\/2025\/03\/27\/aranceles-estadounidenses-a-los-autos-golpean-a-la-industria-automotriz-europea\/","url":"https:\/\/blog.tecnoartesanos.com\/index.php\/2025\/03\/27\/aranceles-estadounidenses-a-los-autos-golpean-a-la-industria-automotriz-europea\/","name":"Aranceles estadounidenses a los autos golpean a la industria automotriz europea - TecnoArtesanos Tech Blog","isPartOf":{"@id":"https:\/\/blog.tecnoartesanos.com\/#website"},"primaryImageOfPage":{"@id":"https:\/\/blog.tecnoartesanos.com\/index.php\/2025\/03\/27\/aranceles-estadounidenses-a-los-autos-golpean-a-la-industria-automotriz-europea\/#primaryimage"},"image":{"@id":"https:\/\/blog.tecnoartesanos.com\/index.php\/2025\/03\/27\/aranceles-estadounidenses-a-los-autos-golpean-a-la-industria-automotriz-europea\/#primaryimage"},"thumbnailUrl":"https:\/\/blog.tecnoartesanos.com\/wp-content\/uploads\/2025\/03\/aranceles-estadounidenses-a-los-autos-golpean-a-la-industria-automotriz-europea.jpg","datePublished":"2025-03-27T18:53:06+00:00","author":{"@id":"https:\/\/blog.tecnoartesanos.com\/#\/schema\/person\/ec88bc1410fd158963717c4216f04807"},"breadcrumb":{"@id":"https:\/\/blog.tecnoartesanos.com\/index.php\/2025\/03\/27\/aranceles-estadounidenses-a-los-autos-golpean-a-la-industria-automotriz-europea\/#breadcrumb"},"inLanguage":"en-US","potentialAction":[{"@type":"ReadAction","target":["https:\/\/blog.tecnoartesanos.com\/index.php\/2025\/03\/27\/aranceles-estadounidenses-a-los-autos-golpean-a-la-industria-automotriz-europea\/"]}]},{"@type":"ImageObject","inLanguage":"en-US","@id":"https:\/\/blog.tecnoartesanos.com\/index.php\/2025\/03\/27\/aranceles-estadounidenses-a-los-autos-golpean-a-la-industria-automotriz-europea\/#primaryimage","url":"https:\/\/blog.tecnoartesanos.com\/wp-content\/uploads\/2025\/03\/aranceles-estadounidenses-a-los-autos-golpean-a-la-industria-automotriz-europea.jpg","contentUrl":"https:\/\/blog.tecnoartesanos.com\/wp-content\/uploads\/2025\/03\/aranceles-estadounidenses-a-los-autos-golpean-a-la-industria-automotriz-europea.jpg","width":1280,"height":720},{"@type":"BreadcrumbList","@id":"https:\/\/blog.tecnoartesanos.com\/index.php\/2025\/03\/27\/aranceles-estadounidenses-a-los-autos-golpean-a-la-industria-automotriz-europea\/#breadcrumb","itemListElement":[{"@type":"ListItem","position":1,"name":"Home","item":"https:\/\/blog.tecnoartesanos.com\/"},{"@type":"ListItem","position":2,"name":"Aranceles estadounidenses a los autos golpean a la industria automotriz europea"}]},{"@type":"WebSite","@id":"https:\/\/blog.tecnoartesanos.com\/#website","url":"https:\/\/blog.tecnoartesanos.com\/","name":"TecnoArtesanos Tech Blog","description":"","potentialAction":[{"@type":"SearchAction","target":{"@type":"EntryPoint","urlTemplate":"https:\/\/blog.tecnoartesanos.com\/?s={search_term_string}"},"query-input":{"@type":"PropertyValueSpecification","valueRequired":true,"valueName":"search_term_string"}}],"inLanguage":"en-US"},{"@type":"Person","@id":"https:\/\/blog.tecnoartesanos.com\/#\/schema\/person\/ec88bc1410fd158963717c4216f04807","name":"Sergio Morales","image":{"@type":"ImageObject","inLanguage":"en-US","@id":"https:\/\/blog.tecnoartesanos.com\/#\/schema\/person\/image\/","url":"https:\/\/secure.gravatar.com\/avatar\/3d45178fc8fbbe32d39278bc504fa9093f947f406ff4f1ddcfa27505ab772184?s=96&d=mm&r=g","contentUrl":"https:\/\/secure.gravatar.com\/avatar\/3d45178fc8fbbe32d39278bc504fa9093f947f406ff4f1ddcfa27505ab772184?s=96&d=mm&r=g","caption":"Sergio Morales"},"sameAs":["https:\/\/sergiomorales.space"],"url":"https:\/\/blog.tecnoartesanos.com\/index.php\/author\/sergiomorales\/"}]}},"_links":{"self":[{"href":"https:\/\/blog.tecnoartesanos.com\/index.php\/wp-json\/wp\/v2\/posts\/571","targetHints":{"allow":["GET"]}}],"collection":[{"href":"https:\/\/blog.tecnoartesanos.com\/index.php\/wp-json\/wp\/v2\/posts"}],"about":[{"href":"https:\/\/blog.tecnoartesanos.com\/index.php\/wp-json\/wp\/v2\/types\/post"}],"author":[{"embeddable":true,"href":"https:\/\/blog.tecnoartesanos.com\/index.php\/wp-json\/wp\/v2\/users\/2"}],"replies":[{"embeddable":true,"href":"https:\/\/blog.tecnoartesanos.com\/index.php\/wp-json\/wp\/v2\/comments?post=571"}],"version-history":[{"count":0,"href":"https:\/\/blog.tecnoartesanos.com\/index.php\/wp-json\/wp\/v2\/posts\/571\/revisions"}],"wp:featuredmedia":[{"embeddable":true,"href":"https:\/\/blog.tecnoartesanos.com\/index.php\/wp-json\/wp\/v2\/media\/572"}],"wp:attachment":[{"href":"https:\/\/blog.tecnoartesanos.com\/index.php\/wp-json\/wp\/v2\/media?parent=571"}],"wp:term":[{"taxonomy":"category","embeddable":true,"href":"https:\/\/blog.tecnoartesanos.com\/index.php\/wp-json\/wp\/v2\/categories?post=571"},{"taxonomy":"post_tag","embeddable":true,"href":"https:\/\/blog.tecnoartesanos.com\/index.php\/wp-json\/wp\/v2\/tags?post=571"}],"curies":[{"name":"wp","href":"https:\/\/api.w.org\/{rel}","templated":true}]}}