{"id":529,"date":"2025-03-24T17:02:16","date_gmt":"2025-03-24T17:02:16","guid":{"rendered":"http:\/\/67e16cb0c81ee37b3f86210b"},"modified":"2025-03-24T17:02:16","modified_gmt":"2025-03-24T17:02:16","slug":"para-arreglar-siri-apple-tendra-que-replantearse-el-concepto-de-privacidad","status":"publish","type":"post","link":"https:\/\/blog.tecnoartesanos.com\/index.php\/2025\/03\/24\/para-arreglar-siri-apple-tendra-que-replantearse-el-concepto-de-privacidad\/","title":{"rendered":"Para arreglar Siri, Apple tendr\u00e1 que replantearse el concepto de &#8220;privacidad&#8221;"},"content":{"rendered":"<div class=\"media_block\"><img decoding=\"async\" src=\"https:\/\/media.es.wired.com\/photos\/67e16cb0da3b0c60442bc8bc\/master\/pass\/siri-gear-2156649816.jpg\" class=\"media_thumbnail\"><\/div>\n<p>Aun as\u00ed, las posibilidades entusiasmaron a Apple y a su entonces director ejecutivo, Steve Jobs. &#8220;Fue el \u00faltimo acuerdo de Steve. Estuvo involucrado en todas las etapas del acuerdo, negociando el trato y haciendo el seguimiento, asegur\u00e1ndose de que tuvi\u00e9ramos \u00e9xito en Apple despu\u00e9s de que nos compraran&#8221;, explica a WIRED Tom Gruber, cofundador de Siri.<\/p>\n<p><strong>Sin embargo, otros ejecutivos de Apple pintan el panorama de un asistente digital muy defectuoso que nunca estuvo realmente a la altura del trabajo que Apple nos vendi\u00f3.<\/strong> Siri funcionaba, pero solo dentro de silos funcionales muy limitados. &#8220;Lo que adquirimos fue una demo que funcionar\u00eda muy bien para un par de personas, pero no escalar\u00eda a nuestra base de usuarios&#8230; hab\u00eda muchas promesas detr\u00e1s de la implementaci\u00f3n original de Siri&#8221;, refiri\u00f3 el exejecutivo Richard Williamson al Museo de Historia de la Computaci\u00f3n en una entrevista de 2017.<\/p>\n<p>&#8220;\u00bfEsta noci\u00f3n de IA? No era IA&#8230; era un problema. Es s\u00faper f\u00e1cil enga\u00f1ar a Siri. No hay procesamiento del lenguaje natural (PNL), no hay contextualizaci\u00f3n de las palabras. Es solo coincidencia de palabras clave&#8221;, describe Williamson. <strong>Pero ahora, incluso con la IA, no se puede confiar en que Siri funcione realmente cuando se utiliza en el mundo real.<\/strong> La pregunta clave es: &#8220;\u00bfpor qu\u00e9?&#8221; Puede que la tecnolog\u00eda de <em>chatbot<\/em> no est\u00e9 totalmente madura, pero al menos est\u00e1 lo suficientemente extendida como para que los no tecn\u00f3filos la utilicen a diario en plataformas de la competencia.<\/p>\n<p>Un factor de confusi\u00f3n: es probable que el enfoque de Apple no se acerque a la norma. Para que Alexa funcione lo mejor posible, hay que sentirse c\u00f3modo entregando grandes cantidades de datos, mientras que Sam Altman, de OpenAI, parece dispuesto a destruir categor\u00edas enteras de puestos de trabajo en aras del progreso. \u00bfPero Tim Cook y Apple? Una imagen m\u00e1s limpia y positiva ha sido durante d\u00e9cadas parte del atractivo de la compa\u00f1\u00eda, y eso incluye un enfoque muy claro en la privacidad.<\/p>\n<p>&#8220;Hay una buena excusa para que Apple espere, y es si realmente consideras el valor de la privacidad y la administraci\u00f3n de datos como un derecho sagrado&#8221;, reitera Gruber. A\u00f1ade que si realmente lo consideran una prioridad absoluta, pueden encontrarse con conflictos de inter\u00e9s: &#8220;Si env\u00edan todas las consultas a OpenAI y le dan todo el contexto que la empresa necesita, probablemente podr\u00edan hacer m\u00e1s, pero entonces estar\u00edan renunciando a su garant\u00eda de privacidad.&#8221;<\/p>\n<p><strong>Por a\u00f1os, el enfoque de privacidad tambi\u00e9n se percibi\u00f3 como una raz\u00f3n por la que Siri nunca se sinti\u00f3 tan bien de usar como Google Assistant.<\/strong> Parec\u00eda menos inteligente, menos org\u00e1nica, literalmente sab\u00eda menos sobre ti. E independientemente de hasta qu\u00e9 punto eso era cierto, tambi\u00e9n es parte del problema en esta nueva Siri.<\/p>\n<hr>\n<div class=\"ContentCardEmbedWrapper-kULtsE iGAJsG content-card-embed content-card-embed--stacked\" data-testid=\"ContentCardEmbedWrapper\" readability=\"19.137254901961\">\n<div class=\"ContentCardEmbedImage-iwqgVw jlIubp content-card-embed__image\" data-testid=\"ContentCardEmbedImage\"><span class=\"SpanWrapper-umhxW jvZaPI responsive-asset\"><picture class=\"ResponsiveImagePicture-cWuUZO dUOtEa responsive-image\"><img decoding=\"async\" alt=\"iPad Air con chip M3 de Apple\" class=\"ResponsiveImageContainer-eybHBd fptoWY responsive-image__image\" src=\"https:\/\/media.es.wired.com\/photos\/67c7387f8aa1429afef12027\/master\/w_775%2Cc_limit\/Apple-iPad-Air-hero-250304.jpg\" srcset=\"https:\/\/media.es.wired.com\/photos\/67c7387f8aa1429afef12027\/master\/w_120,c_limit\/Apple-iPad-Air-hero-250304.jpg 120w, https:\/\/media.es.wired.com\/photos\/67c7387f8aa1429afef12027\/master\/w_240,c_limit\/Apple-iPad-Air-hero-250304.jpg 240w, https:\/\/media.es.wired.com\/photos\/67c7387f8aa1429afef12027\/master\/w_320,c_limit\/Apple-iPad-Air-hero-250304.jpg 320w, https:\/\/media.es.wired.com\/photos\/67c7387f8aa1429afef12027\/master\/w_640,c_limit\/Apple-iPad-Air-hero-250304.jpg 640w\" sizes=\"100vw\"><\/picture><\/span><\/div>\n<div class=\"ContentCardEmbedInfo-bDftKl bGnSrq\" readability=\"20.333333333333\">\n<div class=\"BaseWrap-sc-gjQpdd BaseText-ewhhUZ ContentCardEmbedHed-kJVPGC iUEiRd cekThb cewqFA content-card-embed__hed\" data-testid=\"ContentCardEmbedHed\"><a class=\"BaseWrap-sc-gjQpdd BaseText-ewhhUZ BaseLink-eNWuiM ContentCardEmbedHedLink-eXLwe iUEiRd cekThb gqhxzW eFUKSb content-card-embed__hed-link\" href=\"https:\/\/es.wired.com\/articulos\/asi-es-el-nuevo-ipad-air-de-apple-con-chip-m3-preparada-para-apple-intelligence\" data-testid=\"ContentCardEmbedHedLink\">As\u00ed es el nuevo iPad Air de Apple, con chip M3, preparada para Apple Intelligence<\/a><\/div>\n<p>Con el nuevo procesador M3, el iPad Air es el doble de r\u00e1pido que el mismo dispositivo que sali\u00f3 con el chip M1 en 2022.<\/p>\n<\/div>\n<\/div>\n<hr>\n<h2>Una historia de dos mitades<\/h2>\n<p><strong>La nueva Siri se basa en dos componentes principales: un <a href=\"https:\/\/es.wired.com\/articulos\/llm-los-modelos-extensos-de-lenguaje-seran-obsoletos\">gran modelo de lenguaje (LLM)<\/a> que se ejecuta en el propio iPhone, y las consultas m\u00e1s complejas que se transfieren a OpenAI.<\/strong> Para ello, tendr\u00e1s que dar permiso al tel\u00e9fono.<\/p>\n<p>Se calcula que los sistemas de IA de Apple en el iPhone constan de unos 3,000 millones de par\u00e1metros, mientras que algunas estimaciones sit\u00faan el n\u00famero de par\u00e1metros de GPT-4 de OpenAI en 1.8 billones, seiscientas veces m\u00e1s. A principios de 2025, DeepSeek salt\u00f3 a los titulares como un modelo de inteligencia artificial m\u00e1s eficiente y \u00e1gil, pero sigue constando de 671,000 millones de par\u00e1metros.<\/p>\n","protected":false},"excerpt":{"rendered":"<p>Aun as\u00ed, las posibilidades entusiasmaron a Apple y a su entonces director ejecutivo, Steve Jobs. &#8220;Fue el \u00faltimo acuerdo de Steve. Estuvo involucrado en todas las etapas del acuerdo, negociando el trato y haciendo el seguimiento, asegur\u00e1ndose de que tuvi\u00e9ramos \u00e9xito en Apple despu\u00e9s de que nos compraran&#8221;, explica a WIRED Tom Gruber, cofundador de [&hellip;]<\/p>\n","protected":false},"author":2,"featured_media":530,"comment_status":"closed","ping_status":"closed","sticky":false,"template":"","format":"standard","meta":{"footnotes":""},"categories":[1],"tags":[],"class_list":["post-529","post","type-post","status-publish","format-standard","has-post-thumbnail","hentry","category-technology"],"yoast_head":"<!-- This site is optimized with the Yoast SEO plugin v24.5 - https:\/\/yoast.com\/wordpress\/plugins\/seo\/ -->\n<title>Para arreglar Siri, Apple tendr\u00e1 que replantearse el concepto de &quot;privacidad&quot; - TecnoArtesanos Tech Blog<\/title>\n<meta name=\"robots\" content=\"index, follow, max-snippet:-1, max-image-preview:large, max-video-preview:-1\" \/>\n<link rel=\"canonical\" href=\"https:\/\/blog.tecnoartesanos.com\/index.php\/2025\/03\/24\/para-arreglar-siri-apple-tendra-que-replantearse-el-concepto-de-privacidad\/\" \/>\n<meta property=\"og:locale\" content=\"en_US\" \/>\n<meta property=\"og:type\" content=\"article\" \/>\n<meta property=\"og:title\" content=\"Para arreglar Siri, Apple tendr\u00e1 que replantearse el concepto de &quot;privacidad&quot; - TecnoArtesanos Tech Blog\" \/>\n<meta property=\"og:description\" content=\"Aun as\u00ed, las posibilidades entusiasmaron a Apple y a su entonces director ejecutivo, Steve Jobs. &#8220;Fue el \u00faltimo acuerdo de Steve. Estuvo involucrado en todas las etapas del acuerdo, negociando el trato y haciendo el seguimiento, asegur\u00e1ndose de que tuvi\u00e9ramos \u00e9xito en Apple despu\u00e9s de que nos compraran&#8221;, explica a WIRED Tom Gruber, cofundador de [&hellip;]\" \/>\n<meta property=\"og:url\" content=\"https:\/\/blog.tecnoartesanos.com\/index.php\/2025\/03\/24\/para-arreglar-siri-apple-tendra-que-replantearse-el-concepto-de-privacidad\/\" \/>\n<meta property=\"og:site_name\" content=\"TecnoArtesanos Tech Blog\" \/>\n<meta property=\"article:published_time\" content=\"2025-03-24T17:02:16+00:00\" \/>\n<meta property=\"og:image\" content=\"https:\/\/media.es.wired.com\/photos\/67e16cb0da3b0c60442bc8bc\/master\/pass\/siri-gear-2156649816.jpg\" \/>\n<meta name=\"author\" content=\"Sergio Morales\" \/>\n<meta name=\"twitter:card\" content=\"summary_large_image\" \/>\n<meta name=\"twitter:label1\" content=\"Written by\" \/>\n\t<meta name=\"twitter:data1\" content=\"Sergio Morales\" \/>\n\t<meta name=\"twitter:label2\" content=\"Est. reading time\" \/>\n\t<meta name=\"twitter:data2\" content=\"3 minutes\" \/>\n<script type=\"application\/ld+json\" class=\"yoast-schema-graph\">{\"@context\":\"https:\/\/schema.org\",\"@graph\":[{\"@type\":\"WebPage\",\"@id\":\"https:\/\/blog.tecnoartesanos.com\/index.php\/2025\/03\/24\/para-arreglar-siri-apple-tendra-que-replantearse-el-concepto-de-privacidad\/\",\"url\":\"https:\/\/blog.tecnoartesanos.com\/index.php\/2025\/03\/24\/para-arreglar-siri-apple-tendra-que-replantearse-el-concepto-de-privacidad\/\",\"name\":\"Para arreglar Siri, Apple tendr\u00e1 que replantearse el concepto de \\\"privacidad\\\" - TecnoArtesanos Tech Blog\",\"isPartOf\":{\"@id\":\"https:\/\/blog.tecnoartesanos.com\/#website\"},\"primaryImageOfPage\":{\"@id\":\"https:\/\/blog.tecnoartesanos.com\/index.php\/2025\/03\/24\/para-arreglar-siri-apple-tendra-que-replantearse-el-concepto-de-privacidad\/#primaryimage\"},\"image\":{\"@id\":\"https:\/\/blog.tecnoartesanos.com\/index.php\/2025\/03\/24\/para-arreglar-siri-apple-tendra-que-replantearse-el-concepto-de-privacidad\/#primaryimage\"},\"thumbnailUrl\":\"https:\/\/blog.tecnoartesanos.com\/wp-content\/uploads\/2025\/03\/para-arreglar-siri-apple-tendra-que-replantearse-el-concepto-de-privacidad.jpg\",\"datePublished\":\"2025-03-24T17:02:16+00:00\",\"author\":{\"@id\":\"https:\/\/blog.tecnoartesanos.com\/#\/schema\/person\/ec88bc1410fd158963717c4216f04807\"},\"breadcrumb\":{\"@id\":\"https:\/\/blog.tecnoartesanos.com\/index.php\/2025\/03\/24\/para-arreglar-siri-apple-tendra-que-replantearse-el-concepto-de-privacidad\/#breadcrumb\"},\"inLanguage\":\"en-US\",\"potentialAction\":[{\"@type\":\"ReadAction\",\"target\":[\"https:\/\/blog.tecnoartesanos.com\/index.php\/2025\/03\/24\/para-arreglar-siri-apple-tendra-que-replantearse-el-concepto-de-privacidad\/\"]}]},{\"@type\":\"ImageObject\",\"inLanguage\":\"en-US\",\"@id\":\"https:\/\/blog.tecnoartesanos.com\/index.php\/2025\/03\/24\/para-arreglar-siri-apple-tendra-que-replantearse-el-concepto-de-privacidad\/#primaryimage\",\"url\":\"https:\/\/blog.tecnoartesanos.com\/wp-content\/uploads\/2025\/03\/para-arreglar-siri-apple-tendra-que-replantearse-el-concepto-de-privacidad.jpg\",\"contentUrl\":\"https:\/\/blog.tecnoartesanos.com\/wp-content\/uploads\/2025\/03\/para-arreglar-siri-apple-tendra-que-replantearse-el-concepto-de-privacidad.jpg\",\"width\":775,\"height\":436},{\"@type\":\"BreadcrumbList\",\"@id\":\"https:\/\/blog.tecnoartesanos.com\/index.php\/2025\/03\/24\/para-arreglar-siri-apple-tendra-que-replantearse-el-concepto-de-privacidad\/#breadcrumb\",\"itemListElement\":[{\"@type\":\"ListItem\",\"position\":1,\"name\":\"Home\",\"item\":\"https:\/\/blog.tecnoartesanos.com\/\"},{\"@type\":\"ListItem\",\"position\":2,\"name\":\"Para arreglar Siri, Apple tendr\u00e1 que replantearse el concepto de &#8220;privacidad&#8221;\"}]},{\"@type\":\"WebSite\",\"@id\":\"https:\/\/blog.tecnoartesanos.com\/#website\",\"url\":\"https:\/\/blog.tecnoartesanos.com\/\",\"name\":\"TecnoArtesanos Tech Blog\",\"description\":\"\",\"potentialAction\":[{\"@type\":\"SearchAction\",\"target\":{\"@type\":\"EntryPoint\",\"urlTemplate\":\"https:\/\/blog.tecnoartesanos.com\/?s={search_term_string}\"},\"query-input\":{\"@type\":\"PropertyValueSpecification\",\"valueRequired\":true,\"valueName\":\"search_term_string\"}}],\"inLanguage\":\"en-US\"},{\"@type\":\"Person\",\"@id\":\"https:\/\/blog.tecnoartesanos.com\/#\/schema\/person\/ec88bc1410fd158963717c4216f04807\",\"name\":\"Sergio Morales\",\"image\":{\"@type\":\"ImageObject\",\"inLanguage\":\"en-US\",\"@id\":\"https:\/\/blog.tecnoartesanos.com\/#\/schema\/person\/image\/\",\"url\":\"https:\/\/secure.gravatar.com\/avatar\/3d45178fc8fbbe32d39278bc504fa9093f947f406ff4f1ddcfa27505ab772184?s=96&d=mm&r=g\",\"contentUrl\":\"https:\/\/secure.gravatar.com\/avatar\/3d45178fc8fbbe32d39278bc504fa9093f947f406ff4f1ddcfa27505ab772184?s=96&d=mm&r=g\",\"caption\":\"Sergio Morales\"},\"sameAs\":[\"https:\/\/sergiomorales.space\"],\"url\":\"https:\/\/blog.tecnoartesanos.com\/index.php\/author\/sergiomorales\/\"}]}<\/script>\n<!-- \/ Yoast SEO plugin. -->","yoast_head_json":{"title":"Para arreglar Siri, Apple tendr\u00e1 que replantearse el concepto de \"privacidad\" - TecnoArtesanos Tech Blog","robots":{"index":"index","follow":"follow","max-snippet":"max-snippet:-1","max-image-preview":"max-image-preview:large","max-video-preview":"max-video-preview:-1"},"canonical":"https:\/\/blog.tecnoartesanos.com\/index.php\/2025\/03\/24\/para-arreglar-siri-apple-tendra-que-replantearse-el-concepto-de-privacidad\/","og_locale":"en_US","og_type":"article","og_title":"Para arreglar Siri, Apple tendr\u00e1 que replantearse el concepto de \"privacidad\" - TecnoArtesanos Tech Blog","og_description":"Aun as\u00ed, las posibilidades entusiasmaron a Apple y a su entonces director ejecutivo, Steve Jobs. &#8220;Fue el \u00faltimo acuerdo de Steve. Estuvo involucrado en todas las etapas del acuerdo, negociando el trato y haciendo el seguimiento, asegur\u00e1ndose de que tuvi\u00e9ramos \u00e9xito en Apple despu\u00e9s de que nos compraran&#8221;, explica a WIRED Tom Gruber, cofundador de [&hellip;]","og_url":"https:\/\/blog.tecnoartesanos.com\/index.php\/2025\/03\/24\/para-arreglar-siri-apple-tendra-que-replantearse-el-concepto-de-privacidad\/","og_site_name":"TecnoArtesanos Tech Blog","article_published_time":"2025-03-24T17:02:16+00:00","og_image":[{"url":"https:\/\/media.es.wired.com\/photos\/67e16cb0da3b0c60442bc8bc\/master\/pass\/siri-gear-2156649816.jpg","type":"","width":"","height":""}],"author":"Sergio Morales","twitter_card":"summary_large_image","twitter_misc":{"Written by":"Sergio Morales","Est. reading time":"3 minutes"},"schema":{"@context":"https:\/\/schema.org","@graph":[{"@type":"WebPage","@id":"https:\/\/blog.tecnoartesanos.com\/index.php\/2025\/03\/24\/para-arreglar-siri-apple-tendra-que-replantearse-el-concepto-de-privacidad\/","url":"https:\/\/blog.tecnoartesanos.com\/index.php\/2025\/03\/24\/para-arreglar-siri-apple-tendra-que-replantearse-el-concepto-de-privacidad\/","name":"Para arreglar Siri, Apple tendr\u00e1 que replantearse el concepto de \"privacidad\" - TecnoArtesanos Tech Blog","isPartOf":{"@id":"https:\/\/blog.tecnoartesanos.com\/#website"},"primaryImageOfPage":{"@id":"https:\/\/blog.tecnoartesanos.com\/index.php\/2025\/03\/24\/para-arreglar-siri-apple-tendra-que-replantearse-el-concepto-de-privacidad\/#primaryimage"},"image":{"@id":"https:\/\/blog.tecnoartesanos.com\/index.php\/2025\/03\/24\/para-arreglar-siri-apple-tendra-que-replantearse-el-concepto-de-privacidad\/#primaryimage"},"thumbnailUrl":"https:\/\/blog.tecnoartesanos.com\/wp-content\/uploads\/2025\/03\/para-arreglar-siri-apple-tendra-que-replantearse-el-concepto-de-privacidad.jpg","datePublished":"2025-03-24T17:02:16+00:00","author":{"@id":"https:\/\/blog.tecnoartesanos.com\/#\/schema\/person\/ec88bc1410fd158963717c4216f04807"},"breadcrumb":{"@id":"https:\/\/blog.tecnoartesanos.com\/index.php\/2025\/03\/24\/para-arreglar-siri-apple-tendra-que-replantearse-el-concepto-de-privacidad\/#breadcrumb"},"inLanguage":"en-US","potentialAction":[{"@type":"ReadAction","target":["https:\/\/blog.tecnoartesanos.com\/index.php\/2025\/03\/24\/para-arreglar-siri-apple-tendra-que-replantearse-el-concepto-de-privacidad\/"]}]},{"@type":"ImageObject","inLanguage":"en-US","@id":"https:\/\/blog.tecnoartesanos.com\/index.php\/2025\/03\/24\/para-arreglar-siri-apple-tendra-que-replantearse-el-concepto-de-privacidad\/#primaryimage","url":"https:\/\/blog.tecnoartesanos.com\/wp-content\/uploads\/2025\/03\/para-arreglar-siri-apple-tendra-que-replantearse-el-concepto-de-privacidad.jpg","contentUrl":"https:\/\/blog.tecnoartesanos.com\/wp-content\/uploads\/2025\/03\/para-arreglar-siri-apple-tendra-que-replantearse-el-concepto-de-privacidad.jpg","width":775,"height":436},{"@type":"BreadcrumbList","@id":"https:\/\/blog.tecnoartesanos.com\/index.php\/2025\/03\/24\/para-arreglar-siri-apple-tendra-que-replantearse-el-concepto-de-privacidad\/#breadcrumb","itemListElement":[{"@type":"ListItem","position":1,"name":"Home","item":"https:\/\/blog.tecnoartesanos.com\/"},{"@type":"ListItem","position":2,"name":"Para arreglar Siri, Apple tendr\u00e1 que replantearse el concepto de &#8220;privacidad&#8221;"}]},{"@type":"WebSite","@id":"https:\/\/blog.tecnoartesanos.com\/#website","url":"https:\/\/blog.tecnoartesanos.com\/","name":"TecnoArtesanos Tech Blog","description":"","potentialAction":[{"@type":"SearchAction","target":{"@type":"EntryPoint","urlTemplate":"https:\/\/blog.tecnoartesanos.com\/?s={search_term_string}"},"query-input":{"@type":"PropertyValueSpecification","valueRequired":true,"valueName":"search_term_string"}}],"inLanguage":"en-US"},{"@type":"Person","@id":"https:\/\/blog.tecnoartesanos.com\/#\/schema\/person\/ec88bc1410fd158963717c4216f04807","name":"Sergio Morales","image":{"@type":"ImageObject","inLanguage":"en-US","@id":"https:\/\/blog.tecnoartesanos.com\/#\/schema\/person\/image\/","url":"https:\/\/secure.gravatar.com\/avatar\/3d45178fc8fbbe32d39278bc504fa9093f947f406ff4f1ddcfa27505ab772184?s=96&d=mm&r=g","contentUrl":"https:\/\/secure.gravatar.com\/avatar\/3d45178fc8fbbe32d39278bc504fa9093f947f406ff4f1ddcfa27505ab772184?s=96&d=mm&r=g","caption":"Sergio Morales"},"sameAs":["https:\/\/sergiomorales.space"],"url":"https:\/\/blog.tecnoartesanos.com\/index.php\/author\/sergiomorales\/"}]}},"_links":{"self":[{"href":"https:\/\/blog.tecnoartesanos.com\/index.php\/wp-json\/wp\/v2\/posts\/529","targetHints":{"allow":["GET"]}}],"collection":[{"href":"https:\/\/blog.tecnoartesanos.com\/index.php\/wp-json\/wp\/v2\/posts"}],"about":[{"href":"https:\/\/blog.tecnoartesanos.com\/index.php\/wp-json\/wp\/v2\/types\/post"}],"author":[{"embeddable":true,"href":"https:\/\/blog.tecnoartesanos.com\/index.php\/wp-json\/wp\/v2\/users\/2"}],"replies":[{"embeddable":true,"href":"https:\/\/blog.tecnoartesanos.com\/index.php\/wp-json\/wp\/v2\/comments?post=529"}],"version-history":[{"count":0,"href":"https:\/\/blog.tecnoartesanos.com\/index.php\/wp-json\/wp\/v2\/posts\/529\/revisions"}],"wp:featuredmedia":[{"embeddable":true,"href":"https:\/\/blog.tecnoartesanos.com\/index.php\/wp-json\/wp\/v2\/media\/530"}],"wp:attachment":[{"href":"https:\/\/blog.tecnoartesanos.com\/index.php\/wp-json\/wp\/v2\/media?parent=529"}],"wp:term":[{"taxonomy":"category","embeddable":true,"href":"https:\/\/blog.tecnoartesanos.com\/index.php\/wp-json\/wp\/v2\/categories?post=529"},{"taxonomy":"post_tag","embeddable":true,"href":"https:\/\/blog.tecnoartesanos.com\/index.php\/wp-json\/wp\/v2\/tags?post=529"}],"curies":[{"name":"wp","href":"https:\/\/api.w.org\/{rel}","templated":true}]}}