{"id":2532,"date":"2026-04-29T19:21:49","date_gmt":"2026-04-29T19:21:49","guid":{"rendered":"http:\/\/69f24e2be029bdca197fcae0"},"modified":"2026-04-29T19:21:49","modified_gmt":"2026-04-29T19:21:49","slug":"meta-bajo-presion-en-la-ue-por-fallas-en-el-control-de-edad-en-instagram-y-facebook","status":"publish","type":"post","link":"https:\/\/blog.tecnoartesanos.com\/index.php\/2026\/04\/29\/meta-bajo-presion-en-la-ue-por-fallas-en-el-control-de-edad-en-instagram-y-facebook\/","title":{"rendered":"Meta bajo presi\u00f3n en la UE por fallas en el control de edad en Instagram y Facebook"},"content":{"rendered":"<div class=\"media_block\"><img decoding=\"async\" src=\"https:\/\/media.es.wired.com\/photos\/69f25235cc158c1f9082c502\/master\/pass\/Meta%20UE%20riesgo%20menores%202261615361.jpg\" class=\"media_thumbnail\"><\/div>\n<p>Meta infringe la Ley de Servicios Digitales (DSA, por sus siglas en ingl\u00e9s) de la Uni\u00f3n Europea al no impedir de manera efectiva que los menores de 13 a\u00f1os utilicen Instagram y Facebook. Esta es la conclusi\u00f3n de un dictamen preliminar emitido por la Comisi\u00f3n Europea, resultado de una investigaci\u00f3n iniciada hace casi dos a\u00f1os para evaluar la eficacia de los mecanismos de protecci\u00f3n infantil establecidos por la empresa tecnol\u00f3gica.<\/p>\n<p>Henna Virkkunen, vicepresidenta ejecutiva para la Soberan\u00eda Tecnol\u00f3gica, la Seguridad y la Democracia del Ejecutivo comunitario, se\u00f1al\u00f3 que \u201clas propias <a href=\"https:\/\/es.wired.com\/articulos\/meta-anade-mas-limitaciones-a-las-cuentas-de-adolescentes\">condiciones generales de Meta<\/a> indican que sus servicios no est\u00e1n destinados a menores de 13 a\u00f1os. Sin embargo, nuestros hallazgos preliminares muestran que <strong>Instagram y Facebook hacen muy poco para evitar que los ni\u00f1os por debajo de esta edad accedan a sus servicios<\/strong>\u201d.<\/p>\n<hr>\n<div class=\"ContentCardEmbedWrapper-hkvhYu kMYDit content-card-embed content-card-embed--stacked\" data-testid=\"ContentCardEmbedWrapper\" readability=\"23.942307692308\">\n<div class=\"ContentCardEmbedImage-bqahne fjmzkP content-card-embed__image\" data-testid=\"ContentCardEmbedImage\"><span class=\"SpanWrapper-kFnjvc eKnjjD responsive-asset\"><picture class=\"ResponsiveImagePicture-jKunQM gjCCFj responsive-image\"><img decoding=\"async\" alt=\"Meta multa da\u00f1o a menores 2261841364\" loading=\"lazy\" class=\"ResponsiveImageContainer-dkeESL cQPiWi responsive-image__image\" srcset=\"https:\/\/media.es.wired.com\/photos\/69c412c7ff16c5de36ea19b1\/master\/w_120,c_limit\/Meta%20multa%20da%C3%B1o%20a%20menores%202261841364%20(1).jpg 120w, https:\/\/media.es.wired.com\/photos\/69c412c7ff16c5de36ea19b1\/master\/w_240,c_limit\/Meta%20multa%20da%C3%B1o%20a%20menores%202261841364%20(1).jpg 240w, https:\/\/media.es.wired.com\/photos\/69c412c7ff16c5de36ea19b1\/master\/w_320,c_limit\/Meta%20multa%20da%C3%B1o%20a%20menores%202261841364%20(1).jpg 320w, https:\/\/media.es.wired.com\/photos\/69c412c7ff16c5de36ea19b1\/master\/w_640,c_limit\/Meta%20multa%20da%C3%B1o%20a%20menores%202261841364%20(1).jpg 640w\" sizes=\"100vw\" src=\"https:\/\/media.es.wired.com\/photos\/69c412c7ff16c5de36ea19b1\/master\/w_775%2Cc_limit\/Meta%2520multa%2520da%25C3%25B1o%2520a%2520menores%25202261841364%2520(1).jpg\"><\/picture><\/span><\/div>\n<div class=\"ContentCardEmbedInfo-buyHWH gWLOee\" readability=\"25.784023668639\">\n<div class=\"BaseText-fEwdHD ContentCardEmbedHed-kDKGDs fUtEc dlHXUJ content-card-embed__hed\" data-testid=\"ContentCardEmbedHed\"><a class=\"BaseLink-haTOKm ContentCardEmbedHedLink-iBZsco gAoKdC hhUFQU content-card-embed__hed-link link\" href=\"https:\/\/es.wired.com\/articulos\/meta-enfrenta-historica-sancion-de-375-millones-por-facilitar-la-explotacion-de-menores\" data-testid=\"ContentCardEmbedHedLink\">Meta pierde juicios hist\u00f3ricos por facilitar explotaci\u00f3n de menores y adicci\u00f3n juvenil<\/a><\/div>\n<p>Un jurado en Nuevo M\u00e9xico conden\u00f3 a Meta a pagar 375 millones de d\u00f3lares por facilitar la explotaci\u00f3n de menores; y en California fue hallada culpable de negligencia en el dise\u00f1o de sus plataformas, acusadas de afectar la salud mental infantil.<\/p>\n<\/div>\n<\/div>\n<hr>\n<p>De acuerdo con un <a href=\"https:\/\/ec.europa.eu\/commission\/presscorner\/detail\/es\/ip_26_920\">comunicado<\/a> publicado por la Comisi\u00f3n, las posibles infracciones a la DSA no solo estar\u00edan relacionadas con la ausencia de mecanismos eficaces para impedir el acceso de usuarios menores a sus redes sociales. El documento tambi\u00e9n indica que los sistemas de la empresa para identificar y suspender a menores de 13 a\u00f1os que ya se encuentran registrados son ineficientes.<\/p>\n<p>\u201cPor ejemplo, al crear una cuenta, los menores pueden introducir una fecha de nacimiento falsa que les permita cumplir con el requisito de edad, sin que existan controles eficaces para verificar la veracidad de la informaci\u00f3n autodeclarada\u201d, se\u00f1al\u00f3 el organismo.<\/p>\n<p>El dictamen preliminar a\u00f1ade que las herramientas para denunciar el uso indebido de Instagram y Facebook por parte de menores resultan complejas, poco eficaces y poco pr\u00e1cticas, al requerir \u201chasta siete <em>clics<\/em> solo para acceder al formulario de reporte, que no se completa autom\u00e1ticamente\u201d. Adem\u00e1s, acusa que cuando se reporta a un usuario por estar por debajo del umbral permitido, pocas veces se da seguimiento adecuado, lo que permite que los perfiles se\u00f1alados contin\u00faen activos \u201csin ning\u00fan tipo de control\u201d.<\/p>\n<p>La Comisi\u00f3n sostiene que estas omisiones tienen su origen en \u201cuna evaluaci\u00f3n de riesgos incompleta y arbitraria\u201d, en la que Meta no identifica de forma adecuada las amenazas ni las <a href=\"https:\/\/es.wired.com\/articulos\/la-generacion-ansiosa-controversial-bestseller-sobre-redes-sociales-y-salud-mental-ninos-y-jovenes\">experiencias inapropiadas para la edad<\/a> a las que los menores est\u00e1n expuestos en Instagram.<\/p>\n<p>\u201cAdem\u00e1s, <strong>Meta parece haber ignorado evidencia cient\u00edfica ampliamente disponible que indica que los ni\u00f1os peque\u00f1os son m\u00e1s vulnerables a los posibles da\u00f1os<\/strong> derivados del uso de servicios como Facebook e Instagram\u201d, agrega el documento.<\/p>\n<p>El organismo considera que la empresa debe modificar su metodolog\u00eda de evaluaci\u00f3n de riesgos, as\u00ed como reforzar sus medidas para prevenir, detectar y suspender cuentas pertenecientes a menores de 13 a\u00f1os.<\/p>\n<h2>Los mecanismos de seguridad infantil de Meta en la mira<\/h2>\n<p>Las conclusiones preliminares son resultado de una investigaci\u00f3n formal iniciada por la Comisi\u00f3n contra Instagram y Facebook <a href=\"https:\/\/es.wired.com\/articulos\/costo-de-aplicar-ley-de-servicios-digitales-para-controlar-a-las-big-tech\">en virtud de la DSA<\/a> en mayo de 2024. Estas se basan en el an\u00e1lisis de informes de evaluaci\u00f3n de riesgos, datos y documentos internos, as\u00ed como en las respuestas de las plataformas a solicitudes espec\u00edficas de informaci\u00f3n. En el proceso participaron funcionarios del organismo, organizaciones de la sociedad civil y especialistas en protecci\u00f3n infantil del bloque.<\/p>\n<p>El dictamen advierte que, si estas conclusiones se confirman, el Ejecutivo comunitario podr\u00e1 emitir una decisi\u00f3n de incumplimiento, lo que implicar\u00eda <strong>sanciones de hasta el 6% de los ingresos anuales globales de la compa\u00f1\u00eda.<\/strong><\/p>\n<p>La empresa tecnol\u00f3gica tiene la posibilidad de revisar los documentos incluidos en el expediente de investigaci\u00f3n y ejercer su derecho de defensa por escrito frente a las conclusiones preliminares.<\/p>\n<p>En un comunicado <a data-offer-url=\"https:\/\/www.theguardian.com\/technology\/2026\/apr\/29\/meta-found-in-breach-of-eu-law-for-failing-to-keep-children-off-platforms\" class=\"external-link\" data-event-click=\"{&quot;element&quot;:&quot;ExternalLink&quot;,&quot;outgoingURL&quot;:&quot;https:\/\/www.theguardian.com\/technology\/2026\/apr\/29\/meta-found-in-breach-of-eu-law-for-failing-to-keep-children-off-platforms&quot;}\" href=\"https:\/\/www.theguardian.com\/technology\/2026\/apr\/29\/meta-found-in-breach-of-eu-law-for-failing-to-keep-children-off-platforms\" rel=\"nofollow noopener\" target=\"_blank\">enviado<\/a> a <em>The Guardian<\/em>, Meta reconoci\u00f3 que Instagram y Facebook est\u00e1n dise\u00f1ados para usuarios mayores de 13 a\u00f1os. No obstante, afirm\u00f3 que cuenta con herramientas para detectar y suspender a cualquier usuario que no cumpla con este requisito. \u201cSeguimos invirtiendo en tecnolog\u00edas para identificar y eliminar cuentas de menores, y la pr\u00f3xima semana compartiremos m\u00e1s informaci\u00f3n sobre medidas adicionales que se implementar\u00e1n\u201d, asegur\u00f3.<\/p>\n","protected":false},"excerpt":{"rendered":"<p>Meta infringe la Ley de Servicios Digitales (DSA, por sus siglas en ingl\u00e9s) de la Uni\u00f3n Europea al no impedir de manera efectiva que los menores de 13 a\u00f1os utilicen Instagram y Facebook. Esta es la conclusi\u00f3n de un dictamen preliminar emitido por la Comisi\u00f3n Europea, resultado de una investigaci\u00f3n iniciada hace casi dos a\u00f1os [&hellip;]<\/p>\n","protected":false},"author":2,"featured_media":2533,"comment_status":"closed","ping_status":"closed","sticky":false,"template":"","format":"standard","meta":{"footnotes":""},"categories":[1],"tags":[],"class_list":["post-2532","post","type-post","status-publish","format-standard","has-post-thumbnail","hentry","category-technology"],"yoast_head":"<!-- This site is optimized with the Yoast SEO plugin v24.5 - https:\/\/yoast.com\/wordpress\/plugins\/seo\/ -->\n<title>Meta bajo presi\u00f3n en la UE por fallas en el control de edad en Instagram y Facebook - TecnoArtesanos Tech Blog<\/title>\n<meta name=\"robots\" content=\"index, follow, max-snippet:-1, max-image-preview:large, max-video-preview:-1\" \/>\n<link rel=\"canonical\" href=\"https:\/\/blog.tecnoartesanos.com\/index.php\/2026\/04\/29\/meta-bajo-presion-en-la-ue-por-fallas-en-el-control-de-edad-en-instagram-y-facebook\/\" \/>\n<meta property=\"og:locale\" content=\"en_US\" \/>\n<meta property=\"og:type\" content=\"article\" \/>\n<meta property=\"og:title\" content=\"Meta bajo presi\u00f3n en la UE por fallas en el control de edad en Instagram y Facebook - TecnoArtesanos Tech Blog\" \/>\n<meta property=\"og:description\" content=\"Meta infringe la Ley de Servicios Digitales (DSA, por sus siglas en ingl\u00e9s) de la Uni\u00f3n Europea al no impedir de manera efectiva que los menores de 13 a\u00f1os utilicen Instagram y Facebook. Esta es la conclusi\u00f3n de un dictamen preliminar emitido por la Comisi\u00f3n Europea, resultado de una investigaci\u00f3n iniciada hace casi dos a\u00f1os [&hellip;]\" \/>\n<meta property=\"og:url\" content=\"https:\/\/blog.tecnoartesanos.com\/index.php\/2026\/04\/29\/meta-bajo-presion-en-la-ue-por-fallas-en-el-control-de-edad-en-instagram-y-facebook\/\" \/>\n<meta property=\"og:site_name\" content=\"TecnoArtesanos Tech Blog\" \/>\n<meta property=\"article:published_time\" content=\"2026-04-29T19:21:49+00:00\" \/>\n<meta property=\"og:image\" content=\"https:\/\/media.es.wired.com\/photos\/69f25235cc158c1f9082c502\/master\/pass\/Meta%20UE%20riesgo%20menores%202261615361.jpg\" \/>\n<meta name=\"author\" content=\"Sergio Morales\" \/>\n<meta name=\"twitter:card\" content=\"summary_large_image\" \/>\n<meta name=\"twitter:label1\" content=\"Written by\" \/>\n\t<meta name=\"twitter:data1\" content=\"Sergio Morales\" \/>\n\t<meta name=\"twitter:label2\" content=\"Est. reading time\" \/>\n\t<meta name=\"twitter:data2\" content=\"4 minutes\" \/>\n<script type=\"application\/ld+json\" class=\"yoast-schema-graph\">{\"@context\":\"https:\/\/schema.org\",\"@graph\":[{\"@type\":\"WebPage\",\"@id\":\"https:\/\/blog.tecnoartesanos.com\/index.php\/2026\/04\/29\/meta-bajo-presion-en-la-ue-por-fallas-en-el-control-de-edad-en-instagram-y-facebook\/\",\"url\":\"https:\/\/blog.tecnoartesanos.com\/index.php\/2026\/04\/29\/meta-bajo-presion-en-la-ue-por-fallas-en-el-control-de-edad-en-instagram-y-facebook\/\",\"name\":\"Meta bajo presi\u00f3n en la UE por fallas en el control de edad en Instagram y Facebook - TecnoArtesanos Tech Blog\",\"isPartOf\":{\"@id\":\"https:\/\/blog.tecnoartesanos.com\/#website\"},\"primaryImageOfPage\":{\"@id\":\"https:\/\/blog.tecnoartesanos.com\/index.php\/2026\/04\/29\/meta-bajo-presion-en-la-ue-por-fallas-en-el-control-de-edad-en-instagram-y-facebook\/#primaryimage\"},\"image\":{\"@id\":\"https:\/\/blog.tecnoartesanos.com\/index.php\/2026\/04\/29\/meta-bajo-presion-en-la-ue-por-fallas-en-el-control-de-edad-en-instagram-y-facebook\/#primaryimage\"},\"thumbnailUrl\":\"https:\/\/blog.tecnoartesanos.com\/wp-content\/uploads\/2026\/04\/meta-bajo-presion-en-la-ue-por-fallas-en-el-control-de-edad-en-instagram-y-facebook.jpg\",\"datePublished\":\"2026-04-29T19:21:49+00:00\",\"author\":{\"@id\":\"https:\/\/blog.tecnoartesanos.com\/#\/schema\/person\/ec88bc1410fd158963717c4216f04807\"},\"breadcrumb\":{\"@id\":\"https:\/\/blog.tecnoartesanos.com\/index.php\/2026\/04\/29\/meta-bajo-presion-en-la-ue-por-fallas-en-el-control-de-edad-en-instagram-y-facebook\/#breadcrumb\"},\"inLanguage\":\"en-US\",\"potentialAction\":[{\"@type\":\"ReadAction\",\"target\":[\"https:\/\/blog.tecnoartesanos.com\/index.php\/2026\/04\/29\/meta-bajo-presion-en-la-ue-por-fallas-en-el-control-de-edad-en-instagram-y-facebook\/\"]}]},{\"@type\":\"ImageObject\",\"inLanguage\":\"en-US\",\"@id\":\"https:\/\/blog.tecnoartesanos.com\/index.php\/2026\/04\/29\/meta-bajo-presion-en-la-ue-por-fallas-en-el-control-de-edad-en-instagram-y-facebook\/#primaryimage\",\"url\":\"https:\/\/blog.tecnoartesanos.com\/wp-content\/uploads\/2026\/04\/meta-bajo-presion-en-la-ue-por-fallas-en-el-control-de-edad-en-instagram-y-facebook.jpg\",\"contentUrl\":\"https:\/\/blog.tecnoartesanos.com\/wp-content\/uploads\/2026\/04\/meta-bajo-presion-en-la-ue-por-fallas-en-el-control-de-edad-en-instagram-y-facebook.jpg\",\"width\":775,\"height\":517},{\"@type\":\"BreadcrumbList\",\"@id\":\"https:\/\/blog.tecnoartesanos.com\/index.php\/2026\/04\/29\/meta-bajo-presion-en-la-ue-por-fallas-en-el-control-de-edad-en-instagram-y-facebook\/#breadcrumb\",\"itemListElement\":[{\"@type\":\"ListItem\",\"position\":1,\"name\":\"Home\",\"item\":\"https:\/\/blog.tecnoartesanos.com\/\"},{\"@type\":\"ListItem\",\"position\":2,\"name\":\"Meta bajo presi\u00f3n en la UE por fallas en el control de edad en Instagram y Facebook\"}]},{\"@type\":\"WebSite\",\"@id\":\"https:\/\/blog.tecnoartesanos.com\/#website\",\"url\":\"https:\/\/blog.tecnoartesanos.com\/\",\"name\":\"TecnoArtesanos Tech Blog\",\"description\":\"\",\"potentialAction\":[{\"@type\":\"SearchAction\",\"target\":{\"@type\":\"EntryPoint\",\"urlTemplate\":\"https:\/\/blog.tecnoartesanos.com\/?s={search_term_string}\"},\"query-input\":{\"@type\":\"PropertyValueSpecification\",\"valueRequired\":true,\"valueName\":\"search_term_string\"}}],\"inLanguage\":\"en-US\"},{\"@type\":\"Person\",\"@id\":\"https:\/\/blog.tecnoartesanos.com\/#\/schema\/person\/ec88bc1410fd158963717c4216f04807\",\"name\":\"Sergio Morales\",\"image\":{\"@type\":\"ImageObject\",\"inLanguage\":\"en-US\",\"@id\":\"https:\/\/blog.tecnoartesanos.com\/#\/schema\/person\/image\/\",\"url\":\"https:\/\/secure.gravatar.com\/avatar\/3d45178fc8fbbe32d39278bc504fa9093f947f406ff4f1ddcfa27505ab772184?s=96&d=mm&r=g\",\"contentUrl\":\"https:\/\/secure.gravatar.com\/avatar\/3d45178fc8fbbe32d39278bc504fa9093f947f406ff4f1ddcfa27505ab772184?s=96&d=mm&r=g\",\"caption\":\"Sergio Morales\"},\"sameAs\":[\"https:\/\/sergiomorales.space\"],\"url\":\"https:\/\/blog.tecnoartesanos.com\/index.php\/author\/sergiomorales\/\"}]}<\/script>\n<!-- \/ Yoast SEO plugin. -->","yoast_head_json":{"title":"Meta bajo presi\u00f3n en la UE por fallas en el control de edad en Instagram y Facebook - TecnoArtesanos Tech Blog","robots":{"index":"index","follow":"follow","max-snippet":"max-snippet:-1","max-image-preview":"max-image-preview:large","max-video-preview":"max-video-preview:-1"},"canonical":"https:\/\/blog.tecnoartesanos.com\/index.php\/2026\/04\/29\/meta-bajo-presion-en-la-ue-por-fallas-en-el-control-de-edad-en-instagram-y-facebook\/","og_locale":"en_US","og_type":"article","og_title":"Meta bajo presi\u00f3n en la UE por fallas en el control de edad en Instagram y Facebook - TecnoArtesanos Tech Blog","og_description":"Meta infringe la Ley de Servicios Digitales (DSA, por sus siglas en ingl\u00e9s) de la Uni\u00f3n Europea al no impedir de manera efectiva que los menores de 13 a\u00f1os utilicen Instagram y Facebook. Esta es la conclusi\u00f3n de un dictamen preliminar emitido por la Comisi\u00f3n Europea, resultado de una investigaci\u00f3n iniciada hace casi dos a\u00f1os [&hellip;]","og_url":"https:\/\/blog.tecnoartesanos.com\/index.php\/2026\/04\/29\/meta-bajo-presion-en-la-ue-por-fallas-en-el-control-de-edad-en-instagram-y-facebook\/","og_site_name":"TecnoArtesanos Tech Blog","article_published_time":"2026-04-29T19:21:49+00:00","og_image":[{"url":"https:\/\/media.es.wired.com\/photos\/69f25235cc158c1f9082c502\/master\/pass\/Meta%20UE%20riesgo%20menores%202261615361.jpg","type":"","width":"","height":""}],"author":"Sergio Morales","twitter_card":"summary_large_image","twitter_misc":{"Written by":"Sergio Morales","Est. reading time":"4 minutes"},"schema":{"@context":"https:\/\/schema.org","@graph":[{"@type":"WebPage","@id":"https:\/\/blog.tecnoartesanos.com\/index.php\/2026\/04\/29\/meta-bajo-presion-en-la-ue-por-fallas-en-el-control-de-edad-en-instagram-y-facebook\/","url":"https:\/\/blog.tecnoartesanos.com\/index.php\/2026\/04\/29\/meta-bajo-presion-en-la-ue-por-fallas-en-el-control-de-edad-en-instagram-y-facebook\/","name":"Meta bajo presi\u00f3n en la UE por fallas en el control de edad en Instagram y Facebook - TecnoArtesanos Tech Blog","isPartOf":{"@id":"https:\/\/blog.tecnoartesanos.com\/#website"},"primaryImageOfPage":{"@id":"https:\/\/blog.tecnoartesanos.com\/index.php\/2026\/04\/29\/meta-bajo-presion-en-la-ue-por-fallas-en-el-control-de-edad-en-instagram-y-facebook\/#primaryimage"},"image":{"@id":"https:\/\/blog.tecnoartesanos.com\/index.php\/2026\/04\/29\/meta-bajo-presion-en-la-ue-por-fallas-en-el-control-de-edad-en-instagram-y-facebook\/#primaryimage"},"thumbnailUrl":"https:\/\/blog.tecnoartesanos.com\/wp-content\/uploads\/2026\/04\/meta-bajo-presion-en-la-ue-por-fallas-en-el-control-de-edad-en-instagram-y-facebook.jpg","datePublished":"2026-04-29T19:21:49+00:00","author":{"@id":"https:\/\/blog.tecnoartesanos.com\/#\/schema\/person\/ec88bc1410fd158963717c4216f04807"},"breadcrumb":{"@id":"https:\/\/blog.tecnoartesanos.com\/index.php\/2026\/04\/29\/meta-bajo-presion-en-la-ue-por-fallas-en-el-control-de-edad-en-instagram-y-facebook\/#breadcrumb"},"inLanguage":"en-US","potentialAction":[{"@type":"ReadAction","target":["https:\/\/blog.tecnoartesanos.com\/index.php\/2026\/04\/29\/meta-bajo-presion-en-la-ue-por-fallas-en-el-control-de-edad-en-instagram-y-facebook\/"]}]},{"@type":"ImageObject","inLanguage":"en-US","@id":"https:\/\/blog.tecnoartesanos.com\/index.php\/2026\/04\/29\/meta-bajo-presion-en-la-ue-por-fallas-en-el-control-de-edad-en-instagram-y-facebook\/#primaryimage","url":"https:\/\/blog.tecnoartesanos.com\/wp-content\/uploads\/2026\/04\/meta-bajo-presion-en-la-ue-por-fallas-en-el-control-de-edad-en-instagram-y-facebook.jpg","contentUrl":"https:\/\/blog.tecnoartesanos.com\/wp-content\/uploads\/2026\/04\/meta-bajo-presion-en-la-ue-por-fallas-en-el-control-de-edad-en-instagram-y-facebook.jpg","width":775,"height":517},{"@type":"BreadcrumbList","@id":"https:\/\/blog.tecnoartesanos.com\/index.php\/2026\/04\/29\/meta-bajo-presion-en-la-ue-por-fallas-en-el-control-de-edad-en-instagram-y-facebook\/#breadcrumb","itemListElement":[{"@type":"ListItem","position":1,"name":"Home","item":"https:\/\/blog.tecnoartesanos.com\/"},{"@type":"ListItem","position":2,"name":"Meta bajo presi\u00f3n en la UE por fallas en el control de edad en Instagram y Facebook"}]},{"@type":"WebSite","@id":"https:\/\/blog.tecnoartesanos.com\/#website","url":"https:\/\/blog.tecnoartesanos.com\/","name":"TecnoArtesanos Tech Blog","description":"","potentialAction":[{"@type":"SearchAction","target":{"@type":"EntryPoint","urlTemplate":"https:\/\/blog.tecnoartesanos.com\/?s={search_term_string}"},"query-input":{"@type":"PropertyValueSpecification","valueRequired":true,"valueName":"search_term_string"}}],"inLanguage":"en-US"},{"@type":"Person","@id":"https:\/\/blog.tecnoartesanos.com\/#\/schema\/person\/ec88bc1410fd158963717c4216f04807","name":"Sergio Morales","image":{"@type":"ImageObject","inLanguage":"en-US","@id":"https:\/\/blog.tecnoartesanos.com\/#\/schema\/person\/image\/","url":"https:\/\/secure.gravatar.com\/avatar\/3d45178fc8fbbe32d39278bc504fa9093f947f406ff4f1ddcfa27505ab772184?s=96&d=mm&r=g","contentUrl":"https:\/\/secure.gravatar.com\/avatar\/3d45178fc8fbbe32d39278bc504fa9093f947f406ff4f1ddcfa27505ab772184?s=96&d=mm&r=g","caption":"Sergio Morales"},"sameAs":["https:\/\/sergiomorales.space"],"url":"https:\/\/blog.tecnoartesanos.com\/index.php\/author\/sergiomorales\/"}]}},"_links":{"self":[{"href":"https:\/\/blog.tecnoartesanos.com\/index.php\/wp-json\/wp\/v2\/posts\/2532","targetHints":{"allow":["GET"]}}],"collection":[{"href":"https:\/\/blog.tecnoartesanos.com\/index.php\/wp-json\/wp\/v2\/posts"}],"about":[{"href":"https:\/\/blog.tecnoartesanos.com\/index.php\/wp-json\/wp\/v2\/types\/post"}],"author":[{"embeddable":true,"href":"https:\/\/blog.tecnoartesanos.com\/index.php\/wp-json\/wp\/v2\/users\/2"}],"replies":[{"embeddable":true,"href":"https:\/\/blog.tecnoartesanos.com\/index.php\/wp-json\/wp\/v2\/comments?post=2532"}],"version-history":[{"count":0,"href":"https:\/\/blog.tecnoartesanos.com\/index.php\/wp-json\/wp\/v2\/posts\/2532\/revisions"}],"wp:featuredmedia":[{"embeddable":true,"href":"https:\/\/blog.tecnoartesanos.com\/index.php\/wp-json\/wp\/v2\/media\/2533"}],"wp:attachment":[{"href":"https:\/\/blog.tecnoartesanos.com\/index.php\/wp-json\/wp\/v2\/media?parent=2532"}],"wp:term":[{"taxonomy":"category","embeddable":true,"href":"https:\/\/blog.tecnoartesanos.com\/index.php\/wp-json\/wp\/v2\/categories?post=2532"},{"taxonomy":"post_tag","embeddable":true,"href":"https:\/\/blog.tecnoartesanos.com\/index.php\/wp-json\/wp\/v2\/tags?post=2532"}],"curies":[{"name":"wp","href":"https:\/\/api.w.org\/{rel}","templated":true}]}}