{"id":2522,"date":"2026-04-27T22:45:33","date_gmt":"2026-04-27T22:45:33","guid":{"rendered":"http:\/\/69ea8979bb6337360fda9bcf"},"modified":"2026-04-27T22:45:33","modified_gmt":"2026-04-27T22:45:33","slug":"la-ia-ha-hecho-que-la-contratacion-de-personal-sea-mas-injusta-pero-no-tiene-que-ser-asi","status":"publish","type":"post","link":"https:\/\/blog.tecnoartesanos.com\/index.php\/2026\/04\/27\/la-ia-ha-hecho-que-la-contratacion-de-personal-sea-mas-injusta-pero-no-tiene-que-ser-asi\/","title":{"rendered":"La IA ha hecho que la contrataci\u00f3n de personal sea m\u00e1s injusta, pero no tiene que ser as\u00ed"},"content":{"rendered":"<div class=\"media_block\"><img decoding=\"async\" src=\"https:\/\/media.es.wired.com\/photos\/69efdf7c19e6eae0e6cbc2dc\/master\/pass\/contratacionia.jpg\" class=\"media_thumbnail\"><\/div>\n<p><strong>En resumen, por cada 10 puestos para los que el LLM hispanohablante recomienda a la mayor\u00eda, a la minor\u00eda igualmente preparada solo se le recomienda para 1.6 puestos.<\/strong> Estudios sistem\u00e1ticos confirman estos hallazgos. Un grupo de investigadores de la Universidad de los Andes y Quantil en Colombia evalu\u00f3 el sesgo en los LLM comerciales con respecto al g\u00e9nero, la raza, la clase socioecon\u00f3mica y el origen nacional (<a data-offer-url=\"https:\/\/ojs.aaai.org\/index.php\/AIES\/article\/view\/36707\" class=\"external-link\" data-event-click=\"{&quot;element&quot;:&quot;ExternalLink&quot;,&quot;outgoingURL&quot;:&quot;https:\/\/ojs.aaai.org\/index.php\/AIES\/article\/view\/36707&quot;}\" href=\"https:\/\/ojs.aaai.org\/index.php\/AIES\/article\/view\/36707\" rel=\"nofollow noopener\" target=\"_blank\">AAAI<\/a>). El sesgo en la IA hispanohablante fue notorio. Los modelos fomentaron sistem\u00e1ticamente estereotipos, desde afirmar que las mujeres son malas en matem\u00e1ticas hasta asegurar que los hombres no deber\u00edan llorar.<\/p>\n<h2>C\u00f3mo corregir<\/h2>\n<p><strong>\u00bfEs el mercado laboral impulsado por la IA una opci\u00f3n desesperanzadora para quienes no son hombres blancos?<\/strong> No deber\u00eda serlo, ya que existen pasos bastante sencillos para ense\u00f1ar a las IA comerciales a ser objetivas.<\/p>\n<p><strong>El primer paso es asegurar que el algoritmo no se centre en datos err\u00f3neos.<\/strong> Informaci\u00f3n como el g\u00e9nero, el c\u00f3digo postal, la universidad o la situaci\u00f3n familiar es irrelevante para el desempe\u00f1o laboral, pero activa prejuicios en la m\u00e1quina. Sin embargo, esto es solo el comienzo, ya que la IA a menudo puede adivinar el g\u00e9nero, la etnia o la clase social de una persona.<\/p>\n<p><strong>El segundo paso es ense\u00f1ar al sistema a identificar a un candidato objetivamente bueno.<\/strong> La clave est\u00e1 en la contrataci\u00f3n basada en habilidades. En lugar de buscar personas que hayan trabajado en las empresas m\u00e1s prestigiosas, hay que ense\u00f1ar a la IA a centrarse en las habilidades, incluidas las transferibles de experiencias similares. Las personas de grupos contra los que tenemos prejuicios a menudo son muy cualificadas, pero pasan desapercibidas porque, debido a desventajas a lo largo de su vida, han accedido a universidades y empresas menos reconocidas.<\/p>\n<hr>\n<div class=\"ContentCardEmbedWrapper-hkvhYu kMYDit content-card-embed content-card-embed--stacked\" data-testid=\"ContentCardEmbedWrapper\" readability=\"20.271186440678\">\n<div class=\"ContentCardEmbedImage-bqahne fjmzkP content-card-embed__image\" data-testid=\"ContentCardEmbedImage\"><span class=\"SpanWrapper-kFnjvc eKnjjD responsive-asset\"><picture class=\"ResponsiveImagePicture-jKunQM gjCCFj responsive-image\"><img decoding=\"async\" alt=\"brecha de g\u00e9nero\" loading=\"lazy\" class=\"ResponsiveImageContainer-dkeESL cQPiWi responsive-image__image\" srcset=\"https:\/\/media.es.wired.com\/photos\/69e000f17a8577bd5705fe2d\/master\/w_120,c_limit\/WEF%20M%C3%A9xico%202.jpg 120w, https:\/\/media.es.wired.com\/photos\/69e000f17a8577bd5705fe2d\/master\/w_240,c_limit\/WEF%20M%C3%A9xico%202.jpg 240w, https:\/\/media.es.wired.com\/photos\/69e000f17a8577bd5705fe2d\/master\/w_320,c_limit\/WEF%20M%C3%A9xico%202.jpg 320w, https:\/\/media.es.wired.com\/photos\/69e000f17a8577bd5705fe2d\/master\/w_640,c_limit\/WEF%20M%C3%A9xico%202.jpg 640w\" sizes=\"100vw\" src=\"https:\/\/media.es.wired.com\/photos\/69e000f17a8577bd5705fe2d\/master\/w_775%2Cc_limit\/WEF%2520M%25C3%25A9xico%25202.jpg\"><\/picture><\/span><\/div>\n<div class=\"ContentCardEmbedInfo-buyHWH gWLOee\" readability=\"21.830508474576\">\n<div class=\"BaseText-fEwdHD ContentCardEmbedHed-kDKGDs fUtEc dlHXUJ content-card-embed__hed\" data-testid=\"ContentCardEmbedHed\"><a class=\"BaseLink-haTOKm ContentCardEmbedHedLink-iBZsco gAoKdC hhUFQU content-card-embed__hed-link link\" href=\"https:\/\/es.wired.com\/articulos\/acceso-digital-y-capacitacion-claves-para-cerrar-la-brecha-de-genero-en-mexico-segun-el-wef-iberoamerica\" data-testid=\"ContentCardEmbedHedLink\">Acceso digital y capacitaci\u00f3n, claves para cerrar la brecha de g\u00e9nero en M\u00e9xico, seg\u00fan el WEF Iberoam\u00e9rica<\/a><\/div>\n<p>Aunque M\u00e9xico figura entre los cinco pa\u00edses que m\u00e1s han acelerado su progreso en equidad desde 2006, la brecha de g\u00e9nero a\u00fan es evidente, particularmente en el \u00e1mbito econ\u00f3mico.<\/p>\n<\/div>\n<\/div>\n<hr>\n<p><strong>El paso final y crucial es auditar los resultados.<\/strong> Primero, se introducen en el sistema perfiles de candidatos de diferentes grupos y se le pide que los eval\u00fae para un puesto. A continuaci\u00f3n, se analiza el error de predicci\u00f3n para distintos grupos, segmentados por g\u00e9nero, pa\u00eds de origen, color de piel, grupo de edad y pertenencia a la comunidad LGBTIQ+. As\u00ed se podr\u00e1 determinar si el modelo subestima a un grupo y sobreestima a otro. Si tu empresa adquiere un sistema de contrataci\u00f3n, puede evaluarlo de la misma manera.<\/p>\n<p><strong>Si eres candidato, tambi\u00e9n puedes recuperar el control.<\/strong> Elimina tu foto, c\u00f3digo postal y otros datos confidenciales de tu curr\u00edculum. Pregunta a la empresa a la que te postulas si utilizan alguna herramienta de IA y cu\u00e1l. Incluso podr\u00edas hacer una prueba: env\u00eda tu solicitud real y una solicitud de prueba en la que ingreses todos los datos de una persona privilegiada, como si fueras un hombre blanco, educado y con privilegios.<\/p>\n<p>El riesgo de la IA es evidente. Puede crear un mundo mucho m\u00e1s injusto. El potencial tambi\u00e9n es claro. Si entrenamos bien a la IA, puede ser menos parcial que nosotros, convirti\u00e9ndose en una excelente asistente para ayudarnos a tomar mejores decisiones de contrataci\u00f3n, y tambi\u00e9n para ofrecer tasas de cr\u00e9dito o p\u00f3lizas de seguro m\u00e9dico m\u00e1s justas. Es hora de que todos recuperemos el control y aprovechemos esta emocionante oportunidad para crear un mundo m\u00e1s justo.<\/p>\n","protected":false},"excerpt":{"rendered":"<p>En resumen, por cada 10 puestos para los que el LLM hispanohablante recomienda a la mayor\u00eda, a la minor\u00eda igualmente preparada solo se le recomienda para 1.6 puestos. Estudios sistem\u00e1ticos confirman estos hallazgos. Un grupo de investigadores de la Universidad de los Andes y Quantil en Colombia evalu\u00f3 el sesgo en los LLM comerciales con [&hellip;]<\/p>\n","protected":false},"author":2,"featured_media":2523,"comment_status":"closed","ping_status":"closed","sticky":false,"template":"","format":"standard","meta":{"footnotes":""},"categories":[1],"tags":[],"class_list":["post-2522","post","type-post","status-publish","format-standard","has-post-thumbnail","hentry","category-technology"],"yoast_head":"<!-- This site is optimized with the Yoast SEO plugin v24.5 - https:\/\/yoast.com\/wordpress\/plugins\/seo\/ -->\n<title>La IA ha hecho que la contrataci\u00f3n de personal sea m\u00e1s injusta, pero no tiene que ser as\u00ed - TecnoArtesanos Tech Blog<\/title>\n<meta name=\"robots\" content=\"index, follow, max-snippet:-1, max-image-preview:large, max-video-preview:-1\" \/>\n<link rel=\"canonical\" href=\"https:\/\/blog.tecnoartesanos.com\/index.php\/2026\/04\/27\/la-ia-ha-hecho-que-la-contratacion-de-personal-sea-mas-injusta-pero-no-tiene-que-ser-asi\/\" \/>\n<meta property=\"og:locale\" content=\"en_US\" \/>\n<meta property=\"og:type\" content=\"article\" \/>\n<meta property=\"og:title\" content=\"La IA ha hecho que la contrataci\u00f3n de personal sea m\u00e1s injusta, pero no tiene que ser as\u00ed - TecnoArtesanos Tech Blog\" \/>\n<meta property=\"og:description\" content=\"En resumen, por cada 10 puestos para los que el LLM hispanohablante recomienda a la mayor\u00eda, a la minor\u00eda igualmente preparada solo se le recomienda para 1.6 puestos. Estudios sistem\u00e1ticos confirman estos hallazgos. Un grupo de investigadores de la Universidad de los Andes y Quantil en Colombia evalu\u00f3 el sesgo en los LLM comerciales con [&hellip;]\" \/>\n<meta property=\"og:url\" content=\"https:\/\/blog.tecnoartesanos.com\/index.php\/2026\/04\/27\/la-ia-ha-hecho-que-la-contratacion-de-personal-sea-mas-injusta-pero-no-tiene-que-ser-asi\/\" \/>\n<meta property=\"og:site_name\" content=\"TecnoArtesanos Tech Blog\" \/>\n<meta property=\"article:published_time\" content=\"2026-04-27T22:45:33+00:00\" \/>\n<meta property=\"og:image\" content=\"https:\/\/media.es.wired.com\/photos\/69efdf7c19e6eae0e6cbc2dc\/master\/pass\/contratacionia.jpg\" \/>\n<meta name=\"author\" content=\"Sergio Morales\" \/>\n<meta name=\"twitter:card\" content=\"summary_large_image\" \/>\n<meta name=\"twitter:label1\" content=\"Written by\" \/>\n\t<meta name=\"twitter:data1\" content=\"Sergio Morales\" \/>\n\t<meta name=\"twitter:label2\" content=\"Est. reading time\" \/>\n\t<meta name=\"twitter:data2\" content=\"3 minutes\" \/>\n<script type=\"application\/ld+json\" class=\"yoast-schema-graph\">{\"@context\":\"https:\/\/schema.org\",\"@graph\":[{\"@type\":\"WebPage\",\"@id\":\"https:\/\/blog.tecnoartesanos.com\/index.php\/2026\/04\/27\/la-ia-ha-hecho-que-la-contratacion-de-personal-sea-mas-injusta-pero-no-tiene-que-ser-asi\/\",\"url\":\"https:\/\/blog.tecnoartesanos.com\/index.php\/2026\/04\/27\/la-ia-ha-hecho-que-la-contratacion-de-personal-sea-mas-injusta-pero-no-tiene-que-ser-asi\/\",\"name\":\"La IA ha hecho que la contrataci\u00f3n de personal sea m\u00e1s injusta, pero no tiene que ser as\u00ed - TecnoArtesanos Tech Blog\",\"isPartOf\":{\"@id\":\"https:\/\/blog.tecnoartesanos.com\/#website\"},\"primaryImageOfPage\":{\"@id\":\"https:\/\/blog.tecnoartesanos.com\/index.php\/2026\/04\/27\/la-ia-ha-hecho-que-la-contratacion-de-personal-sea-mas-injusta-pero-no-tiene-que-ser-asi\/#primaryimage\"},\"image\":{\"@id\":\"https:\/\/blog.tecnoartesanos.com\/index.php\/2026\/04\/27\/la-ia-ha-hecho-que-la-contratacion-de-personal-sea-mas-injusta-pero-no-tiene-que-ser-asi\/#primaryimage\"},\"thumbnailUrl\":\"https:\/\/blog.tecnoartesanos.com\/wp-content\/uploads\/2026\/04\/la-ia-ha-hecho-que-la-contratacion-de-personal-sea-mas-injusta-pero-no-tiene-que-ser-asi.jpg\",\"datePublished\":\"2026-04-27T22:45:33+00:00\",\"author\":{\"@id\":\"https:\/\/blog.tecnoartesanos.com\/#\/schema\/person\/ec88bc1410fd158963717c4216f04807\"},\"breadcrumb\":{\"@id\":\"https:\/\/blog.tecnoartesanos.com\/index.php\/2026\/04\/27\/la-ia-ha-hecho-que-la-contratacion-de-personal-sea-mas-injusta-pero-no-tiene-que-ser-asi\/#breadcrumb\"},\"inLanguage\":\"en-US\",\"potentialAction\":[{\"@type\":\"ReadAction\",\"target\":[\"https:\/\/blog.tecnoartesanos.com\/index.php\/2026\/04\/27\/la-ia-ha-hecho-que-la-contratacion-de-personal-sea-mas-injusta-pero-no-tiene-que-ser-asi\/\"]}]},{\"@type\":\"ImageObject\",\"inLanguage\":\"en-US\",\"@id\":\"https:\/\/blog.tecnoartesanos.com\/index.php\/2026\/04\/27\/la-ia-ha-hecho-que-la-contratacion-de-personal-sea-mas-injusta-pero-no-tiene-que-ser-asi\/#primaryimage\",\"url\":\"https:\/\/blog.tecnoartesanos.com\/wp-content\/uploads\/2026\/04\/la-ia-ha-hecho-que-la-contratacion-de-personal-sea-mas-injusta-pero-no-tiene-que-ser-asi.jpg\",\"contentUrl\":\"https:\/\/blog.tecnoartesanos.com\/wp-content\/uploads\/2026\/04\/la-ia-ha-hecho-que-la-contratacion-de-personal-sea-mas-injusta-pero-no-tiene-que-ser-asi.jpg\",\"width\":775,\"height\":486},{\"@type\":\"BreadcrumbList\",\"@id\":\"https:\/\/blog.tecnoartesanos.com\/index.php\/2026\/04\/27\/la-ia-ha-hecho-que-la-contratacion-de-personal-sea-mas-injusta-pero-no-tiene-que-ser-asi\/#breadcrumb\",\"itemListElement\":[{\"@type\":\"ListItem\",\"position\":1,\"name\":\"Home\",\"item\":\"https:\/\/blog.tecnoartesanos.com\/\"},{\"@type\":\"ListItem\",\"position\":2,\"name\":\"La IA ha hecho que la contrataci\u00f3n de personal sea m\u00e1s injusta, pero no tiene que ser as\u00ed\"}]},{\"@type\":\"WebSite\",\"@id\":\"https:\/\/blog.tecnoartesanos.com\/#website\",\"url\":\"https:\/\/blog.tecnoartesanos.com\/\",\"name\":\"TecnoArtesanos Tech Blog\",\"description\":\"\",\"potentialAction\":[{\"@type\":\"SearchAction\",\"target\":{\"@type\":\"EntryPoint\",\"urlTemplate\":\"https:\/\/blog.tecnoartesanos.com\/?s={search_term_string}\"},\"query-input\":{\"@type\":\"PropertyValueSpecification\",\"valueRequired\":true,\"valueName\":\"search_term_string\"}}],\"inLanguage\":\"en-US\"},{\"@type\":\"Person\",\"@id\":\"https:\/\/blog.tecnoartesanos.com\/#\/schema\/person\/ec88bc1410fd158963717c4216f04807\",\"name\":\"Sergio Morales\",\"image\":{\"@type\":\"ImageObject\",\"inLanguage\":\"en-US\",\"@id\":\"https:\/\/blog.tecnoartesanos.com\/#\/schema\/person\/image\/\",\"url\":\"https:\/\/secure.gravatar.com\/avatar\/3d45178fc8fbbe32d39278bc504fa9093f947f406ff4f1ddcfa27505ab772184?s=96&d=mm&r=g\",\"contentUrl\":\"https:\/\/secure.gravatar.com\/avatar\/3d45178fc8fbbe32d39278bc504fa9093f947f406ff4f1ddcfa27505ab772184?s=96&d=mm&r=g\",\"caption\":\"Sergio Morales\"},\"sameAs\":[\"https:\/\/sergiomorales.space\"],\"url\":\"https:\/\/blog.tecnoartesanos.com\/index.php\/author\/sergiomorales\/\"}]}<\/script>\n<!-- \/ Yoast SEO plugin. -->","yoast_head_json":{"title":"La IA ha hecho que la contrataci\u00f3n de personal sea m\u00e1s injusta, pero no tiene que ser as\u00ed - TecnoArtesanos Tech Blog","robots":{"index":"index","follow":"follow","max-snippet":"max-snippet:-1","max-image-preview":"max-image-preview:large","max-video-preview":"max-video-preview:-1"},"canonical":"https:\/\/blog.tecnoartesanos.com\/index.php\/2026\/04\/27\/la-ia-ha-hecho-que-la-contratacion-de-personal-sea-mas-injusta-pero-no-tiene-que-ser-asi\/","og_locale":"en_US","og_type":"article","og_title":"La IA ha hecho que la contrataci\u00f3n de personal sea m\u00e1s injusta, pero no tiene que ser as\u00ed - TecnoArtesanos Tech Blog","og_description":"En resumen, por cada 10 puestos para los que el LLM hispanohablante recomienda a la mayor\u00eda, a la minor\u00eda igualmente preparada solo se le recomienda para 1.6 puestos. Estudios sistem\u00e1ticos confirman estos hallazgos. Un grupo de investigadores de la Universidad de los Andes y Quantil en Colombia evalu\u00f3 el sesgo en los LLM comerciales con [&hellip;]","og_url":"https:\/\/blog.tecnoartesanos.com\/index.php\/2026\/04\/27\/la-ia-ha-hecho-que-la-contratacion-de-personal-sea-mas-injusta-pero-no-tiene-que-ser-asi\/","og_site_name":"TecnoArtesanos Tech Blog","article_published_time":"2026-04-27T22:45:33+00:00","og_image":[{"url":"https:\/\/media.es.wired.com\/photos\/69efdf7c19e6eae0e6cbc2dc\/master\/pass\/contratacionia.jpg","type":"","width":"","height":""}],"author":"Sergio Morales","twitter_card":"summary_large_image","twitter_misc":{"Written by":"Sergio Morales","Est. reading time":"3 minutes"},"schema":{"@context":"https:\/\/schema.org","@graph":[{"@type":"WebPage","@id":"https:\/\/blog.tecnoartesanos.com\/index.php\/2026\/04\/27\/la-ia-ha-hecho-que-la-contratacion-de-personal-sea-mas-injusta-pero-no-tiene-que-ser-asi\/","url":"https:\/\/blog.tecnoartesanos.com\/index.php\/2026\/04\/27\/la-ia-ha-hecho-que-la-contratacion-de-personal-sea-mas-injusta-pero-no-tiene-que-ser-asi\/","name":"La IA ha hecho que la contrataci\u00f3n de personal sea m\u00e1s injusta, pero no tiene que ser as\u00ed - TecnoArtesanos Tech Blog","isPartOf":{"@id":"https:\/\/blog.tecnoartesanos.com\/#website"},"primaryImageOfPage":{"@id":"https:\/\/blog.tecnoartesanos.com\/index.php\/2026\/04\/27\/la-ia-ha-hecho-que-la-contratacion-de-personal-sea-mas-injusta-pero-no-tiene-que-ser-asi\/#primaryimage"},"image":{"@id":"https:\/\/blog.tecnoartesanos.com\/index.php\/2026\/04\/27\/la-ia-ha-hecho-que-la-contratacion-de-personal-sea-mas-injusta-pero-no-tiene-que-ser-asi\/#primaryimage"},"thumbnailUrl":"https:\/\/blog.tecnoartesanos.com\/wp-content\/uploads\/2026\/04\/la-ia-ha-hecho-que-la-contratacion-de-personal-sea-mas-injusta-pero-no-tiene-que-ser-asi.jpg","datePublished":"2026-04-27T22:45:33+00:00","author":{"@id":"https:\/\/blog.tecnoartesanos.com\/#\/schema\/person\/ec88bc1410fd158963717c4216f04807"},"breadcrumb":{"@id":"https:\/\/blog.tecnoartesanos.com\/index.php\/2026\/04\/27\/la-ia-ha-hecho-que-la-contratacion-de-personal-sea-mas-injusta-pero-no-tiene-que-ser-asi\/#breadcrumb"},"inLanguage":"en-US","potentialAction":[{"@type":"ReadAction","target":["https:\/\/blog.tecnoartesanos.com\/index.php\/2026\/04\/27\/la-ia-ha-hecho-que-la-contratacion-de-personal-sea-mas-injusta-pero-no-tiene-que-ser-asi\/"]}]},{"@type":"ImageObject","inLanguage":"en-US","@id":"https:\/\/blog.tecnoartesanos.com\/index.php\/2026\/04\/27\/la-ia-ha-hecho-que-la-contratacion-de-personal-sea-mas-injusta-pero-no-tiene-que-ser-asi\/#primaryimage","url":"https:\/\/blog.tecnoartesanos.com\/wp-content\/uploads\/2026\/04\/la-ia-ha-hecho-que-la-contratacion-de-personal-sea-mas-injusta-pero-no-tiene-que-ser-asi.jpg","contentUrl":"https:\/\/blog.tecnoartesanos.com\/wp-content\/uploads\/2026\/04\/la-ia-ha-hecho-que-la-contratacion-de-personal-sea-mas-injusta-pero-no-tiene-que-ser-asi.jpg","width":775,"height":486},{"@type":"BreadcrumbList","@id":"https:\/\/blog.tecnoartesanos.com\/index.php\/2026\/04\/27\/la-ia-ha-hecho-que-la-contratacion-de-personal-sea-mas-injusta-pero-no-tiene-que-ser-asi\/#breadcrumb","itemListElement":[{"@type":"ListItem","position":1,"name":"Home","item":"https:\/\/blog.tecnoartesanos.com\/"},{"@type":"ListItem","position":2,"name":"La IA ha hecho que la contrataci\u00f3n de personal sea m\u00e1s injusta, pero no tiene que ser as\u00ed"}]},{"@type":"WebSite","@id":"https:\/\/blog.tecnoartesanos.com\/#website","url":"https:\/\/blog.tecnoartesanos.com\/","name":"TecnoArtesanos Tech Blog","description":"","potentialAction":[{"@type":"SearchAction","target":{"@type":"EntryPoint","urlTemplate":"https:\/\/blog.tecnoartesanos.com\/?s={search_term_string}"},"query-input":{"@type":"PropertyValueSpecification","valueRequired":true,"valueName":"search_term_string"}}],"inLanguage":"en-US"},{"@type":"Person","@id":"https:\/\/blog.tecnoartesanos.com\/#\/schema\/person\/ec88bc1410fd158963717c4216f04807","name":"Sergio Morales","image":{"@type":"ImageObject","inLanguage":"en-US","@id":"https:\/\/blog.tecnoartesanos.com\/#\/schema\/person\/image\/","url":"https:\/\/secure.gravatar.com\/avatar\/3d45178fc8fbbe32d39278bc504fa9093f947f406ff4f1ddcfa27505ab772184?s=96&d=mm&r=g","contentUrl":"https:\/\/secure.gravatar.com\/avatar\/3d45178fc8fbbe32d39278bc504fa9093f947f406ff4f1ddcfa27505ab772184?s=96&d=mm&r=g","caption":"Sergio Morales"},"sameAs":["https:\/\/sergiomorales.space"],"url":"https:\/\/blog.tecnoartesanos.com\/index.php\/author\/sergiomorales\/"}]}},"_links":{"self":[{"href":"https:\/\/blog.tecnoartesanos.com\/index.php\/wp-json\/wp\/v2\/posts\/2522","targetHints":{"allow":["GET"]}}],"collection":[{"href":"https:\/\/blog.tecnoartesanos.com\/index.php\/wp-json\/wp\/v2\/posts"}],"about":[{"href":"https:\/\/blog.tecnoartesanos.com\/index.php\/wp-json\/wp\/v2\/types\/post"}],"author":[{"embeddable":true,"href":"https:\/\/blog.tecnoartesanos.com\/index.php\/wp-json\/wp\/v2\/users\/2"}],"replies":[{"embeddable":true,"href":"https:\/\/blog.tecnoartesanos.com\/index.php\/wp-json\/wp\/v2\/comments?post=2522"}],"version-history":[{"count":0,"href":"https:\/\/blog.tecnoartesanos.com\/index.php\/wp-json\/wp\/v2\/posts\/2522\/revisions"}],"wp:featuredmedia":[{"embeddable":true,"href":"https:\/\/blog.tecnoartesanos.com\/index.php\/wp-json\/wp\/v2\/media\/2523"}],"wp:attachment":[{"href":"https:\/\/blog.tecnoartesanos.com\/index.php\/wp-json\/wp\/v2\/media?parent=2522"}],"wp:term":[{"taxonomy":"category","embeddable":true,"href":"https:\/\/blog.tecnoartesanos.com\/index.php\/wp-json\/wp\/v2\/categories?post=2522"},{"taxonomy":"post_tag","embeddable":true,"href":"https:\/\/blog.tecnoartesanos.com\/index.php\/wp-json\/wp\/v2\/tags?post=2522"}],"curies":[{"name":"wp","href":"https:\/\/api.w.org\/{rel}","templated":true}]}}