{"id":2377,"date":"2026-03-10T21:45:54","date_gmt":"2026-03-10T21:45:54","guid":{"rendered":"http:\/\/69b0490a7812c5b69447438f"},"modified":"2026-03-10T21:45:54","modified_gmt":"2026-03-10T21:45:54","slug":"los-autos-voladores-llegaran-a-los-cielos-este-verano-en-ee-uu","status":"publish","type":"post","link":"https:\/\/blog.tecnoartesanos.com\/index.php\/2026\/03\/10\/los-autos-voladores-llegaran-a-los-cielos-este-verano-en-ee-uu\/","title":{"rendered":"Los &#8220;autos voladores&#8221; llegar\u00e1n a los cielos este verano en EE UU"},"content":{"rendered":"<div class=\"media_block\"><img decoding=\"async\" src=\"https:\/\/media.es.wired.com\/photos\/69b04909f7b80eefe4168876\/master\/pass\/FAA-and-DOT-Announced-Pilot-Program-Gear-2026-0308-Midnight_T02_FLying_DSC_0665.jpg\" class=\"media_thumbnail\"><\/div>\n<p>Nuevos tipos de aeronaves, especies de &#8220;autos voladores&#8221; que pueden despegar y aterrizar con poco espacio como los helic\u00f3pteros pero funcionan como los aviones, empezar\u00e1n a operar en el espacio a\u00e9reo estadounidense a partir de junio, seg\u00fan anunci\u00f3 el lunes el Departamento de Transporte (DOT).<\/p>\n<p>Ocho regiones de EE UU, entre ellas Nueva York y Nueva Jersey, Texas, Florida y Albuquerque, Nuevo M\u00e9xico, participar\u00e1n en un programa piloto de tres a\u00f1os en el que los nuevos dise\u00f1os de aeronaves transportar\u00e1n personas y mercanc\u00edas por todo el pa\u00eds incluso antes de recibir formalmente la certificaci\u00f3n completa de la <a href=\"https:\/\/es.wired.com\/articulos\/el-cierre-aereo-en-el-paso-mostro-la-falta-de-comunicacion-entre-migracion-y-las-agencias-de-ee-uu\">Administraci\u00f3n Federal de Aviaci\u00f3n<\/a> (FAA).<\/p>\n<h2>\u00bfCu\u00e1ndo van a existir los autos voladores?<\/h2>\n<p><strong>Las empresas que construyen la tecnolog\u00eda afirman que sus aviones son m\u00e1s silenciosos, m\u00e1s baratos y emiten menos gases que los helic\u00f3pteros o los aviones.<\/strong> Algunas prometen <a href=\"https:\/\/es.wired.com\/articulos\/automoviles-autonomos-de-waymo-recogen-pasajeros-en-aeropuerto-de-phoenix-arizona\">viajes totalmente aut\u00f3nomos.<\/a> Muchos de los que participan en el proyecto, como los aviones el\u00e9ctricos de despegue y aterrizaje vertical (eVTOL) y los aviones de despegue ultracorto, necesitan mucho menos espacio para funcionar, ya que aterrizan y despegan fuera de los aeropuertos tradicionales y m\u00e1s cerca de donde vive y trabaja la gente. Las empresas perfilan un futuro en el que la gente normal pueda desplazarse entre ciudades vecinas en cuesti\u00f3n de minutos, navegando por encima del tr\u00e1fico y reordenando la econom\u00eda a su paso.<\/p>\n<figure class=\"AssetEmbedWrapper-iJvQnD cOWUYC asset-embed\">\n<div class=\"AssetEmbedAssetContainer-fnduJP iaVSwI asset-embed__asset-container\"><span class=\"SpanWrapper-kFnjvc eKnjjD responsive-asset AssetEmbedResponsiveAsset-gaAbQ hXaxHA asset-embed__responsive-asset\"><picture class=\"ResponsiveImagePicture-jKunQM gjCCFj AssetEmbedResponsiveAsset-gaAbQ hXaxHA asset-embed__responsive-asset responsive-image\"><img decoding=\"async\" alt=\"EL9 Ultra Short de Electra con capacidad para nueve pasajeros.\" loading=\"lazy\" class=\"ResponsiveImageContainer-dkeESL cQPiWi responsive-image__image\" srcset=\"https:\/\/media.es.wired.com\/photos\/69b04909f7b80eefe4168877\/master\/w_120,c_limit\/FAA-and-DOT-Announced-Pilot-Program-GearElectra-EL9-Ultra-Short-selected-for-eIPP-Program.jpg 120w, https:\/\/media.es.wired.com\/photos\/69b04909f7b80eefe4168877\/master\/w_240,c_limit\/FAA-and-DOT-Announced-Pilot-Program-GearElectra-EL9-Ultra-Short-selected-for-eIPP-Program.jpg 240w, https:\/\/media.es.wired.com\/photos\/69b04909f7b80eefe4168877\/master\/w_320,c_limit\/FAA-and-DOT-Announced-Pilot-Program-GearElectra-EL9-Ultra-Short-selected-for-eIPP-Program.jpg 320w, https:\/\/media.es.wired.com\/photos\/69b04909f7b80eefe4168877\/master\/w_640,c_limit\/FAA-and-DOT-Announced-Pilot-Program-GearElectra-EL9-Ultra-Short-selected-for-eIPP-Program.jpg 640w, https:\/\/media.es.wired.com\/photos\/69b04909f7b80eefe4168877\/master\/w_960,c_limit\/FAA-and-DOT-Announced-Pilot-Program-GearElectra-EL9-Ultra-Short-selected-for-eIPP-Program.jpg 960w, https:\/\/media.es.wired.com\/photos\/69b04909f7b80eefe4168877\/master\/w_1280,c_limit\/FAA-and-DOT-Announced-Pilot-Program-GearElectra-EL9-Ultra-Short-selected-for-eIPP-Program.jpg 1280w, https:\/\/media.es.wired.com\/photos\/69b04909f7b80eefe4168877\/master\/w_1600,c_limit\/FAA-and-DOT-Announced-Pilot-Program-GearElectra-EL9-Ultra-Short-selected-for-eIPP-Program.jpg 1600w\" sizes=\"100vw\" src=\"https:\/\/media.es.wired.com\/photos\/69b04909f7b80eefe4168877\/master\/w_1600%2Cc_limit\/FAA-and-DOT-Announced-Pilot-Program-GearElectra-EL9-Ultra-Short-selected-for-eIPP-Program.jpg\"><\/picture><\/span><\/div>\n<div class=\"CaptionWrapper-bpPcvW iDPSlt caption AssetEmbedCaption-eZIMNW gMgneI asset-embed__caption\" data-testid=\"caption-wrapper\" readability=\"6.5\"><span class=\"BaseText-fEwdHD CaptionText-cQpRdU kRTNAB hbiMYj caption__text\" readability=\"28\"><\/p>\n<p>EL9 Ultra Short de Electra, con capacidad para nueve pasajeros.<\/p>\n<p><\/span><span class=\"BaseText-fEwdHD CaptionCredit-cUgOGk iQbGEh hRFzlA caption__credit\">Electra<\/span><\/div>\n<\/figure>\n<p>En una reuni\u00f3n con inversionistas a principios de este mes, Adam Goldstein, CEO y fundador de Archer Aviation, una de las empresas implicadas, calific\u00f3 el programa piloto federal de &#8220;nuestro momento Waymo&#8221;, un proyecto de ciencia ficci\u00f3n convertido en realidad. &#8220;Ahora <strong>el objetivo es que medio mill\u00f3n de personas de las ciudades m\u00e1s grandes del pa\u00eds empiecen a ver estos aviones como parte de sus desplazamientos diarios<\/strong>, igual que empezaron a ver Waymos todos los d\u00edas&#8221;.<\/p>\n<p>El aerotaxi el\u00e9ctrico de Archer, llamado Midnight, est\u00e1 construido para transportar hasta cuatro pasajeros en trayectos de 60 a 90 minutos. La empresa participar\u00e1 en proyectos piloto en Texas, Florida y Nueva York. Goldstein declar\u00f3 a los inversionistas que Midnight dar\u00eda otro paso importante hacia la certificaci\u00f3n &#8220;en los pr\u00f3ximos trimestres&#8221;. La empresa ha recibido financiaci\u00f3n del <a href=\"https:\/\/es.wired.com\/articulos\/que-pasa-cuando-una-fabrica-china-de-baterias-llega-a-tu-ciudad\">fabricante de autom\u00f3viles<\/a> Stellantis y de United Airlines.<\/p>\n<p>Otras empresas que participan en los proyectos piloto son el fabricante de peque\u00f1os aviones el\u00e9ctricos Beta Technologies, el fabricante de taxis a\u00e9reos Joby Aviation, financiado por Toyota y Jet Blue, y Electra, que est\u00e1 construyendo un avi\u00f3n ultracorto el\u00e9ctrico h\u00edbrido. Estas cuatro empresas han realizado vuelos de prueba en Estados Unidos.<\/p>\n<p>&#8220;Lo que nos encanta del piloto es la oportunidad de demostrar que esto no es fantas\u00eda. No es ciencia ficci\u00f3n. Est\u00e1 en el mundo real&#8221;, afirma a WIRED Marc Allen, CEO de Electra.<\/p>\n<div class=\"ContentCardEmbedWrapper-hkvhYu kMYDit content-card-embed content-card-embed--stacked\" data-testid=\"ContentCardEmbedWrapper\" readability=\"20.097173144876\">\n<div class=\"ContentCardEmbedImage-bqahne fjmzkP content-card-embed__image\" data-testid=\"ContentCardEmbedImage\"><span class=\"SpanWrapper-kFnjvc eKnjjD responsive-asset\"><picture class=\"ResponsiveImagePicture-jKunQM gjCCFj responsive-image\"><img decoding=\"async\" alt=\"OpenAI Pent\u00e1gono\" loading=\"lazy\" class=\"ResponsiveImageContainer-dkeESL cQPiWi responsive-image__image\" srcset=\"https:\/\/media.es.wired.com\/photos\/69adbfe7dc9b3730e6450ead\/master\/w_120,c_limit\/pentagonoai.jpg 120w, https:\/\/media.es.wired.com\/photos\/69adbfe7dc9b3730e6450ead\/master\/w_240,c_limit\/pentagonoai.jpg 240w, https:\/\/media.es.wired.com\/photos\/69adbfe7dc9b3730e6450ead\/master\/w_320,c_limit\/pentagonoai.jpg 320w, https:\/\/media.es.wired.com\/photos\/69adbfe7dc9b3730e6450ead\/master\/w_640,c_limit\/pentagonoai.jpg 640w\" sizes=\"100vw\" src=\"https:\/\/media.es.wired.com\/photos\/69adbfe7dc9b3730e6450ead\/master\/w_775%2Cc_limit\/pentagonoai.jpg\"><\/picture><\/span><\/div>\n<div class=\"ContentCardEmbedInfo-buyHWH gWLOee\" readability=\"21.643109540636\">\n<div class=\"BaseText-fEwdHD ContentCardEmbedHed-kDKGDs fUtEc dlHXUJ content-card-embed__hed\" data-testid=\"ContentCardEmbedHed\"><a class=\"BaseLink-haTOKm ContentCardEmbedHedLink-iBZsco gAoKdC hhUFQU content-card-embed__hed-link link\" href=\"https:\/\/es.wired.com\/articulos\/el-polemico-acuerdo-de-openai-con-el-pentagono-ya-resulto-en-la-primera-renuncia-publica-de-una-figura-clave\" data-testid=\"ContentCardEmbedHedLink\">El pol\u00e9mico acuerdo de OpenAI con el Pent\u00e1gono ya produjo su primera renuncia p\u00fablica de una figura clave<\/a><\/div>\n<p>Caitlin Kalinowski, quien fuera l\u00edder de hardware en OpenAI, cit\u00f3 como motivo de su renuncia preocupaciones \u00e9ticas sobre el acuerdo con el Departamento de Defensa de EE UU.<\/p>\n<\/div>\n<\/div>\n<h2>Qu\u00e9 dice la administraci\u00f3n Trump<\/h2>\n<p>La administraci\u00f3n Trump mostr\u00f3 por primera vez su apoyo a la nueva tecnolog\u00eda aeron\u00e1utica en junio, cuando el presidente firm\u00f3 una orden ejecutiva destinada a reducir la &#8220;onerosa burocracia&#8221; en torno a <a href=\"https:\/\/es.wired.com\/articulos\/ia-drones-y-redes-sociales-la-formula-de-expansion-del-cjng-durante-el-liderazgo-de-el-mencho\">la operaci\u00f3n de drones<\/a>, &#8220;autos voladores&#8221; y aviones supers\u00f3nicos en Estados Unidos. Un plan publicado por el gobierno de Biden en 2023 pretend\u00eda desplegar <a href=\"https:\/\/es.wired.com\/articulos\/taxis-voladores-surcaran-cielos-de-dubai-en-2026\">taxis a\u00e9reos<\/a> en 2028, a tiempo para los Juegos Ol\u00edmpicos de Los \u00c1ngeles.<\/p>\n<p>Como los eVTOL son nuevos, las empresas que los construyen han tardado a\u00f1os en recibir todas las certificaciones del gobierno federal. Las nuevas aeronaves necesitan nuevas reglas y normas de seguridad, y tienen que pasar por varias rondas de certificaciones antes de poder empezar a transportar pasajeros de pago. Ninguna de las empresas que participan en los proyectos piloto ha completado el proceso de certificaci\u00f3n.<\/p>\n","protected":false},"excerpt":{"rendered":"<p>Nuevos tipos de aeronaves, especies de &#8220;autos voladores&#8221; que pueden despegar y aterrizar con poco espacio como los helic\u00f3pteros pero funcionan como los aviones, empezar\u00e1n a operar en el espacio a\u00e9reo estadounidense a partir de junio, seg\u00fan anunci\u00f3 el lunes el Departamento de Transporte (DOT). Ocho regiones de EE UU, entre ellas Nueva York y [&hellip;]<\/p>\n","protected":false},"author":2,"featured_media":2378,"comment_status":"closed","ping_status":"closed","sticky":false,"template":"","format":"standard","meta":{"footnotes":""},"categories":[1],"tags":[],"class_list":["post-2377","post","type-post","status-publish","format-standard","has-post-thumbnail","hentry","category-technology"],"yoast_head":"<!-- This site is optimized with the Yoast SEO plugin v24.5 - https:\/\/yoast.com\/wordpress\/plugins\/seo\/ -->\n<title>Los &quot;autos voladores&quot; llegar\u00e1n a los cielos este verano en EE UU - TecnoArtesanos Tech Blog<\/title>\n<meta name=\"robots\" content=\"index, follow, max-snippet:-1, max-image-preview:large, max-video-preview:-1\" \/>\n<link rel=\"canonical\" href=\"https:\/\/blog.tecnoartesanos.com\/index.php\/2026\/03\/10\/los-autos-voladores-llegaran-a-los-cielos-este-verano-en-ee-uu\/\" \/>\n<meta property=\"og:locale\" content=\"en_US\" \/>\n<meta property=\"og:type\" content=\"article\" \/>\n<meta property=\"og:title\" content=\"Los &quot;autos voladores&quot; llegar\u00e1n a los cielos este verano en EE UU - TecnoArtesanos Tech Blog\" \/>\n<meta property=\"og:description\" content=\"Nuevos tipos de aeronaves, especies de &#8220;autos voladores&#8221; que pueden despegar y aterrizar con poco espacio como los helic\u00f3pteros pero funcionan como los aviones, empezar\u00e1n a operar en el espacio a\u00e9reo estadounidense a partir de junio, seg\u00fan anunci\u00f3 el lunes el Departamento de Transporte (DOT). Ocho regiones de EE UU, entre ellas Nueva York y [&hellip;]\" \/>\n<meta property=\"og:url\" content=\"https:\/\/blog.tecnoartesanos.com\/index.php\/2026\/03\/10\/los-autos-voladores-llegaran-a-los-cielos-este-verano-en-ee-uu\/\" \/>\n<meta property=\"og:site_name\" content=\"TecnoArtesanos Tech Blog\" \/>\n<meta property=\"article:published_time\" content=\"2026-03-10T21:45:54+00:00\" \/>\n<meta property=\"og:image\" content=\"https:\/\/media.es.wired.com\/photos\/69b04909f7b80eefe4168876\/master\/pass\/FAA-and-DOT-Announced-Pilot-Program-Gear-2026-0308-Midnight_T02_FLying_DSC_0665.jpg\" \/>\n<meta name=\"author\" content=\"Sergio Morales\" \/>\n<meta name=\"twitter:card\" content=\"summary_large_image\" \/>\n<meta name=\"twitter:label1\" content=\"Written by\" \/>\n\t<meta name=\"twitter:data1\" content=\"Sergio Morales\" \/>\n\t<meta name=\"twitter:label2\" content=\"Est. reading time\" \/>\n\t<meta name=\"twitter:data2\" content=\"3 minutes\" \/>\n<script type=\"application\/ld+json\" class=\"yoast-schema-graph\">{\"@context\":\"https:\/\/schema.org\",\"@graph\":[{\"@type\":\"WebPage\",\"@id\":\"https:\/\/blog.tecnoartesanos.com\/index.php\/2026\/03\/10\/los-autos-voladores-llegaran-a-los-cielos-este-verano-en-ee-uu\/\",\"url\":\"https:\/\/blog.tecnoartesanos.com\/index.php\/2026\/03\/10\/los-autos-voladores-llegaran-a-los-cielos-este-verano-en-ee-uu\/\",\"name\":\"Los \\\"autos voladores\\\" llegar\u00e1n a los cielos este verano en EE UU - TecnoArtesanos Tech Blog\",\"isPartOf\":{\"@id\":\"https:\/\/blog.tecnoartesanos.com\/#website\"},\"primaryImageOfPage\":{\"@id\":\"https:\/\/blog.tecnoartesanos.com\/index.php\/2026\/03\/10\/los-autos-voladores-llegaran-a-los-cielos-este-verano-en-ee-uu\/#primaryimage\"},\"image\":{\"@id\":\"https:\/\/blog.tecnoartesanos.com\/index.php\/2026\/03\/10\/los-autos-voladores-llegaran-a-los-cielos-este-verano-en-ee-uu\/#primaryimage\"},\"thumbnailUrl\":\"https:\/\/blog.tecnoartesanos.com\/wp-content\/uploads\/2026\/03\/los-autos-voladores-llegaran-a-los-cielos-este-verano-en-ee-uu.jpg\",\"datePublished\":\"2026-03-10T21:45:54+00:00\",\"author\":{\"@id\":\"https:\/\/blog.tecnoartesanos.com\/#\/schema\/person\/ec88bc1410fd158963717c4216f04807\"},\"breadcrumb\":{\"@id\":\"https:\/\/blog.tecnoartesanos.com\/index.php\/2026\/03\/10\/los-autos-voladores-llegaran-a-los-cielos-este-verano-en-ee-uu\/#breadcrumb\"},\"inLanguage\":\"en-US\",\"potentialAction\":[{\"@type\":\"ReadAction\",\"target\":[\"https:\/\/blog.tecnoartesanos.com\/index.php\/2026\/03\/10\/los-autos-voladores-llegaran-a-los-cielos-este-verano-en-ee-uu\/\"]}]},{\"@type\":\"ImageObject\",\"inLanguage\":\"en-US\",\"@id\":\"https:\/\/blog.tecnoartesanos.com\/index.php\/2026\/03\/10\/los-autos-voladores-llegaran-a-los-cielos-este-verano-en-ee-uu\/#primaryimage\",\"url\":\"https:\/\/blog.tecnoartesanos.com\/wp-content\/uploads\/2026\/03\/los-autos-voladores-llegaran-a-los-cielos-este-verano-en-ee-uu.jpg\",\"contentUrl\":\"https:\/\/blog.tecnoartesanos.com\/wp-content\/uploads\/2026\/03\/los-autos-voladores-llegaran-a-los-cielos-este-verano-en-ee-uu.jpg\",\"width\":1600,\"height\":1067},{\"@type\":\"BreadcrumbList\",\"@id\":\"https:\/\/blog.tecnoartesanos.com\/index.php\/2026\/03\/10\/los-autos-voladores-llegaran-a-los-cielos-este-verano-en-ee-uu\/#breadcrumb\",\"itemListElement\":[{\"@type\":\"ListItem\",\"position\":1,\"name\":\"Home\",\"item\":\"https:\/\/blog.tecnoartesanos.com\/\"},{\"@type\":\"ListItem\",\"position\":2,\"name\":\"Los &#8220;autos voladores&#8221; llegar\u00e1n a los cielos este verano en EE UU\"}]},{\"@type\":\"WebSite\",\"@id\":\"https:\/\/blog.tecnoartesanos.com\/#website\",\"url\":\"https:\/\/blog.tecnoartesanos.com\/\",\"name\":\"TecnoArtesanos Tech Blog\",\"description\":\"\",\"potentialAction\":[{\"@type\":\"SearchAction\",\"target\":{\"@type\":\"EntryPoint\",\"urlTemplate\":\"https:\/\/blog.tecnoartesanos.com\/?s={search_term_string}\"},\"query-input\":{\"@type\":\"PropertyValueSpecification\",\"valueRequired\":true,\"valueName\":\"search_term_string\"}}],\"inLanguage\":\"en-US\"},{\"@type\":\"Person\",\"@id\":\"https:\/\/blog.tecnoartesanos.com\/#\/schema\/person\/ec88bc1410fd158963717c4216f04807\",\"name\":\"Sergio Morales\",\"image\":{\"@type\":\"ImageObject\",\"inLanguage\":\"en-US\",\"@id\":\"https:\/\/blog.tecnoartesanos.com\/#\/schema\/person\/image\/\",\"url\":\"https:\/\/secure.gravatar.com\/avatar\/3d45178fc8fbbe32d39278bc504fa9093f947f406ff4f1ddcfa27505ab772184?s=96&d=mm&r=g\",\"contentUrl\":\"https:\/\/secure.gravatar.com\/avatar\/3d45178fc8fbbe32d39278bc504fa9093f947f406ff4f1ddcfa27505ab772184?s=96&d=mm&r=g\",\"caption\":\"Sergio Morales\"},\"sameAs\":[\"https:\/\/sergiomorales.space\"],\"url\":\"https:\/\/blog.tecnoartesanos.com\/index.php\/author\/sergiomorales\/\"}]}<\/script>\n<!-- \/ Yoast SEO plugin. -->","yoast_head_json":{"title":"Los \"autos voladores\" llegar\u00e1n a los cielos este verano en EE UU - TecnoArtesanos Tech Blog","robots":{"index":"index","follow":"follow","max-snippet":"max-snippet:-1","max-image-preview":"max-image-preview:large","max-video-preview":"max-video-preview:-1"},"canonical":"https:\/\/blog.tecnoartesanos.com\/index.php\/2026\/03\/10\/los-autos-voladores-llegaran-a-los-cielos-este-verano-en-ee-uu\/","og_locale":"en_US","og_type":"article","og_title":"Los \"autos voladores\" llegar\u00e1n a los cielos este verano en EE UU - TecnoArtesanos Tech Blog","og_description":"Nuevos tipos de aeronaves, especies de &#8220;autos voladores&#8221; que pueden despegar y aterrizar con poco espacio como los helic\u00f3pteros pero funcionan como los aviones, empezar\u00e1n a operar en el espacio a\u00e9reo estadounidense a partir de junio, seg\u00fan anunci\u00f3 el lunes el Departamento de Transporte (DOT). Ocho regiones de EE UU, entre ellas Nueva York y [&hellip;]","og_url":"https:\/\/blog.tecnoartesanos.com\/index.php\/2026\/03\/10\/los-autos-voladores-llegaran-a-los-cielos-este-verano-en-ee-uu\/","og_site_name":"TecnoArtesanos Tech Blog","article_published_time":"2026-03-10T21:45:54+00:00","og_image":[{"url":"https:\/\/media.es.wired.com\/photos\/69b04909f7b80eefe4168876\/master\/pass\/FAA-and-DOT-Announced-Pilot-Program-Gear-2026-0308-Midnight_T02_FLying_DSC_0665.jpg","type":"","width":"","height":""}],"author":"Sergio Morales","twitter_card":"summary_large_image","twitter_misc":{"Written by":"Sergio Morales","Est. reading time":"3 minutes"},"schema":{"@context":"https:\/\/schema.org","@graph":[{"@type":"WebPage","@id":"https:\/\/blog.tecnoartesanos.com\/index.php\/2026\/03\/10\/los-autos-voladores-llegaran-a-los-cielos-este-verano-en-ee-uu\/","url":"https:\/\/blog.tecnoartesanos.com\/index.php\/2026\/03\/10\/los-autos-voladores-llegaran-a-los-cielos-este-verano-en-ee-uu\/","name":"Los \"autos voladores\" llegar\u00e1n a los cielos este verano en EE UU - TecnoArtesanos Tech Blog","isPartOf":{"@id":"https:\/\/blog.tecnoartesanos.com\/#website"},"primaryImageOfPage":{"@id":"https:\/\/blog.tecnoartesanos.com\/index.php\/2026\/03\/10\/los-autos-voladores-llegaran-a-los-cielos-este-verano-en-ee-uu\/#primaryimage"},"image":{"@id":"https:\/\/blog.tecnoartesanos.com\/index.php\/2026\/03\/10\/los-autos-voladores-llegaran-a-los-cielos-este-verano-en-ee-uu\/#primaryimage"},"thumbnailUrl":"https:\/\/blog.tecnoartesanos.com\/wp-content\/uploads\/2026\/03\/los-autos-voladores-llegaran-a-los-cielos-este-verano-en-ee-uu.jpg","datePublished":"2026-03-10T21:45:54+00:00","author":{"@id":"https:\/\/blog.tecnoartesanos.com\/#\/schema\/person\/ec88bc1410fd158963717c4216f04807"},"breadcrumb":{"@id":"https:\/\/blog.tecnoartesanos.com\/index.php\/2026\/03\/10\/los-autos-voladores-llegaran-a-los-cielos-este-verano-en-ee-uu\/#breadcrumb"},"inLanguage":"en-US","potentialAction":[{"@type":"ReadAction","target":["https:\/\/blog.tecnoartesanos.com\/index.php\/2026\/03\/10\/los-autos-voladores-llegaran-a-los-cielos-este-verano-en-ee-uu\/"]}]},{"@type":"ImageObject","inLanguage":"en-US","@id":"https:\/\/blog.tecnoartesanos.com\/index.php\/2026\/03\/10\/los-autos-voladores-llegaran-a-los-cielos-este-verano-en-ee-uu\/#primaryimage","url":"https:\/\/blog.tecnoartesanos.com\/wp-content\/uploads\/2026\/03\/los-autos-voladores-llegaran-a-los-cielos-este-verano-en-ee-uu.jpg","contentUrl":"https:\/\/blog.tecnoartesanos.com\/wp-content\/uploads\/2026\/03\/los-autos-voladores-llegaran-a-los-cielos-este-verano-en-ee-uu.jpg","width":1600,"height":1067},{"@type":"BreadcrumbList","@id":"https:\/\/blog.tecnoartesanos.com\/index.php\/2026\/03\/10\/los-autos-voladores-llegaran-a-los-cielos-este-verano-en-ee-uu\/#breadcrumb","itemListElement":[{"@type":"ListItem","position":1,"name":"Home","item":"https:\/\/blog.tecnoartesanos.com\/"},{"@type":"ListItem","position":2,"name":"Los &#8220;autos voladores&#8221; llegar\u00e1n a los cielos este verano en EE UU"}]},{"@type":"WebSite","@id":"https:\/\/blog.tecnoartesanos.com\/#website","url":"https:\/\/blog.tecnoartesanos.com\/","name":"TecnoArtesanos Tech Blog","description":"","potentialAction":[{"@type":"SearchAction","target":{"@type":"EntryPoint","urlTemplate":"https:\/\/blog.tecnoartesanos.com\/?s={search_term_string}"},"query-input":{"@type":"PropertyValueSpecification","valueRequired":true,"valueName":"search_term_string"}}],"inLanguage":"en-US"},{"@type":"Person","@id":"https:\/\/blog.tecnoartesanos.com\/#\/schema\/person\/ec88bc1410fd158963717c4216f04807","name":"Sergio Morales","image":{"@type":"ImageObject","inLanguage":"en-US","@id":"https:\/\/blog.tecnoartesanos.com\/#\/schema\/person\/image\/","url":"https:\/\/secure.gravatar.com\/avatar\/3d45178fc8fbbe32d39278bc504fa9093f947f406ff4f1ddcfa27505ab772184?s=96&d=mm&r=g","contentUrl":"https:\/\/secure.gravatar.com\/avatar\/3d45178fc8fbbe32d39278bc504fa9093f947f406ff4f1ddcfa27505ab772184?s=96&d=mm&r=g","caption":"Sergio Morales"},"sameAs":["https:\/\/sergiomorales.space"],"url":"https:\/\/blog.tecnoartesanos.com\/index.php\/author\/sergiomorales\/"}]}},"_links":{"self":[{"href":"https:\/\/blog.tecnoartesanos.com\/index.php\/wp-json\/wp\/v2\/posts\/2377","targetHints":{"allow":["GET"]}}],"collection":[{"href":"https:\/\/blog.tecnoartesanos.com\/index.php\/wp-json\/wp\/v2\/posts"}],"about":[{"href":"https:\/\/blog.tecnoartesanos.com\/index.php\/wp-json\/wp\/v2\/types\/post"}],"author":[{"embeddable":true,"href":"https:\/\/blog.tecnoartesanos.com\/index.php\/wp-json\/wp\/v2\/users\/2"}],"replies":[{"embeddable":true,"href":"https:\/\/blog.tecnoartesanos.com\/index.php\/wp-json\/wp\/v2\/comments?post=2377"}],"version-history":[{"count":0,"href":"https:\/\/blog.tecnoartesanos.com\/index.php\/wp-json\/wp\/v2\/posts\/2377\/revisions"}],"wp:featuredmedia":[{"embeddable":true,"href":"https:\/\/blog.tecnoartesanos.com\/index.php\/wp-json\/wp\/v2\/media\/2378"}],"wp:attachment":[{"href":"https:\/\/blog.tecnoartesanos.com\/index.php\/wp-json\/wp\/v2\/media?parent=2377"}],"wp:term":[{"taxonomy":"category","embeddable":true,"href":"https:\/\/blog.tecnoartesanos.com\/index.php\/wp-json\/wp\/v2\/categories?post=2377"},{"taxonomy":"post_tag","embeddable":true,"href":"https:\/\/blog.tecnoartesanos.com\/index.php\/wp-json\/wp\/v2\/tags?post=2377"}],"curies":[{"name":"wp","href":"https:\/\/api.w.org\/{rel}","templated":true}]}}