{"id":2174,"date":"2026-01-21T17:16:26","date_gmt":"2026-01-21T17:16:26","guid":{"rendered":"http:\/\/6970e23a8c80024b3517f13b"},"modified":"2026-01-21T17:16:26","modified_gmt":"2026-01-21T17:16:26","slug":"meta-intenta-silenciar-estudios-a-las-puertas-del-juicio-por-explotacion-de-menores-en-facebook","status":"publish","type":"post","link":"https:\/\/blog.tecnoartesanos.com\/index.php\/2026\/01\/21\/meta-intenta-silenciar-estudios-a-las-puertas-del-juicio-por-explotacion-de-menores-en-facebook\/","title":{"rendered":"Meta intenta silenciar estudios a las puertas del juicio por explotaci\u00f3n de menores en Facebook"},"content":{"rendered":"<div class=\"media_block\"><img decoding=\"async\" src=\"https:\/\/media.es.wired.com\/photos\/6970e239670e84cebff3feac\/master\/pass\/Ahead-of-Child-Safety-Trial-Meta-Asks-Judge-to-Ban-Words-Images-and-Zuckerberg-Harvard-Pedigree-Business.jpg\" class=\"media_thumbnail\"><\/div>\n<p><strong>En sus peticiones previas al juicio de Nuevo M\u00e9xico, Meta pidi\u00f3 que el tribunal excluyera cualquier referencia a un aviso p\u00fablico publicado por Vivek Murthy, excirujano general de EE UU, sobre las redes sociales y <a href=\"https:\/\/es.wired.com\/articulos\/la-generacion-ansiosa-controversial-bestseller-sobre-redes-sociales-y-salud-mental-ninos-y-jovenes\">la salud mental de los j\u00f3venes<\/a>.<\/strong> Tambi\u00e9n pidi\u00f3 al tribunal que excluyera un art\u00edculo de opini\u00f3n de Murthy y su petici\u00f3n de que las redes sociales incluyeran una etiqueta de advertencia. Meta argumenta que las declaraciones del excirujano tratan a las empresas de medios sociales como un monolito y son &#8220;irrelevantes e indebidamente perjudiciales&#8221;.<\/p>\n<p>Meta tambi\u00e9n ha insistido en que el estado de Nuevo M\u00e9xico no deber\u00eda admitir ninguna encuesta de terceros, o las propias encuestas internas de Meta, que pretendan mostrar una gran cantidad de <a href=\"https:\/\/es.wired.com\/articulos\/hay-gente-usando-sora-2-para-hacer-videos-perturbadores-con-ninos-generados-por-ia\">contenido inapropiado en las plataformas<\/a> de Meta, porque las encuestas son, en t\u00e9rminos legales, &#8220;rumores&#8221;.<\/p>\n<hr>\n<div class=\"ContentCardEmbedWrapper-kFpFGN dpdjmB content-card-embed content-card-embed--stacked\" data-testid=\"ContentCardEmbedWrapper\" readability=\"19.965811965812\">\n<div class=\"ContentCardEmbedImage-iBIXcR jiOHKG content-card-embed__image\" data-testid=\"ContentCardEmbedImage\"><span class=\"SpanWrapper-zEXFr koTknX responsive-asset\"><picture class=\"ResponsiveImagePicture-cGZhnX jwYQWO responsive-image\"><img decoding=\"async\" alt=\"Jimmy Wales, co-founder of Wikipedia, following a Bloomberg Television interview in London, UK, on Thursday, Dec. 11, 2025. Wikipedia will celebrate its 25th anniversary next month. Photographer: Chris Ratcliffe\/Bloomberg via Getty Images \" loading=\"lazy\" class=\"ResponsiveImageContainer-eNxvmU cfBbTk responsive-image__image\" srcset=\"https:\/\/media.es.wired.com\/photos\/696f9f9e9d872feb512c9724\/master\/w_120,c_limit\/Big-Interview-UV-Solo-Jimmy-Wales-Business-2250589251.jpg 120w, https:\/\/media.es.wired.com\/photos\/696f9f9e9d872feb512c9724\/master\/w_240,c_limit\/Big-Interview-UV-Solo-Jimmy-Wales-Business-2250589251.jpg 240w, https:\/\/media.es.wired.com\/photos\/696f9f9e9d872feb512c9724\/master\/w_320,c_limit\/Big-Interview-UV-Solo-Jimmy-Wales-Business-2250589251.jpg 320w, https:\/\/media.es.wired.com\/photos\/696f9f9e9d872feb512c9724\/master\/w_640,c_limit\/Big-Interview-UV-Solo-Jimmy-Wales-Business-2250589251.jpg 640w\" sizes=\"100vw\" src=\"https:\/\/media.es.wired.com\/photos\/696f9f9e9d872feb512c9724\/master\/w_775%2Cc_limit\/Big-Interview-UV-Solo-Jimmy-Wales-Business-2250589251.jpg\"><\/picture><\/span><\/div>\n<div class=\"ContentCardEmbedInfo-bSBhwc IbulD\" readability=\"21.213675213675\">\n<div class=\"BaseWrap-sc-gzmcOU BaseText-eqOrNE ContentCardEmbedHed-kuAbUL deqABF jkWAvF fPZrfS content-card-embed__hed\" data-testid=\"ContentCardEmbedHed\"><a class=\"BaseWrap-sc-gzmcOU BaseText-eqOrNE BaseLink-eTpkqh ContentCardEmbedHedLink-kqBDz deqABF jkWAvF dsRLul hMqJdP content-card-embed__hed-link link\" href=\"https:\/\/es.wired.com\/articulos\/la-importancia-de-wikipedia-en-la-era-de-la-ia-una-charla-con-su-cofundador-jimmy-wales\" data-testid=\"ContentCardEmbedHedLink\">La importancia de Wikipedia en la era de la IA: Una charla con su cofundador Jimmy Wales<\/a><\/div>\n<p>En entrevista con WIRED, Wales reflexiona sobre el desaf\u00edo de mantener la neutralidad en un ecosistema digital cada vez m\u00e1s hostil a los hechos.<\/p>\n<\/div>\n<\/div>\n<hr>\n<h2>La seguridad viene despu\u00e9s de la reputaci\u00f3n<\/h2>\n<p>A la gigante de las redes sociales parece preocuparle que la reputaci\u00f3n de su CEO, las violaciones de la privacidad cometidas por la empresa en el pasado y su dominio general de las redes sociales puedan influir injustamente en el jurado. <strong>Meta ha pedido al tribunal que impida al Estado introducir cualquier argumento, testimonio o prueba sobre los a\u00f1os universitarios de Zuckerberg<\/strong>, diciendo que &#8220;cualquier esfuerzo por parte del Estado para arrancar comentarios poco favorecedores o incidentes de cuando el Sr. Zuckerberg (ahora en sus 40 a\u00f1os) era un estudiante universitario ser\u00eda tanto perjudicial como un uso inadmisible de pruebas de propensi\u00f3n para atacar el car\u00e1cter de los involucrados&#8221;. En 2003, Zuckerberg cre\u00f3 un sitio web muy famoso en el que calificaba el atractivo f\u00edsico; los abogados de Meta han tratado de mantener esta informaci\u00f3n fuera de los tribunales en un juicio consolidado en California que est\u00e1 previsto que comience a finales de este mes.<\/p>\n<p><strong>La compa\u00f1\u00eda tambi\u00e9n ha solicitado que se excluya cualquier prueba relativa a las finanzas de Meta<\/strong>, &#8220;incluido su tama\u00f1o financiero, situaci\u00f3n financiera, capitalizaci\u00f3n burs\u00e1til, ingresos, beneficios y patrimonio, as\u00ed como el patrimonio, la remuneraci\u00f3n y las actividades personales de sus directivos y empleados&#8221;.<\/p>\n<p>Pide que el tribunal no se refiera a los antiguos empleados o contratistas de Meta que el Estado pueda llamar como testigos como &#8220;denunciantes&#8221;, insistiendo en que el t\u00e9rmino &#8220;denunciante&#8221; es un t\u00e9rmino t\u00e9cnico legal y que las referencias inexactas o enga\u00f1osas a personas que no puedan ser consideradas denunciantes &#8220;solo servir\u00edan para confundir al jurado&#8221;. Adem\u00e1s, ha solicitado al tribunal que los agentes del orden que comparezcan como testigos no se presenten uniformados.<\/p>\n<p><strong>Meta tambi\u00e9n quiere que el tribunal excluya cualquier referencia a Molly Russell, una adolescente brit\u00e1nica que muri\u00f3 por suicidio en 2017 despu\u00e9s de consumir contenido en las redes sociales que mostraba <a href=\"https:\/\/es.wired.com\/articulos\/tiktok-algoritmo-cambian-forma-de-hablar-de-suicidio\">autolesiones y suicidio.<\/a><\/strong> Meta refuta que las pruebas sobre &#8220;su uso de Instagram y lo que pudo haber visto, su tr\u00e1gica muerte y la investigaci\u00f3n del forense del Reino Unido sobre su muerte&#8221; no tienen ninguna conexi\u00f3n con Nuevo M\u00e9xico o el caso de Meta all\u00ed, ni tampoco el testimonio del padre de Russell.<\/p>\n<hr>\n<div class=\"ContentCardEmbedWrapper-kFpFGN dpdjmB content-card-embed content-card-embed--stacked\" data-testid=\"ContentCardEmbedWrapper\" readability=\"24.972972972973\">\n<div class=\"ContentCardEmbedImage-iBIXcR jiOHKG content-card-embed__image\" data-testid=\"ContentCardEmbedImage\"><span class=\"SpanWrapper-zEXFr koTknX responsive-asset\"><picture class=\"ResponsiveImagePicture-cGZhnX jwYQWO responsive-image\"><img decoding=\"async\" alt=\"Mark Zuckerberg, CEO de Meta. \" loading=\"lazy\" class=\"ResponsiveImageContainer-eNxvmU cfBbTk responsive-image__image\" srcset=\"https:\/\/media.es.wired.com\/photos\/693323eed54cd04f5ddda17b\/master\/w_120,c_limit\/GettyImages-2235448391.jpg 120w, https:\/\/media.es.wired.com\/photos\/693323eed54cd04f5ddda17b\/master\/w_240,c_limit\/GettyImages-2235448391.jpg 240w, https:\/\/media.es.wired.com\/photos\/693323eed54cd04f5ddda17b\/master\/w_320,c_limit\/GettyImages-2235448391.jpg 320w, https:\/\/media.es.wired.com\/photos\/693323eed54cd04f5ddda17b\/master\/w_640,c_limit\/GettyImages-2235448391.jpg 640w\" sizes=\"100vw\" src=\"https:\/\/media.es.wired.com\/photos\/693323eed54cd04f5ddda17b\/master\/w_775%2Cc_limit\/GettyImages-2235448391.jpg\"><\/picture><\/span><\/div>\n<div class=\"ContentCardEmbedInfo-bSBhwc IbulD\" readability=\"27.243243243243\">\n<div class=\"BaseWrap-sc-gzmcOU BaseText-eqOrNE ContentCardEmbedHed-kuAbUL deqABF jkWAvF fPZrfS content-card-embed__hed\" data-testid=\"ContentCardEmbedHed\"><a class=\"BaseWrap-sc-gzmcOU BaseText-eqOrNE BaseLink-eTpkqh ContentCardEmbedHedLink-kqBDz deqABF jkWAvF dsRLul hMqJdP content-card-embed__hed-link link\" href=\"https:\/\/es.wired.com\/articulos\/meta-ficha-a-los-mejores-disenadores-de-apple-para-arreglar-su-interfaz\" data-testid=\"ContentCardEmbedHedLink\">Meta ficha a los mejores dise\u00f1adores de Apple para arreglar su interfaz<\/a><\/div>\n<p>Meta quiere que su <em>hardware<\/em> de IA sea m\u00e1s elegante y tenga un dise\u00f1o m\u00e1s moderno. Tambi\u00e9n busca que su <em>software<\/em> resulte m\u00e1s f\u00e1cil de usar. Y, al parecer, su estrategia para lograrlo es contratar a exempleados de Apple.<\/p>\n<\/div>\n<\/div>\n<hr>\n<h2>&#8220;Tambi\u00e9n excluyamos a los <em>chatbots<\/em> de la conversaci\u00f3n&#8221;<\/h2>\n<p>Y, a pesar de las recientes inversiones masivas de la compa\u00f1\u00eda y la promoci\u00f3n de sus productos de inteligencia artificial, Meta pidi\u00f3 la exclusi\u00f3n de cualquier menci\u00f3n de sus <em>chatbots<\/em>, afirmando que &#8220;este caso nunca ha sido sobre IA&#8221;, y que la introducci\u00f3n de un &#8220;tema nuevo y complejo podr\u00eda confundir y enga\u00f1ar al jurado sobre la conducta y las declaraciones realmente en cuesti\u00f3n&#8221;.<\/p>\n<p>Algunas de estas peticiones, como retener referencias a &#8220;casos anteriores, la riqueza de Meta o la aplicaci\u00f3n de Mark Zuckerberg para calificar a los universitarios, parecen bastante normales y sencillas&#8221;, menciona Mark Lemley, socio de la firma de litigios Lex Lumina y profesor William H. Neukom en la Facultad de Derecho de Stanford. No obstante, a\u00f1ade que otras peticiones de Meta parecen bastante hostiles, como que no se haga referencia a autolesiones, o da\u00f1os a nivel estatal, o <em>chatbots<\/em>.<\/p>\n","protected":false},"excerpt":{"rendered":"<p>En sus peticiones previas al juicio de Nuevo M\u00e9xico, Meta pidi\u00f3 que el tribunal excluyera cualquier referencia a un aviso p\u00fablico publicado por Vivek Murthy, excirujano general de EE UU, sobre las redes sociales y la salud mental de los j\u00f3venes. Tambi\u00e9n pidi\u00f3 al tribunal que excluyera un art\u00edculo de opini\u00f3n de Murthy y su [&hellip;]<\/p>\n","protected":false},"author":2,"featured_media":2175,"comment_status":"closed","ping_status":"closed","sticky":false,"template":"","format":"standard","meta":{"footnotes":""},"categories":[1],"tags":[],"class_list":["post-2174","post","type-post","status-publish","format-standard","has-post-thumbnail","hentry","category-technology"],"yoast_head":"<!-- This site is optimized with the Yoast SEO plugin v24.5 - https:\/\/yoast.com\/wordpress\/plugins\/seo\/ -->\n<title>Meta intenta silenciar estudios a las puertas del juicio por explotaci\u00f3n de menores en Facebook - TecnoArtesanos Tech Blog<\/title>\n<meta name=\"robots\" content=\"index, follow, max-snippet:-1, max-image-preview:large, max-video-preview:-1\" \/>\n<link rel=\"canonical\" href=\"https:\/\/blog.tecnoartesanos.com\/index.php\/2026\/01\/21\/meta-intenta-silenciar-estudios-a-las-puertas-del-juicio-por-explotacion-de-menores-en-facebook\/\" \/>\n<meta property=\"og:locale\" content=\"en_US\" \/>\n<meta property=\"og:type\" content=\"article\" \/>\n<meta property=\"og:title\" content=\"Meta intenta silenciar estudios a las puertas del juicio por explotaci\u00f3n de menores en Facebook - TecnoArtesanos Tech Blog\" \/>\n<meta property=\"og:description\" content=\"En sus peticiones previas al juicio de Nuevo M\u00e9xico, Meta pidi\u00f3 que el tribunal excluyera cualquier referencia a un aviso p\u00fablico publicado por Vivek Murthy, excirujano general de EE UU, sobre las redes sociales y la salud mental de los j\u00f3venes. Tambi\u00e9n pidi\u00f3 al tribunal que excluyera un art\u00edculo de opini\u00f3n de Murthy y su [&hellip;]\" \/>\n<meta property=\"og:url\" content=\"https:\/\/blog.tecnoartesanos.com\/index.php\/2026\/01\/21\/meta-intenta-silenciar-estudios-a-las-puertas-del-juicio-por-explotacion-de-menores-en-facebook\/\" \/>\n<meta property=\"og:site_name\" content=\"TecnoArtesanos Tech Blog\" \/>\n<meta property=\"article:published_time\" content=\"2026-01-21T17:16:26+00:00\" \/>\n<meta property=\"og:image\" content=\"https:\/\/media.es.wired.com\/photos\/6970e239670e84cebff3feac\/master\/pass\/Ahead-of-Child-Safety-Trial-Meta-Asks-Judge-to-Ban-Words-Images-and-Zuckerberg-Harvard-Pedigree-Business.jpg\" \/>\n<meta name=\"author\" content=\"Sergio Morales\" \/>\n<meta name=\"twitter:card\" content=\"summary_large_image\" \/>\n<meta name=\"twitter:label1\" content=\"Written by\" \/>\n\t<meta name=\"twitter:data1\" content=\"Sergio Morales\" \/>\n\t<meta name=\"twitter:label2\" content=\"Est. reading time\" \/>\n\t<meta name=\"twitter:data2\" content=\"4 minutes\" \/>\n<script type=\"application\/ld+json\" class=\"yoast-schema-graph\">{\"@context\":\"https:\/\/schema.org\",\"@graph\":[{\"@type\":\"WebPage\",\"@id\":\"https:\/\/blog.tecnoartesanos.com\/index.php\/2026\/01\/21\/meta-intenta-silenciar-estudios-a-las-puertas-del-juicio-por-explotacion-de-menores-en-facebook\/\",\"url\":\"https:\/\/blog.tecnoartesanos.com\/index.php\/2026\/01\/21\/meta-intenta-silenciar-estudios-a-las-puertas-del-juicio-por-explotacion-de-menores-en-facebook\/\",\"name\":\"Meta intenta silenciar estudios a las puertas del juicio por explotaci\u00f3n de menores en Facebook - TecnoArtesanos Tech Blog\",\"isPartOf\":{\"@id\":\"https:\/\/blog.tecnoartesanos.com\/#website\"},\"primaryImageOfPage\":{\"@id\":\"https:\/\/blog.tecnoartesanos.com\/index.php\/2026\/01\/21\/meta-intenta-silenciar-estudios-a-las-puertas-del-juicio-por-explotacion-de-menores-en-facebook\/#primaryimage\"},\"image\":{\"@id\":\"https:\/\/blog.tecnoartesanos.com\/index.php\/2026\/01\/21\/meta-intenta-silenciar-estudios-a-las-puertas-del-juicio-por-explotacion-de-menores-en-facebook\/#primaryimage\"},\"thumbnailUrl\":\"https:\/\/blog.tecnoartesanos.com\/wp-content\/uploads\/2026\/01\/meta-intenta-silenciar-estudios-a-las-puertas-del-juicio-por-explotacion-de-menores-en-facebook.jpg\",\"datePublished\":\"2026-01-21T17:16:26+00:00\",\"author\":{\"@id\":\"https:\/\/blog.tecnoartesanos.com\/#\/schema\/person\/ec88bc1410fd158963717c4216f04807\"},\"breadcrumb\":{\"@id\":\"https:\/\/blog.tecnoartesanos.com\/index.php\/2026\/01\/21\/meta-intenta-silenciar-estudios-a-las-puertas-del-juicio-por-explotacion-de-menores-en-facebook\/#breadcrumb\"},\"inLanguage\":\"en-US\",\"potentialAction\":[{\"@type\":\"ReadAction\",\"target\":[\"https:\/\/blog.tecnoartesanos.com\/index.php\/2026\/01\/21\/meta-intenta-silenciar-estudios-a-las-puertas-del-juicio-por-explotacion-de-menores-en-facebook\/\"]}]},{\"@type\":\"ImageObject\",\"inLanguage\":\"en-US\",\"@id\":\"https:\/\/blog.tecnoartesanos.com\/index.php\/2026\/01\/21\/meta-intenta-silenciar-estudios-a-las-puertas-del-juicio-por-explotacion-de-menores-en-facebook\/#primaryimage\",\"url\":\"https:\/\/blog.tecnoartesanos.com\/wp-content\/uploads\/2026\/01\/meta-intenta-silenciar-estudios-a-las-puertas-del-juicio-por-explotacion-de-menores-en-facebook.jpg\",\"contentUrl\":\"https:\/\/blog.tecnoartesanos.com\/wp-content\/uploads\/2026\/01\/meta-intenta-silenciar-estudios-a-las-puertas-del-juicio-por-explotacion-de-menores-en-facebook.jpg\",\"width\":775,\"height\":775},{\"@type\":\"BreadcrumbList\",\"@id\":\"https:\/\/blog.tecnoartesanos.com\/index.php\/2026\/01\/21\/meta-intenta-silenciar-estudios-a-las-puertas-del-juicio-por-explotacion-de-menores-en-facebook\/#breadcrumb\",\"itemListElement\":[{\"@type\":\"ListItem\",\"position\":1,\"name\":\"Home\",\"item\":\"https:\/\/blog.tecnoartesanos.com\/\"},{\"@type\":\"ListItem\",\"position\":2,\"name\":\"Meta intenta silenciar estudios a las puertas del juicio por explotaci\u00f3n de menores en Facebook\"}]},{\"@type\":\"WebSite\",\"@id\":\"https:\/\/blog.tecnoartesanos.com\/#website\",\"url\":\"https:\/\/blog.tecnoartesanos.com\/\",\"name\":\"TecnoArtesanos Tech Blog\",\"description\":\"\",\"potentialAction\":[{\"@type\":\"SearchAction\",\"target\":{\"@type\":\"EntryPoint\",\"urlTemplate\":\"https:\/\/blog.tecnoartesanos.com\/?s={search_term_string}\"},\"query-input\":{\"@type\":\"PropertyValueSpecification\",\"valueRequired\":true,\"valueName\":\"search_term_string\"}}],\"inLanguage\":\"en-US\"},{\"@type\":\"Person\",\"@id\":\"https:\/\/blog.tecnoartesanos.com\/#\/schema\/person\/ec88bc1410fd158963717c4216f04807\",\"name\":\"Sergio Morales\",\"image\":{\"@type\":\"ImageObject\",\"inLanguage\":\"en-US\",\"@id\":\"https:\/\/blog.tecnoartesanos.com\/#\/schema\/person\/image\/\",\"url\":\"https:\/\/secure.gravatar.com\/avatar\/3d45178fc8fbbe32d39278bc504fa9093f947f406ff4f1ddcfa27505ab772184?s=96&d=mm&r=g\",\"contentUrl\":\"https:\/\/secure.gravatar.com\/avatar\/3d45178fc8fbbe32d39278bc504fa9093f947f406ff4f1ddcfa27505ab772184?s=96&d=mm&r=g\",\"caption\":\"Sergio Morales\"},\"sameAs\":[\"https:\/\/sergiomorales.space\"],\"url\":\"https:\/\/blog.tecnoartesanos.com\/index.php\/author\/sergiomorales\/\"}]}<\/script>\n<!-- \/ Yoast SEO plugin. -->","yoast_head_json":{"title":"Meta intenta silenciar estudios a las puertas del juicio por explotaci\u00f3n de menores en Facebook - TecnoArtesanos Tech Blog","robots":{"index":"index","follow":"follow","max-snippet":"max-snippet:-1","max-image-preview":"max-image-preview:large","max-video-preview":"max-video-preview:-1"},"canonical":"https:\/\/blog.tecnoartesanos.com\/index.php\/2026\/01\/21\/meta-intenta-silenciar-estudios-a-las-puertas-del-juicio-por-explotacion-de-menores-en-facebook\/","og_locale":"en_US","og_type":"article","og_title":"Meta intenta silenciar estudios a las puertas del juicio por explotaci\u00f3n de menores en Facebook - TecnoArtesanos Tech Blog","og_description":"En sus peticiones previas al juicio de Nuevo M\u00e9xico, Meta pidi\u00f3 que el tribunal excluyera cualquier referencia a un aviso p\u00fablico publicado por Vivek Murthy, excirujano general de EE UU, sobre las redes sociales y la salud mental de los j\u00f3venes. Tambi\u00e9n pidi\u00f3 al tribunal que excluyera un art\u00edculo de opini\u00f3n de Murthy y su [&hellip;]","og_url":"https:\/\/blog.tecnoartesanos.com\/index.php\/2026\/01\/21\/meta-intenta-silenciar-estudios-a-las-puertas-del-juicio-por-explotacion-de-menores-en-facebook\/","og_site_name":"TecnoArtesanos Tech Blog","article_published_time":"2026-01-21T17:16:26+00:00","og_image":[{"url":"https:\/\/media.es.wired.com\/photos\/6970e239670e84cebff3feac\/master\/pass\/Ahead-of-Child-Safety-Trial-Meta-Asks-Judge-to-Ban-Words-Images-and-Zuckerberg-Harvard-Pedigree-Business.jpg","type":"","width":"","height":""}],"author":"Sergio Morales","twitter_card":"summary_large_image","twitter_misc":{"Written by":"Sergio Morales","Est. reading time":"4 minutes"},"schema":{"@context":"https:\/\/schema.org","@graph":[{"@type":"WebPage","@id":"https:\/\/blog.tecnoartesanos.com\/index.php\/2026\/01\/21\/meta-intenta-silenciar-estudios-a-las-puertas-del-juicio-por-explotacion-de-menores-en-facebook\/","url":"https:\/\/blog.tecnoartesanos.com\/index.php\/2026\/01\/21\/meta-intenta-silenciar-estudios-a-las-puertas-del-juicio-por-explotacion-de-menores-en-facebook\/","name":"Meta intenta silenciar estudios a las puertas del juicio por explotaci\u00f3n de menores en Facebook - TecnoArtesanos Tech Blog","isPartOf":{"@id":"https:\/\/blog.tecnoartesanos.com\/#website"},"primaryImageOfPage":{"@id":"https:\/\/blog.tecnoartesanos.com\/index.php\/2026\/01\/21\/meta-intenta-silenciar-estudios-a-las-puertas-del-juicio-por-explotacion-de-menores-en-facebook\/#primaryimage"},"image":{"@id":"https:\/\/blog.tecnoartesanos.com\/index.php\/2026\/01\/21\/meta-intenta-silenciar-estudios-a-las-puertas-del-juicio-por-explotacion-de-menores-en-facebook\/#primaryimage"},"thumbnailUrl":"https:\/\/blog.tecnoartesanos.com\/wp-content\/uploads\/2026\/01\/meta-intenta-silenciar-estudios-a-las-puertas-del-juicio-por-explotacion-de-menores-en-facebook.jpg","datePublished":"2026-01-21T17:16:26+00:00","author":{"@id":"https:\/\/blog.tecnoartesanos.com\/#\/schema\/person\/ec88bc1410fd158963717c4216f04807"},"breadcrumb":{"@id":"https:\/\/blog.tecnoartesanos.com\/index.php\/2026\/01\/21\/meta-intenta-silenciar-estudios-a-las-puertas-del-juicio-por-explotacion-de-menores-en-facebook\/#breadcrumb"},"inLanguage":"en-US","potentialAction":[{"@type":"ReadAction","target":["https:\/\/blog.tecnoartesanos.com\/index.php\/2026\/01\/21\/meta-intenta-silenciar-estudios-a-las-puertas-del-juicio-por-explotacion-de-menores-en-facebook\/"]}]},{"@type":"ImageObject","inLanguage":"en-US","@id":"https:\/\/blog.tecnoartesanos.com\/index.php\/2026\/01\/21\/meta-intenta-silenciar-estudios-a-las-puertas-del-juicio-por-explotacion-de-menores-en-facebook\/#primaryimage","url":"https:\/\/blog.tecnoartesanos.com\/wp-content\/uploads\/2026\/01\/meta-intenta-silenciar-estudios-a-las-puertas-del-juicio-por-explotacion-de-menores-en-facebook.jpg","contentUrl":"https:\/\/blog.tecnoartesanos.com\/wp-content\/uploads\/2026\/01\/meta-intenta-silenciar-estudios-a-las-puertas-del-juicio-por-explotacion-de-menores-en-facebook.jpg","width":775,"height":775},{"@type":"BreadcrumbList","@id":"https:\/\/blog.tecnoartesanos.com\/index.php\/2026\/01\/21\/meta-intenta-silenciar-estudios-a-las-puertas-del-juicio-por-explotacion-de-menores-en-facebook\/#breadcrumb","itemListElement":[{"@type":"ListItem","position":1,"name":"Home","item":"https:\/\/blog.tecnoartesanos.com\/"},{"@type":"ListItem","position":2,"name":"Meta intenta silenciar estudios a las puertas del juicio por explotaci\u00f3n de menores en Facebook"}]},{"@type":"WebSite","@id":"https:\/\/blog.tecnoartesanos.com\/#website","url":"https:\/\/blog.tecnoartesanos.com\/","name":"TecnoArtesanos Tech Blog","description":"","potentialAction":[{"@type":"SearchAction","target":{"@type":"EntryPoint","urlTemplate":"https:\/\/blog.tecnoartesanos.com\/?s={search_term_string}"},"query-input":{"@type":"PropertyValueSpecification","valueRequired":true,"valueName":"search_term_string"}}],"inLanguage":"en-US"},{"@type":"Person","@id":"https:\/\/blog.tecnoartesanos.com\/#\/schema\/person\/ec88bc1410fd158963717c4216f04807","name":"Sergio Morales","image":{"@type":"ImageObject","inLanguage":"en-US","@id":"https:\/\/blog.tecnoartesanos.com\/#\/schema\/person\/image\/","url":"https:\/\/secure.gravatar.com\/avatar\/3d45178fc8fbbe32d39278bc504fa9093f947f406ff4f1ddcfa27505ab772184?s=96&d=mm&r=g","contentUrl":"https:\/\/secure.gravatar.com\/avatar\/3d45178fc8fbbe32d39278bc504fa9093f947f406ff4f1ddcfa27505ab772184?s=96&d=mm&r=g","caption":"Sergio Morales"},"sameAs":["https:\/\/sergiomorales.space"],"url":"https:\/\/blog.tecnoartesanos.com\/index.php\/author\/sergiomorales\/"}]}},"_links":{"self":[{"href":"https:\/\/blog.tecnoartesanos.com\/index.php\/wp-json\/wp\/v2\/posts\/2174","targetHints":{"allow":["GET"]}}],"collection":[{"href":"https:\/\/blog.tecnoartesanos.com\/index.php\/wp-json\/wp\/v2\/posts"}],"about":[{"href":"https:\/\/blog.tecnoartesanos.com\/index.php\/wp-json\/wp\/v2\/types\/post"}],"author":[{"embeddable":true,"href":"https:\/\/blog.tecnoartesanos.com\/index.php\/wp-json\/wp\/v2\/users\/2"}],"replies":[{"embeddable":true,"href":"https:\/\/blog.tecnoartesanos.com\/index.php\/wp-json\/wp\/v2\/comments?post=2174"}],"version-history":[{"count":0,"href":"https:\/\/blog.tecnoartesanos.com\/index.php\/wp-json\/wp\/v2\/posts\/2174\/revisions"}],"wp:featuredmedia":[{"embeddable":true,"href":"https:\/\/blog.tecnoartesanos.com\/index.php\/wp-json\/wp\/v2\/media\/2175"}],"wp:attachment":[{"href":"https:\/\/blog.tecnoartesanos.com\/index.php\/wp-json\/wp\/v2\/media?parent=2174"}],"wp:term":[{"taxonomy":"category","embeddable":true,"href":"https:\/\/blog.tecnoartesanos.com\/index.php\/wp-json\/wp\/v2\/categories?post=2174"},{"taxonomy":"post_tag","embeddable":true,"href":"https:\/\/blog.tecnoartesanos.com\/index.php\/wp-json\/wp\/v2\/tags?post=2174"}],"curies":[{"name":"wp","href":"https:\/\/api.w.org\/{rel}","templated":true}]}}