{"id":2043,"date":"2025-12-16T19:47:17","date_gmt":"2025-12-16T19:47:17","guid":{"rendered":"http:\/\/69416a6abe82e6da156131ed"},"modified":"2025-12-16T19:47:17","modified_gmt":"2025-12-16T19:47:17","slug":"reemplazar-a-los-empleados-junior-con-ia-es-una-pesima-idea-dice-el-ceo-de-aws","status":"publish","type":"post","link":"https:\/\/blog.tecnoartesanos.com\/index.php\/2025\/12\/16\/reemplazar-a-los-empleados-junior-con-ia-es-una-pesima-idea-dice-el-ceo-de-aws\/","title":{"rendered":"Reemplazar a los empleados junior con IA es una p\u00e9sima idea, dice el CEO de AWS"},"content":{"rendered":"<div class=\"media_block\"><img decoding=\"async\" src=\"https:\/\/media.es.wired.com\/photos\/69416a6972a33c566f9bb35e\/master\/pass\/Big-Interview-UV-Solo-Matt-Garman-Culture-2249059883.jpg\" class=\"media_thumbnail\"><\/div>\n<div><img decoding=\"async\" src=\"https:\/\/media.es.wired.com\/photos\/69416a6972a33c566f9bb35f\/16:9\/w_1280,c_limit\/Big-Interview-UV-Matt-Garman-Culture.jpg\" class=\"ff-og-image-inserted\"><\/div>\n<p>En medio de la cobertura sin aliento y el incesante bombo de la IA de los \u00faltimos a\u00f1os, una de las mayores empresas tecnol\u00f3gicas del mundo, Amazon, ha estado notablemente ausente.<\/p>\n<p>Matt Garman, CEO de <a href=\"https:\/\/es.wired.com\/articulos\/amazon-web-servicies-invertira-5000-millones-de-dolares-en-mexico\">Amazon Web Services<\/a> (AWS), quiere cambiar esta situaci\u00f3n. En la reciente conferencia AWS re:Invent, Garman anunci\u00f3 una serie de modelos de IA de vanguardia, as\u00ed como una herramienta dise\u00f1ada para que los clientes de AWS puedan crear sus propios modelos. Esa herramienta, Nova Forge, permite a las compa\u00f1\u00edas participar en lo que se conoce como \u2018preentrenamiento personalizado\u2019, a\u00f1adiendo sus datos en el proceso de construcci\u00f3n de un modelo base, lo que deber\u00eda permitir modelos mucho m\u00e1s personalizados que se adapten a las necesidades de una empresa determinada. Sin duda, no tiene el atractivo de un anuncio de <a href=\"https:\/\/es.wired.com\/articulos\/openai-prepara-una-app-independiente-para-sora-2-su-generador-de-videos-ia\">Sora 2<\/a>, pero ese no es el objetivo de Garman; est\u00e1 menos interesado en el uso de la IA por parte de los consumidores masivos y m\u00e1s en soluciones empresariales que integren la IA en todas las ofertas de AWS y tengan un impacto material en las cuentas de resultados de una empresa.<\/p>\n<p>En el episodio de esta semana de &#8220;The Big Interview&#8221; me reun\u00ed con Garman despu\u00e9s de AWS re:Invent para hablar sobre lo que anunci\u00f3 la compa\u00f1\u00eda, si se siente rezagado en la carrera de la IA, c\u00f3mo piensa sobre la gesti\u00f3n de grandes equipos (y la gesti\u00f3n de la disidencia interna), y por qu\u00e9 no est\u00e1 convencido de que la IA sea (o deba ser) la gran ladrona de empleos de nuestra era. Aqu\u00ed est\u00e1 nuestra conversaci\u00f3n.<\/p>\n<p><em>Esta entrevista ha sido editada por cuestiones de extensi\u00f3n y claridad.<\/em><\/p>\n<p><strong>KATIE DRUMMOND: Matt Garman, bienvenido a la Gran Entrevista.<\/strong><\/p>\n<p><strong>MATT GARMAN:<\/strong> Gracias. Gracias por recibirme.<\/p>\n<p><strong>Siempre empezamos estas conversaciones con algunas preguntas muy r\u00e1pidas, como un calentamiento. \u00bfEst\u00e1s preparado?<\/strong><\/p>\n<p>S\u00ed, adelante. Dispara.<\/p>\n<p><strong>Si AWS tuviera una mascota, \u00bfcu\u00e1l ser\u00eda?<\/strong><\/p>\n<p>A veces tenemos un gran bote de S3 que anda por ah\u00ed, as\u00ed que la llamaremos as\u00ed.<\/p>\n<p><strong>Perd\u00f3n, \u00bfqu\u00e9 es un bote de S3?<\/strong><\/p>\n<p>Un cubo de S3 [Servicio de almacenamiento simple de Amazon] es como una cosa en la que almacenas tus objetos de S3, pero en realidad tenemos un gran bote de espuma que anda por ah\u00ed y en realidad parece un bote de pintura.<\/p>\n<p><strong>As\u00ed que tienes una mascota.<\/strong><\/p>\n<p>Bueno, S3 tiene un bote, tiene una mascota. Es probablemente lo m\u00e1s parecido que tenemos, y me gusta.<\/p>\n<p><strong>\u00bfCu\u00e1l es el error m\u00e1s caro que has cometido?<\/strong><\/p>\n<p>\u00bfPersonal o profesionalmente? Es una buena pregunta. Personalmente, el error m\u00e1s caro que he cometido fue jugar baloncesto demasiado tiempo y me romp\u00ed el tend\u00f3n de Aquiles. Eso me cost\u00f3 unos nueve meses sin poder andar. Probablemente deber\u00eda haber sabido que a los treinta a\u00f1os ya hab\u00eda pasado la edad de jugar al baloncesto. Perd\u00ed un poco de tiempo.<\/p>\n<p><strong>Eso suena personalmente caro.<\/strong><\/p>\n<p>S\u00ed.<\/p>\n<p><strong>Si pudieras renombrar la nube hoy, \u00bfc\u00f3mo la llamar\u00edas?<\/strong><\/p>\n<p>\u00bfC\u00f3mo se llama hoy?<\/p>\n<p><strong>La nube.<\/strong><\/p>\n<p>En realidad creo que la nube es un nombre bastante bueno. As\u00ed que no s\u00e9 si le cambiar\u00eda el nombre. Le cambiar\u00eda el nombre a lo que llamamos Amazon AWS, o Amazon Web Services. Ahora, nadie sabe lo que son los servicios web. As\u00ed que eso podr\u00eda renombrarlo, pero en realidad me gusta el nombre de la nube, as\u00ed que no estoy seguro de si la renombrar\u00eda.<\/p>\n<p><strong>Tal vez Amazon Cloud Services.<\/strong><\/p>\n<p>S\u00ed, tal vez.<\/p>\n<p><strong>\u00bfCu\u00e1l es la parte de tu trabajo que te encantar\u00eda subcontratar a un agente de IA?<\/strong><\/p>\n<p>Intento externalizar muchas de las partes de mi trabajo a agentes de IA, si puedo. Pero a\u00fan no he descubierto c\u00f3mo externalizar la respuesta a mis correos electr\u00f3nicos diarios. Creo que eso todav\u00eda me quita mucho tiempo. Si pudiera resolverlo, creo que ser\u00eda genial.<\/p>\n","protected":false},"excerpt":{"rendered":"<p>En medio de la cobertura sin aliento y el incesante bombo de la IA de los \u00faltimos a\u00f1os, una de las mayores empresas tecnol\u00f3gicas del mundo, Amazon, ha estado notablemente ausente. Matt Garman, CEO de Amazon Web Services (AWS), quiere cambiar esta situaci\u00f3n. En la reciente conferencia AWS re:Invent, Garman anunci\u00f3 una serie de modelos [&hellip;]<\/p>\n","protected":false},"author":2,"featured_media":2044,"comment_status":"closed","ping_status":"closed","sticky":false,"template":"","format":"standard","meta":{"footnotes":""},"categories":[1],"tags":[],"class_list":["post-2043","post","type-post","status-publish","format-standard","has-post-thumbnail","hentry","category-technology"],"yoast_head":"<!-- This site is optimized with the Yoast SEO plugin v24.5 - https:\/\/yoast.com\/wordpress\/plugins\/seo\/ -->\n<title>Reemplazar a los empleados junior con IA es una p\u00e9sima idea, dice el CEO de AWS - TecnoArtesanos Tech Blog<\/title>\n<meta name=\"robots\" content=\"index, follow, max-snippet:-1, max-image-preview:large, max-video-preview:-1\" \/>\n<link rel=\"canonical\" href=\"https:\/\/blog.tecnoartesanos.com\/index.php\/2025\/12\/16\/reemplazar-a-los-empleados-junior-con-ia-es-una-pesima-idea-dice-el-ceo-de-aws\/\" \/>\n<meta property=\"og:locale\" content=\"en_US\" \/>\n<meta property=\"og:type\" content=\"article\" \/>\n<meta property=\"og:title\" content=\"Reemplazar a los empleados junior con IA es una p\u00e9sima idea, dice el CEO de AWS - TecnoArtesanos Tech Blog\" \/>\n<meta property=\"og:description\" content=\"En medio de la cobertura sin aliento y el incesante bombo de la IA de los \u00faltimos a\u00f1os, una de las mayores empresas tecnol\u00f3gicas del mundo, Amazon, ha estado notablemente ausente. Matt Garman, CEO de Amazon Web Services (AWS), quiere cambiar esta situaci\u00f3n. En la reciente conferencia AWS re:Invent, Garman anunci\u00f3 una serie de modelos [&hellip;]\" \/>\n<meta property=\"og:url\" content=\"https:\/\/blog.tecnoartesanos.com\/index.php\/2025\/12\/16\/reemplazar-a-los-empleados-junior-con-ia-es-una-pesima-idea-dice-el-ceo-de-aws\/\" \/>\n<meta property=\"og:site_name\" content=\"TecnoArtesanos Tech Blog\" \/>\n<meta property=\"article:published_time\" content=\"2025-12-16T19:47:17+00:00\" \/>\n<meta property=\"og:image\" content=\"https:\/\/media.es.wired.com\/photos\/69416a6972a33c566f9bb35e\/master\/pass\/Big-Interview-UV-Solo-Matt-Garman-Culture-2249059883.jpg\" \/>\n<meta name=\"author\" content=\"Sergio Morales\" \/>\n<meta name=\"twitter:card\" content=\"summary_large_image\" \/>\n<meta name=\"twitter:label1\" content=\"Written by\" \/>\n\t<meta name=\"twitter:data1\" content=\"Sergio Morales\" \/>\n\t<meta name=\"twitter:label2\" content=\"Est. reading time\" \/>\n\t<meta name=\"twitter:data2\" content=\"3 minutes\" \/>\n<script type=\"application\/ld+json\" class=\"yoast-schema-graph\">{\"@context\":\"https:\/\/schema.org\",\"@graph\":[{\"@type\":\"WebPage\",\"@id\":\"https:\/\/blog.tecnoartesanos.com\/index.php\/2025\/12\/16\/reemplazar-a-los-empleados-junior-con-ia-es-una-pesima-idea-dice-el-ceo-de-aws\/\",\"url\":\"https:\/\/blog.tecnoartesanos.com\/index.php\/2025\/12\/16\/reemplazar-a-los-empleados-junior-con-ia-es-una-pesima-idea-dice-el-ceo-de-aws\/\",\"name\":\"Reemplazar a los empleados junior con IA es una p\u00e9sima idea, dice el CEO de AWS - TecnoArtesanos Tech Blog\",\"isPartOf\":{\"@id\":\"https:\/\/blog.tecnoartesanos.com\/#website\"},\"primaryImageOfPage\":{\"@id\":\"https:\/\/blog.tecnoartesanos.com\/index.php\/2025\/12\/16\/reemplazar-a-los-empleados-junior-con-ia-es-una-pesima-idea-dice-el-ceo-de-aws\/#primaryimage\"},\"image\":{\"@id\":\"https:\/\/blog.tecnoartesanos.com\/index.php\/2025\/12\/16\/reemplazar-a-los-empleados-junior-con-ia-es-una-pesima-idea-dice-el-ceo-de-aws\/#primaryimage\"},\"thumbnailUrl\":\"https:\/\/blog.tecnoartesanos.com\/wp-content\/uploads\/2025\/12\/reemplazar-a-los-empleados-junior-con-ia-es-una-pesima-idea-dice-el-ceo-de-aws.jpg\",\"datePublished\":\"2025-12-16T19:47:17+00:00\",\"author\":{\"@id\":\"https:\/\/blog.tecnoartesanos.com\/#\/schema\/person\/ec88bc1410fd158963717c4216f04807\"},\"breadcrumb\":{\"@id\":\"https:\/\/blog.tecnoartesanos.com\/index.php\/2025\/12\/16\/reemplazar-a-los-empleados-junior-con-ia-es-una-pesima-idea-dice-el-ceo-de-aws\/#breadcrumb\"},\"inLanguage\":\"en-US\",\"potentialAction\":[{\"@type\":\"ReadAction\",\"target\":[\"https:\/\/blog.tecnoartesanos.com\/index.php\/2025\/12\/16\/reemplazar-a-los-empleados-junior-con-ia-es-una-pesima-idea-dice-el-ceo-de-aws\/\"]}]},{\"@type\":\"ImageObject\",\"inLanguage\":\"en-US\",\"@id\":\"https:\/\/blog.tecnoartesanos.com\/index.php\/2025\/12\/16\/reemplazar-a-los-empleados-junior-con-ia-es-una-pesima-idea-dice-el-ceo-de-aws\/#primaryimage\",\"url\":\"https:\/\/blog.tecnoartesanos.com\/wp-content\/uploads\/2025\/12\/reemplazar-a-los-empleados-junior-con-ia-es-una-pesima-idea-dice-el-ceo-de-aws.jpg\",\"contentUrl\":\"https:\/\/blog.tecnoartesanos.com\/wp-content\/uploads\/2025\/12\/reemplazar-a-los-empleados-junior-con-ia-es-una-pesima-idea-dice-el-ceo-de-aws.jpg\",\"width\":1280,\"height\":720},{\"@type\":\"BreadcrumbList\",\"@id\":\"https:\/\/blog.tecnoartesanos.com\/index.php\/2025\/12\/16\/reemplazar-a-los-empleados-junior-con-ia-es-una-pesima-idea-dice-el-ceo-de-aws\/#breadcrumb\",\"itemListElement\":[{\"@type\":\"ListItem\",\"position\":1,\"name\":\"Home\",\"item\":\"https:\/\/blog.tecnoartesanos.com\/\"},{\"@type\":\"ListItem\",\"position\":2,\"name\":\"Reemplazar a los empleados junior con IA es una p\u00e9sima idea, dice el CEO de AWS\"}]},{\"@type\":\"WebSite\",\"@id\":\"https:\/\/blog.tecnoartesanos.com\/#website\",\"url\":\"https:\/\/blog.tecnoartesanos.com\/\",\"name\":\"TecnoArtesanos Tech Blog\",\"description\":\"\",\"potentialAction\":[{\"@type\":\"SearchAction\",\"target\":{\"@type\":\"EntryPoint\",\"urlTemplate\":\"https:\/\/blog.tecnoartesanos.com\/?s={search_term_string}\"},\"query-input\":{\"@type\":\"PropertyValueSpecification\",\"valueRequired\":true,\"valueName\":\"search_term_string\"}}],\"inLanguage\":\"en-US\"},{\"@type\":\"Person\",\"@id\":\"https:\/\/blog.tecnoartesanos.com\/#\/schema\/person\/ec88bc1410fd158963717c4216f04807\",\"name\":\"Sergio Morales\",\"image\":{\"@type\":\"ImageObject\",\"inLanguage\":\"en-US\",\"@id\":\"https:\/\/blog.tecnoartesanos.com\/#\/schema\/person\/image\/\",\"url\":\"https:\/\/secure.gravatar.com\/avatar\/3d45178fc8fbbe32d39278bc504fa9093f947f406ff4f1ddcfa27505ab772184?s=96&d=mm&r=g\",\"contentUrl\":\"https:\/\/secure.gravatar.com\/avatar\/3d45178fc8fbbe32d39278bc504fa9093f947f406ff4f1ddcfa27505ab772184?s=96&d=mm&r=g\",\"caption\":\"Sergio Morales\"},\"sameAs\":[\"https:\/\/sergiomorales.space\"],\"url\":\"https:\/\/blog.tecnoartesanos.com\/index.php\/author\/sergiomorales\/\"}]}<\/script>\n<!-- \/ Yoast SEO plugin. -->","yoast_head_json":{"title":"Reemplazar a los empleados junior con IA es una p\u00e9sima idea, dice el CEO de AWS - TecnoArtesanos Tech Blog","robots":{"index":"index","follow":"follow","max-snippet":"max-snippet:-1","max-image-preview":"max-image-preview:large","max-video-preview":"max-video-preview:-1"},"canonical":"https:\/\/blog.tecnoartesanos.com\/index.php\/2025\/12\/16\/reemplazar-a-los-empleados-junior-con-ia-es-una-pesima-idea-dice-el-ceo-de-aws\/","og_locale":"en_US","og_type":"article","og_title":"Reemplazar a los empleados junior con IA es una p\u00e9sima idea, dice el CEO de AWS - TecnoArtesanos Tech Blog","og_description":"En medio de la cobertura sin aliento y el incesante bombo de la IA de los \u00faltimos a\u00f1os, una de las mayores empresas tecnol\u00f3gicas del mundo, Amazon, ha estado notablemente ausente. Matt Garman, CEO de Amazon Web Services (AWS), quiere cambiar esta situaci\u00f3n. En la reciente conferencia AWS re:Invent, Garman anunci\u00f3 una serie de modelos [&hellip;]","og_url":"https:\/\/blog.tecnoartesanos.com\/index.php\/2025\/12\/16\/reemplazar-a-los-empleados-junior-con-ia-es-una-pesima-idea-dice-el-ceo-de-aws\/","og_site_name":"TecnoArtesanos Tech Blog","article_published_time":"2025-12-16T19:47:17+00:00","og_image":[{"url":"https:\/\/media.es.wired.com\/photos\/69416a6972a33c566f9bb35e\/master\/pass\/Big-Interview-UV-Solo-Matt-Garman-Culture-2249059883.jpg","type":"","width":"","height":""}],"author":"Sergio Morales","twitter_card":"summary_large_image","twitter_misc":{"Written by":"Sergio Morales","Est. reading time":"3 minutes"},"schema":{"@context":"https:\/\/schema.org","@graph":[{"@type":"WebPage","@id":"https:\/\/blog.tecnoartesanos.com\/index.php\/2025\/12\/16\/reemplazar-a-los-empleados-junior-con-ia-es-una-pesima-idea-dice-el-ceo-de-aws\/","url":"https:\/\/blog.tecnoartesanos.com\/index.php\/2025\/12\/16\/reemplazar-a-los-empleados-junior-con-ia-es-una-pesima-idea-dice-el-ceo-de-aws\/","name":"Reemplazar a los empleados junior con IA es una p\u00e9sima idea, dice el CEO de AWS - TecnoArtesanos Tech Blog","isPartOf":{"@id":"https:\/\/blog.tecnoartesanos.com\/#website"},"primaryImageOfPage":{"@id":"https:\/\/blog.tecnoartesanos.com\/index.php\/2025\/12\/16\/reemplazar-a-los-empleados-junior-con-ia-es-una-pesima-idea-dice-el-ceo-de-aws\/#primaryimage"},"image":{"@id":"https:\/\/blog.tecnoartesanos.com\/index.php\/2025\/12\/16\/reemplazar-a-los-empleados-junior-con-ia-es-una-pesima-idea-dice-el-ceo-de-aws\/#primaryimage"},"thumbnailUrl":"https:\/\/blog.tecnoartesanos.com\/wp-content\/uploads\/2025\/12\/reemplazar-a-los-empleados-junior-con-ia-es-una-pesima-idea-dice-el-ceo-de-aws.jpg","datePublished":"2025-12-16T19:47:17+00:00","author":{"@id":"https:\/\/blog.tecnoartesanos.com\/#\/schema\/person\/ec88bc1410fd158963717c4216f04807"},"breadcrumb":{"@id":"https:\/\/blog.tecnoartesanos.com\/index.php\/2025\/12\/16\/reemplazar-a-los-empleados-junior-con-ia-es-una-pesima-idea-dice-el-ceo-de-aws\/#breadcrumb"},"inLanguage":"en-US","potentialAction":[{"@type":"ReadAction","target":["https:\/\/blog.tecnoartesanos.com\/index.php\/2025\/12\/16\/reemplazar-a-los-empleados-junior-con-ia-es-una-pesima-idea-dice-el-ceo-de-aws\/"]}]},{"@type":"ImageObject","inLanguage":"en-US","@id":"https:\/\/blog.tecnoartesanos.com\/index.php\/2025\/12\/16\/reemplazar-a-los-empleados-junior-con-ia-es-una-pesima-idea-dice-el-ceo-de-aws\/#primaryimage","url":"https:\/\/blog.tecnoartesanos.com\/wp-content\/uploads\/2025\/12\/reemplazar-a-los-empleados-junior-con-ia-es-una-pesima-idea-dice-el-ceo-de-aws.jpg","contentUrl":"https:\/\/blog.tecnoartesanos.com\/wp-content\/uploads\/2025\/12\/reemplazar-a-los-empleados-junior-con-ia-es-una-pesima-idea-dice-el-ceo-de-aws.jpg","width":1280,"height":720},{"@type":"BreadcrumbList","@id":"https:\/\/blog.tecnoartesanos.com\/index.php\/2025\/12\/16\/reemplazar-a-los-empleados-junior-con-ia-es-una-pesima-idea-dice-el-ceo-de-aws\/#breadcrumb","itemListElement":[{"@type":"ListItem","position":1,"name":"Home","item":"https:\/\/blog.tecnoartesanos.com\/"},{"@type":"ListItem","position":2,"name":"Reemplazar a los empleados junior con IA es una p\u00e9sima idea, dice el CEO de AWS"}]},{"@type":"WebSite","@id":"https:\/\/blog.tecnoartesanos.com\/#website","url":"https:\/\/blog.tecnoartesanos.com\/","name":"TecnoArtesanos Tech Blog","description":"","potentialAction":[{"@type":"SearchAction","target":{"@type":"EntryPoint","urlTemplate":"https:\/\/blog.tecnoartesanos.com\/?s={search_term_string}"},"query-input":{"@type":"PropertyValueSpecification","valueRequired":true,"valueName":"search_term_string"}}],"inLanguage":"en-US"},{"@type":"Person","@id":"https:\/\/blog.tecnoartesanos.com\/#\/schema\/person\/ec88bc1410fd158963717c4216f04807","name":"Sergio Morales","image":{"@type":"ImageObject","inLanguage":"en-US","@id":"https:\/\/blog.tecnoartesanos.com\/#\/schema\/person\/image\/","url":"https:\/\/secure.gravatar.com\/avatar\/3d45178fc8fbbe32d39278bc504fa9093f947f406ff4f1ddcfa27505ab772184?s=96&d=mm&r=g","contentUrl":"https:\/\/secure.gravatar.com\/avatar\/3d45178fc8fbbe32d39278bc504fa9093f947f406ff4f1ddcfa27505ab772184?s=96&d=mm&r=g","caption":"Sergio Morales"},"sameAs":["https:\/\/sergiomorales.space"],"url":"https:\/\/blog.tecnoartesanos.com\/index.php\/author\/sergiomorales\/"}]}},"_links":{"self":[{"href":"https:\/\/blog.tecnoartesanos.com\/index.php\/wp-json\/wp\/v2\/posts\/2043","targetHints":{"allow":["GET"]}}],"collection":[{"href":"https:\/\/blog.tecnoartesanos.com\/index.php\/wp-json\/wp\/v2\/posts"}],"about":[{"href":"https:\/\/blog.tecnoartesanos.com\/index.php\/wp-json\/wp\/v2\/types\/post"}],"author":[{"embeddable":true,"href":"https:\/\/blog.tecnoartesanos.com\/index.php\/wp-json\/wp\/v2\/users\/2"}],"replies":[{"embeddable":true,"href":"https:\/\/blog.tecnoartesanos.com\/index.php\/wp-json\/wp\/v2\/comments?post=2043"}],"version-history":[{"count":0,"href":"https:\/\/blog.tecnoartesanos.com\/index.php\/wp-json\/wp\/v2\/posts\/2043\/revisions"}],"wp:featuredmedia":[{"embeddable":true,"href":"https:\/\/blog.tecnoartesanos.com\/index.php\/wp-json\/wp\/v2\/media\/2044"}],"wp:attachment":[{"href":"https:\/\/blog.tecnoartesanos.com\/index.php\/wp-json\/wp\/v2\/media?parent=2043"}],"wp:term":[{"taxonomy":"category","embeddable":true,"href":"https:\/\/blog.tecnoartesanos.com\/index.php\/wp-json\/wp\/v2\/categories?post=2043"},{"taxonomy":"post_tag","embeddable":true,"href":"https:\/\/blog.tecnoartesanos.com\/index.php\/wp-json\/wp\/v2\/tags?post=2043"}],"curies":[{"name":"wp","href":"https:\/\/api.w.org\/{rel}","templated":true}]}}