{"id":2013,"date":"2025-12-10T18:36:39","date_gmt":"2025-12-10T18:36:39","guid":{"rendered":"http:\/\/69372b5a6f823a9c332b9af8"},"modified":"2025-12-10T18:36:39","modified_gmt":"2025-12-10T18:36:39","slug":"en-busca-de-apoyo-para-las-startups-tecnologicas-de-mexico-cronica-de-un-recorrido-por-el-innovafest","status":"publish","type":"post","link":"https:\/\/blog.tecnoartesanos.com\/index.php\/2025\/12\/10\/en-busca-de-apoyo-para-las-startups-tecnologicas-de-mexico-cronica-de-un-recorrido-por-el-innovafest\/","title":{"rendered":"En busca de apoyo para las startups tecnol\u00f3gicas de M\u00e9xico: cr\u00f3nica de un recorrido por el InnovaFest"},"content":{"rendered":"<div class=\"media_block\"><img decoding=\"async\" src=\"https:\/\/media.es.wired.com\/photos\/6938aefbd41203677bee59ed\/master\/pass\/collage.jpg\" class=\"media_thumbnail\"><\/div>\n<p>Mas no pasaron desapercibidas las ausencias, como fue el caso de Olinia. A pesar de tener una sala con su nombre en el InnovaFest, no hubo alg\u00fan prototipo en exhibici\u00f3n del mini veh\u00edculo el\u00e9ctrico que est\u00e1 siendo fabricado en M\u00e9xico. Anunciado por la presidenta Sheinbaum <a href=\"https:\/\/es.wired.com\/articulos\/auto-electrico-mexicano-olinia-estara-disponible-en-tres-modelos-desde-90000-pesos\">a inicios de a\u00f1o<\/a>, Olinia a\u00fan se encuentra en las primeras etapas de producci\u00f3n y se espera que la primera flotilla sea presentada hasta mediados del 2026. Con todo, hubo algunos dise\u00f1os familiares en el evento, como una r\u00e9plica a escala del proyecto Quetzal (el nuevo dron a\u00e9reo de la Secetetar\u00eda de Marian), una muestra de Taruk (el primer autob\u00fas el\u00e9ctrico mexicano), un prototipo del Proyecto Mantarraya (el veh\u00edculo volador dise\u00f1ado por estudiantes de Veracruz para operaciones de rescate), y el Halc\u00f3n 2.1, la aeronave ligera deportiva de Horizontec.<\/p>\n<p>\u201cEsta aeronave es un biplaza, es decir, van dos personas, una al lado del otro. Integramos sistemas de electr\u00f3nica bastante avanzados para la parte de instrumentaci\u00f3n\u201d, explic\u00f3 a WIRED el ingeniero Daniel Gonz\u00e1lez Ruiz, encargado del \u00e1rea de avi\u00f3nica en Horizontec, empresa mexicana con sede en Celaya, Guanajuato. \u201cTenemos dos fines, uno de ellos es el vuelo recreativo y el otro es el adiestramiento para escuelas de vuelo\u201d. A\u00f1adi\u00f3 que el Halc\u00f3n 2.1 tiene una autonom\u00eda de cuatro horas, un rango de alcance m\u00e1ximo de 930 kil\u00f3metros y un consumo promedio de 20 litros por hora. Incluso te acepta gasolina automotriz.<\/p>\n<h2>Un evento de inter\u00e9s pol\u00edtico<\/h2>\n<p>Dada la fuerte participaci\u00f3n de autoridades locales y nacionales en esta edici\u00f3n del InnovaFest, varios medios estuvieron presentes en el evento (que se llev\u00f3 a cabo del 4 al 5 de diciembre en el municipio de Xochitepec, Morelos). El InnovaFest fue encabezado por la gobernadora de Morelos, Margarita Gonz\u00e1lez Saravia, y cont\u00f3 adem\u00e1s con la presencia de la secretaria de Ciencia y Tecnolog\u00eda, Rosaura Ruiz, el secretario de Educaci\u00f3n P\u00fablica, Mario Delgado, el secretario de Salud, David Kershenobich, la subsecretaria de Relaciones Exteriores para Am\u00e9rica Latina y el Caribe, Raquel Serur, y el director general del Instituto Mexicano de la Propiedad Industrial (IMPI), Santiago Nieto, entre muchos otros funcionarios del gobierno federal, el gobierno morelense y la embajada japonesa.<\/p>\n<p>Pero el principal protagonista pol\u00edtico del evento fue Marcelo Ebrard. El titular de la Secretar\u00eda de Econom\u00eda fue el orador en jefe de las ceremonias de inauguraci\u00f3n y clausura, fue el principal foco de atenci\u00f3n en las conferencias de prensa, en la entrega de los premios IMPI a la Innovaci\u00f3n Mexicana, y estuvo en primera fila en todas las ponencias del STS Forum (un encuentro internacional creado en Jap\u00f3n, el cual consiste de di\u00e1logos con l\u00edderes cient\u00edficos, tecnol\u00f3gicos, empresariales y gubernamentales sobre c\u00f3mo la ciencia y la innovaci\u00f3n pueden resolver problemas globales). La cereza en el pastel fue \u201cMentes en Acci\u00f3n\u201d, una actividad tipo <em>Shark Tank<\/em> donde el secretario Ebrard y otras figuras del mundo empresarial (incluido el cantante Pepe Aguilar) escucharon los <em>pitches<\/em> de j\u00f3venes emprendedores.<\/p>\n<p>El secretario de Econom\u00eda tambi\u00e9n anunci\u00f3 un convenio con el Fondo de Fondos de Nacional Financiera (Nafin), el cual destinar\u00e1 1,600 millones de pesos en 2026 para reactivar y fortalecer el ecosistema emprendedor en M\u00e9xico. \u201c\u00bfPor qu\u00e9 estamos haciendo tanto esfuerzo con esto?\u201d, dijo Ebrard en un encuentro con medios, entre ellos, WIRED en Espa\u00f1ol. \u201cPorque si ustedes ven nuestra econom\u00eda, su productividad ha estado <em>flat<\/em>. Entonces, \u00bfcu\u00e1l deber\u00eda ser nuestro principal esfuerzo para aumentar la productividad del pa\u00eds y mejorar nuestra perspectiva econ\u00f3mica el a\u00f1o entrante? Meterle m\u00e1s recursos a la innovaci\u00f3n, porque es lo que puede ser disruptivo\u201d.<\/p>\n<figure class=\"AssetEmbedWrapper-fkZDUs kHRAYC asset-embed\">\n<div class=\"AssetEmbedAssetContainer-eEeytc eRSvCP asset-embed__asset-container\"><span class=\"SpanWrapper-zEXFr koTknX responsive-asset AssetEmbedResponsiveAsset-cIfZLr fHIkTW asset-embed__responsive-asset\"><picture class=\"ResponsiveImagePicture-cGZhnX jwYQWO AssetEmbedResponsiveAsset-cIfZLr fHIkTW asset-embed__responsive-asset responsive-image\"><img decoding=\"async\" alt=\"Marcelo Ebrard\" loading=\"lazy\" class=\"ResponsiveImageContainer-eNxvmU cfBbTk responsive-image__image\" srcset=\"https:\/\/media.es.wired.com\/photos\/69389192066243226125064a\/master\/w_120,c_limit\/ebrard.jpg 120w, https:\/\/media.es.wired.com\/photos\/69389192066243226125064a\/master\/w_240,c_limit\/ebrard.jpg 240w, https:\/\/media.es.wired.com\/photos\/69389192066243226125064a\/master\/w_320,c_limit\/ebrard.jpg 320w, https:\/\/media.es.wired.com\/photos\/69389192066243226125064a\/master\/w_640,c_limit\/ebrard.jpg 640w, https:\/\/media.es.wired.com\/photos\/69389192066243226125064a\/master\/w_960,c_limit\/ebrard.jpg 960w, https:\/\/media.es.wired.com\/photos\/69389192066243226125064a\/master\/w_1280,c_limit\/ebrard.jpg 1280w, https:\/\/media.es.wired.com\/photos\/69389192066243226125064a\/master\/w_1600,c_limit\/ebrard.jpg 1600w\" sizes=\"100vw\" src=\"https:\/\/media.es.wired.com\/photos\/69389192066243226125064a\/master\/w_1600%2Cc_limit\/ebrard.jpg\"><\/picture><\/span><\/div>\n<div class=\"CaptionWrapper-jYrTxZ byeLF caption AssetEmbedCaption-fyuOdR eXMqGf asset-embed__caption\" data-testid=\"caption-wrapper\" readability=\"7\"><span class=\"BaseWrap-sc-gzmcOU BaseText-eqOrNE CaptionText-brNLzD deqABF imSbFE fGraOh caption__text\" readability=\"29\"><\/p>\n<p>Marcelo Ebrard, secretario de Econom\u00eda, en un encuentro con medios.<\/p>\n<p><\/span><span class=\"BaseWrap-sc-gzmcOU BaseText-eqOrNE CaptionCredit-eowWKH deqABF kpqIso gxwcqg caption__credit\">Javier Carbajal\/WIRED en Espa\u00f1ol<\/span><\/div>\n<\/figure>\n<h2>Deeptech: la mano que ayuda a la <em>startup<\/em><\/h2>\n<p>En el ecosistema emprendedor mexicano hay m\u00faltiples obst\u00e1culos en el largo camino entre la creaci\u00f3n de un dispositivo y el momento en que llega a la venta: patentes, notar\u00edas, abogados, comisiones reguladoras, falta de capital, etc. A menudo el inventor se siente abrumado por todas las distracciones ajenas al desarrollo de su producto y busca quien lo asesore en los complicados inicios de una <em>startup<\/em>. Pero ah\u00ed donde existe una necesidad tambi\u00e9n hay oportunidad. En el piso de expositores del InnovaFest, WIRED se encontr\u00f3 con Deeptech.<\/p>\n<p>\u201c<a data-offer-url=\"https:\/\/deeptech-mexico.mx\/\" class=\"external-link\" data-event-click=\"{&quot;element&quot;:&quot;ExternalLink&quot;,&quot;outgoingURL&quot;:&quot;https:\/\/deeptech-mexico.mx\/&quot;}\" href=\"https:\/\/deeptech-mexico.mx\/\" rel=\"nofollow noopener\" target=\"_blank\">Deeptech M\u00e9xico<\/a> es un consorcio privado de desarrollo de talento STEM, madurez tecnol\u00f3gica, inversi\u00f3n y emprendimiento, cuyo prop\u00f3sito es desarrollar econom\u00eda nacional basada en ciencia y desarrollo tecnol\u00f3gico\u201d, dijo Rogelio Mar\u00edn, General Partner de esta compa\u00f1\u00eda, en entrevista con WIRED. \u201cNuestros objetivos son habilitar, desarrollar y escalar emprendimientos mexicanos de base cient\u00edfica en biotecnolog\u00eda, nanotecnolog\u00eda, neurotecnolog\u00eda, manufactura inteligente, tecnolog\u00edas espaciales y cu\u00e1nticas\u201d.<\/p>\n<p>Convers\u00e9 con los directores de dos <em>startups<\/em> que impulsa Deeptech (y que figuraron en la lista de <a href=\"https:\/\/es.wired.com\/articulos\/los-mejores-proyectos-y-startups-que-vimos-en-el-innovafest-latam-2025\">los mejores proyectos<\/a> que vimos en el InnovaFest): Greenfluidics, empresa que present\u00f3 por primera vez en M\u00e9xico su biopanel solar inteligente a base de microalgas, y HeraDiagnostics, empresa que exhibi\u00f3 un dispositivo port\u00e1til que sirve para la detecci\u00f3n r\u00e1pida y accesible del c\u00e1ncer cervicouterino. Otros emprendimientos cient\u00edficos que Deeptech llev\u00f3 al InnovaFest fueron InCellTx, plataforma que evita el rechazo en trasplantes mediante terapias celulares avanzadas, y Genomalight, dispositivo que ayuda a eliminar la psoriasis a trav\u00e9s de la luz.<\/p>\n<p>Mar\u00edn resalt\u00f3 la importancia de que haya m\u00e1s eventos en M\u00e9xico como el InnovaFest, que junte a emprendedores, cient\u00edficos, inversionistas y hasta pol\u00edticos. \u201cAnunciamos [junto con AngelHub y Audere] 3 millones de d\u00f3lares en inversi\u00f3n para madurez tecnol\u00f3gica y emprendimientos de base cient\u00edfica para 2026, as\u00ed como dos colaboraciones, una para llevar a nuestros emprendedores al programa de aceleramiento e inversi\u00f3n franc\u00e9s HellowTomorrow, y finalmente la colaboraci\u00f3n con la plataforma de <em>crowdfounding<\/em> Arkangeles para invertir en estos emprendimientos desde 3,000 pesos\u201d.<\/p>\n<p>El evento tambi\u00e9n abri\u00f3 la puerta para que inversionistas fueran introducidos a seis proyectos de centros p\u00fablicos de investigaci\u00f3n en etapa temprana que fueron preparados por Deeptech M\u00e9xico en coordinaci\u00f3n con la Secretar\u00eda de Ciencia, Humanidades, Tecnolog\u00eda e Innovaci\u00f3n, como parte de un programa llamado \u2018De laboratorio al mercado\u2019. \u201cEn definitiva el InnovaFest cumpli\u00f3 si no es que rebas\u00f3 las expectativas de los miembros del ecosistema de investigaci\u00f3n, desarrollo, academia, industria e inversi\u00f3n. Era algo que M\u00e9xico y la regi\u00f3n ya necesitaban volver a vivir\u201d, dijo Mar\u00edn.<\/p>\n","protected":false},"excerpt":{"rendered":"<p>Mas no pasaron desapercibidas las ausencias, como fue el caso de Olinia. A pesar de tener una sala con su nombre en el InnovaFest, no hubo alg\u00fan prototipo en exhibici\u00f3n del mini veh\u00edculo el\u00e9ctrico que est\u00e1 siendo fabricado en M\u00e9xico. Anunciado por la presidenta Sheinbaum a inicios de a\u00f1o, Olinia a\u00fan se encuentra en las [&hellip;]<\/p>\n","protected":false},"author":2,"featured_media":2014,"comment_status":"closed","ping_status":"closed","sticky":false,"template":"","format":"standard","meta":{"footnotes":""},"categories":[1],"tags":[],"class_list":["post-2013","post","type-post","status-publish","format-standard","has-post-thumbnail","hentry","category-technology"],"yoast_head":"<!-- This site is optimized with the Yoast SEO plugin v24.5 - https:\/\/yoast.com\/wordpress\/plugins\/seo\/ -->\n<title>En busca de apoyo para las startups tecnol\u00f3gicas de M\u00e9xico: cr\u00f3nica de un recorrido por el InnovaFest - TecnoArtesanos Tech Blog<\/title>\n<meta name=\"robots\" content=\"index, follow, max-snippet:-1, max-image-preview:large, max-video-preview:-1\" \/>\n<link rel=\"canonical\" href=\"https:\/\/blog.tecnoartesanos.com\/index.php\/2025\/12\/10\/en-busca-de-apoyo-para-las-startups-tecnologicas-de-mexico-cronica-de-un-recorrido-por-el-innovafest\/\" \/>\n<meta property=\"og:locale\" content=\"en_US\" \/>\n<meta property=\"og:type\" content=\"article\" \/>\n<meta property=\"og:title\" content=\"En busca de apoyo para las startups tecnol\u00f3gicas de M\u00e9xico: cr\u00f3nica de un recorrido por el InnovaFest - TecnoArtesanos Tech Blog\" \/>\n<meta property=\"og:description\" content=\"Mas no pasaron desapercibidas las ausencias, como fue el caso de Olinia. A pesar de tener una sala con su nombre en el InnovaFest, no hubo alg\u00fan prototipo en exhibici\u00f3n del mini veh\u00edculo el\u00e9ctrico que est\u00e1 siendo fabricado en M\u00e9xico. Anunciado por la presidenta Sheinbaum a inicios de a\u00f1o, Olinia a\u00fan se encuentra en las [&hellip;]\" \/>\n<meta property=\"og:url\" content=\"https:\/\/blog.tecnoartesanos.com\/index.php\/2025\/12\/10\/en-busca-de-apoyo-para-las-startups-tecnologicas-de-mexico-cronica-de-un-recorrido-por-el-innovafest\/\" \/>\n<meta property=\"og:site_name\" content=\"TecnoArtesanos Tech Blog\" \/>\n<meta property=\"article:published_time\" content=\"2025-12-10T18:36:39+00:00\" \/>\n<meta property=\"og:image\" content=\"https:\/\/media.es.wired.com\/photos\/6938aefbd41203677bee59ed\/master\/pass\/collage.jpg\" \/>\n<meta name=\"author\" content=\"Sergio Morales\" \/>\n<meta name=\"twitter:card\" content=\"summary_large_image\" \/>\n<meta name=\"twitter:label1\" content=\"Written by\" \/>\n\t<meta name=\"twitter:data1\" content=\"Sergio Morales\" \/>\n\t<meta name=\"twitter:label2\" content=\"Est. reading time\" \/>\n\t<meta name=\"twitter:data2\" content=\"6 minutes\" \/>\n<script type=\"application\/ld+json\" class=\"yoast-schema-graph\">{\"@context\":\"https:\/\/schema.org\",\"@graph\":[{\"@type\":\"WebPage\",\"@id\":\"https:\/\/blog.tecnoartesanos.com\/index.php\/2025\/12\/10\/en-busca-de-apoyo-para-las-startups-tecnologicas-de-mexico-cronica-de-un-recorrido-por-el-innovafest\/\",\"url\":\"https:\/\/blog.tecnoartesanos.com\/index.php\/2025\/12\/10\/en-busca-de-apoyo-para-las-startups-tecnologicas-de-mexico-cronica-de-un-recorrido-por-el-innovafest\/\",\"name\":\"En busca de apoyo para las startups tecnol\u00f3gicas de M\u00e9xico: cr\u00f3nica de un recorrido por el InnovaFest - TecnoArtesanos Tech Blog\",\"isPartOf\":{\"@id\":\"https:\/\/blog.tecnoartesanos.com\/#website\"},\"primaryImageOfPage\":{\"@id\":\"https:\/\/blog.tecnoartesanos.com\/index.php\/2025\/12\/10\/en-busca-de-apoyo-para-las-startups-tecnologicas-de-mexico-cronica-de-un-recorrido-por-el-innovafest\/#primaryimage\"},\"image\":{\"@id\":\"https:\/\/blog.tecnoartesanos.com\/index.php\/2025\/12\/10\/en-busca-de-apoyo-para-las-startups-tecnologicas-de-mexico-cronica-de-un-recorrido-por-el-innovafest\/#primaryimage\"},\"thumbnailUrl\":\"https:\/\/blog.tecnoartesanos.com\/wp-content\/uploads\/2025\/12\/en-busca-de-apoyo-para-las-startups-tecnologicas-de-mexico-cronica-de-un-recorrido-por-el-innovafest.jpg\",\"datePublished\":\"2025-12-10T18:36:39+00:00\",\"author\":{\"@id\":\"https:\/\/blog.tecnoartesanos.com\/#\/schema\/person\/ec88bc1410fd158963717c4216f04807\"},\"breadcrumb\":{\"@id\":\"https:\/\/blog.tecnoartesanos.com\/index.php\/2025\/12\/10\/en-busca-de-apoyo-para-las-startups-tecnologicas-de-mexico-cronica-de-un-recorrido-por-el-innovafest\/#breadcrumb\"},\"inLanguage\":\"en-US\",\"potentialAction\":[{\"@type\":\"ReadAction\",\"target\":[\"https:\/\/blog.tecnoartesanos.com\/index.php\/2025\/12\/10\/en-busca-de-apoyo-para-las-startups-tecnologicas-de-mexico-cronica-de-un-recorrido-por-el-innovafest\/\"]}]},{\"@type\":\"ImageObject\",\"inLanguage\":\"en-US\",\"@id\":\"https:\/\/blog.tecnoartesanos.com\/index.php\/2025\/12\/10\/en-busca-de-apoyo-para-las-startups-tecnologicas-de-mexico-cronica-de-un-recorrido-por-el-innovafest\/#primaryimage\",\"url\":\"https:\/\/blog.tecnoartesanos.com\/wp-content\/uploads\/2025\/12\/en-busca-de-apoyo-para-las-startups-tecnologicas-de-mexico-cronica-de-un-recorrido-por-el-innovafest.jpg\",\"contentUrl\":\"https:\/\/blog.tecnoartesanos.com\/wp-content\/uploads\/2025\/12\/en-busca-de-apoyo-para-las-startups-tecnologicas-de-mexico-cronica-de-un-recorrido-por-el-innovafest.jpg\",\"width\":1600,\"height\":963},{\"@type\":\"BreadcrumbList\",\"@id\":\"https:\/\/blog.tecnoartesanos.com\/index.php\/2025\/12\/10\/en-busca-de-apoyo-para-las-startups-tecnologicas-de-mexico-cronica-de-un-recorrido-por-el-innovafest\/#breadcrumb\",\"itemListElement\":[{\"@type\":\"ListItem\",\"position\":1,\"name\":\"Home\",\"item\":\"https:\/\/blog.tecnoartesanos.com\/\"},{\"@type\":\"ListItem\",\"position\":2,\"name\":\"En busca de apoyo para las startups tecnol\u00f3gicas de M\u00e9xico: cr\u00f3nica de un recorrido por el InnovaFest\"}]},{\"@type\":\"WebSite\",\"@id\":\"https:\/\/blog.tecnoartesanos.com\/#website\",\"url\":\"https:\/\/blog.tecnoartesanos.com\/\",\"name\":\"TecnoArtesanos Tech Blog\",\"description\":\"\",\"potentialAction\":[{\"@type\":\"SearchAction\",\"target\":{\"@type\":\"EntryPoint\",\"urlTemplate\":\"https:\/\/blog.tecnoartesanos.com\/?s={search_term_string}\"},\"query-input\":{\"@type\":\"PropertyValueSpecification\",\"valueRequired\":true,\"valueName\":\"search_term_string\"}}],\"inLanguage\":\"en-US\"},{\"@type\":\"Person\",\"@id\":\"https:\/\/blog.tecnoartesanos.com\/#\/schema\/person\/ec88bc1410fd158963717c4216f04807\",\"name\":\"Sergio Morales\",\"image\":{\"@type\":\"ImageObject\",\"inLanguage\":\"en-US\",\"@id\":\"https:\/\/blog.tecnoartesanos.com\/#\/schema\/person\/image\/\",\"url\":\"https:\/\/secure.gravatar.com\/avatar\/3d45178fc8fbbe32d39278bc504fa9093f947f406ff4f1ddcfa27505ab772184?s=96&d=mm&r=g\",\"contentUrl\":\"https:\/\/secure.gravatar.com\/avatar\/3d45178fc8fbbe32d39278bc504fa9093f947f406ff4f1ddcfa27505ab772184?s=96&d=mm&r=g\",\"caption\":\"Sergio Morales\"},\"sameAs\":[\"https:\/\/sergiomorales.space\"],\"url\":\"https:\/\/blog.tecnoartesanos.com\/index.php\/author\/sergiomorales\/\"}]}<\/script>\n<!-- \/ Yoast SEO plugin. -->","yoast_head_json":{"title":"En busca de apoyo para las startups tecnol\u00f3gicas de M\u00e9xico: cr\u00f3nica de un recorrido por el InnovaFest - TecnoArtesanos Tech Blog","robots":{"index":"index","follow":"follow","max-snippet":"max-snippet:-1","max-image-preview":"max-image-preview:large","max-video-preview":"max-video-preview:-1"},"canonical":"https:\/\/blog.tecnoartesanos.com\/index.php\/2025\/12\/10\/en-busca-de-apoyo-para-las-startups-tecnologicas-de-mexico-cronica-de-un-recorrido-por-el-innovafest\/","og_locale":"en_US","og_type":"article","og_title":"En busca de apoyo para las startups tecnol\u00f3gicas de M\u00e9xico: cr\u00f3nica de un recorrido por el InnovaFest - TecnoArtesanos Tech Blog","og_description":"Mas no pasaron desapercibidas las ausencias, como fue el caso de Olinia. A pesar de tener una sala con su nombre en el InnovaFest, no hubo alg\u00fan prototipo en exhibici\u00f3n del mini veh\u00edculo el\u00e9ctrico que est\u00e1 siendo fabricado en M\u00e9xico. Anunciado por la presidenta Sheinbaum a inicios de a\u00f1o, Olinia a\u00fan se encuentra en las [&hellip;]","og_url":"https:\/\/blog.tecnoartesanos.com\/index.php\/2025\/12\/10\/en-busca-de-apoyo-para-las-startups-tecnologicas-de-mexico-cronica-de-un-recorrido-por-el-innovafest\/","og_site_name":"TecnoArtesanos Tech Blog","article_published_time":"2025-12-10T18:36:39+00:00","og_image":[{"url":"https:\/\/media.es.wired.com\/photos\/6938aefbd41203677bee59ed\/master\/pass\/collage.jpg","type":"","width":"","height":""}],"author":"Sergio Morales","twitter_card":"summary_large_image","twitter_misc":{"Written by":"Sergio Morales","Est. reading time":"6 minutes"},"schema":{"@context":"https:\/\/schema.org","@graph":[{"@type":"WebPage","@id":"https:\/\/blog.tecnoartesanos.com\/index.php\/2025\/12\/10\/en-busca-de-apoyo-para-las-startups-tecnologicas-de-mexico-cronica-de-un-recorrido-por-el-innovafest\/","url":"https:\/\/blog.tecnoartesanos.com\/index.php\/2025\/12\/10\/en-busca-de-apoyo-para-las-startups-tecnologicas-de-mexico-cronica-de-un-recorrido-por-el-innovafest\/","name":"En busca de apoyo para las startups tecnol\u00f3gicas de M\u00e9xico: cr\u00f3nica de un recorrido por el InnovaFest - TecnoArtesanos Tech Blog","isPartOf":{"@id":"https:\/\/blog.tecnoartesanos.com\/#website"},"primaryImageOfPage":{"@id":"https:\/\/blog.tecnoartesanos.com\/index.php\/2025\/12\/10\/en-busca-de-apoyo-para-las-startups-tecnologicas-de-mexico-cronica-de-un-recorrido-por-el-innovafest\/#primaryimage"},"image":{"@id":"https:\/\/blog.tecnoartesanos.com\/index.php\/2025\/12\/10\/en-busca-de-apoyo-para-las-startups-tecnologicas-de-mexico-cronica-de-un-recorrido-por-el-innovafest\/#primaryimage"},"thumbnailUrl":"https:\/\/blog.tecnoartesanos.com\/wp-content\/uploads\/2025\/12\/en-busca-de-apoyo-para-las-startups-tecnologicas-de-mexico-cronica-de-un-recorrido-por-el-innovafest.jpg","datePublished":"2025-12-10T18:36:39+00:00","author":{"@id":"https:\/\/blog.tecnoartesanos.com\/#\/schema\/person\/ec88bc1410fd158963717c4216f04807"},"breadcrumb":{"@id":"https:\/\/blog.tecnoartesanos.com\/index.php\/2025\/12\/10\/en-busca-de-apoyo-para-las-startups-tecnologicas-de-mexico-cronica-de-un-recorrido-por-el-innovafest\/#breadcrumb"},"inLanguage":"en-US","potentialAction":[{"@type":"ReadAction","target":["https:\/\/blog.tecnoartesanos.com\/index.php\/2025\/12\/10\/en-busca-de-apoyo-para-las-startups-tecnologicas-de-mexico-cronica-de-un-recorrido-por-el-innovafest\/"]}]},{"@type":"ImageObject","inLanguage":"en-US","@id":"https:\/\/blog.tecnoartesanos.com\/index.php\/2025\/12\/10\/en-busca-de-apoyo-para-las-startups-tecnologicas-de-mexico-cronica-de-un-recorrido-por-el-innovafest\/#primaryimage","url":"https:\/\/blog.tecnoartesanos.com\/wp-content\/uploads\/2025\/12\/en-busca-de-apoyo-para-las-startups-tecnologicas-de-mexico-cronica-de-un-recorrido-por-el-innovafest.jpg","contentUrl":"https:\/\/blog.tecnoartesanos.com\/wp-content\/uploads\/2025\/12\/en-busca-de-apoyo-para-las-startups-tecnologicas-de-mexico-cronica-de-un-recorrido-por-el-innovafest.jpg","width":1600,"height":963},{"@type":"BreadcrumbList","@id":"https:\/\/blog.tecnoartesanos.com\/index.php\/2025\/12\/10\/en-busca-de-apoyo-para-las-startups-tecnologicas-de-mexico-cronica-de-un-recorrido-por-el-innovafest\/#breadcrumb","itemListElement":[{"@type":"ListItem","position":1,"name":"Home","item":"https:\/\/blog.tecnoartesanos.com\/"},{"@type":"ListItem","position":2,"name":"En busca de apoyo para las startups tecnol\u00f3gicas de M\u00e9xico: cr\u00f3nica de un recorrido por el InnovaFest"}]},{"@type":"WebSite","@id":"https:\/\/blog.tecnoartesanos.com\/#website","url":"https:\/\/blog.tecnoartesanos.com\/","name":"TecnoArtesanos Tech Blog","description":"","potentialAction":[{"@type":"SearchAction","target":{"@type":"EntryPoint","urlTemplate":"https:\/\/blog.tecnoartesanos.com\/?s={search_term_string}"},"query-input":{"@type":"PropertyValueSpecification","valueRequired":true,"valueName":"search_term_string"}}],"inLanguage":"en-US"},{"@type":"Person","@id":"https:\/\/blog.tecnoartesanos.com\/#\/schema\/person\/ec88bc1410fd158963717c4216f04807","name":"Sergio Morales","image":{"@type":"ImageObject","inLanguage":"en-US","@id":"https:\/\/blog.tecnoartesanos.com\/#\/schema\/person\/image\/","url":"https:\/\/secure.gravatar.com\/avatar\/3d45178fc8fbbe32d39278bc504fa9093f947f406ff4f1ddcfa27505ab772184?s=96&d=mm&r=g","contentUrl":"https:\/\/secure.gravatar.com\/avatar\/3d45178fc8fbbe32d39278bc504fa9093f947f406ff4f1ddcfa27505ab772184?s=96&d=mm&r=g","caption":"Sergio Morales"},"sameAs":["https:\/\/sergiomorales.space"],"url":"https:\/\/blog.tecnoartesanos.com\/index.php\/author\/sergiomorales\/"}]}},"_links":{"self":[{"href":"https:\/\/blog.tecnoartesanos.com\/index.php\/wp-json\/wp\/v2\/posts\/2013","targetHints":{"allow":["GET"]}}],"collection":[{"href":"https:\/\/blog.tecnoartesanos.com\/index.php\/wp-json\/wp\/v2\/posts"}],"about":[{"href":"https:\/\/blog.tecnoartesanos.com\/index.php\/wp-json\/wp\/v2\/types\/post"}],"author":[{"embeddable":true,"href":"https:\/\/blog.tecnoartesanos.com\/index.php\/wp-json\/wp\/v2\/users\/2"}],"replies":[{"embeddable":true,"href":"https:\/\/blog.tecnoartesanos.com\/index.php\/wp-json\/wp\/v2\/comments?post=2013"}],"version-history":[{"count":0,"href":"https:\/\/blog.tecnoartesanos.com\/index.php\/wp-json\/wp\/v2\/posts\/2013\/revisions"}],"wp:featuredmedia":[{"embeddable":true,"href":"https:\/\/blog.tecnoartesanos.com\/index.php\/wp-json\/wp\/v2\/media\/2014"}],"wp:attachment":[{"href":"https:\/\/blog.tecnoartesanos.com\/index.php\/wp-json\/wp\/v2\/media?parent=2013"}],"wp:term":[{"taxonomy":"category","embeddable":true,"href":"https:\/\/blog.tecnoartesanos.com\/index.php\/wp-json\/wp\/v2\/categories?post=2013"},{"taxonomy":"post_tag","embeddable":true,"href":"https:\/\/blog.tecnoartesanos.com\/index.php\/wp-json\/wp\/v2\/tags?post=2013"}],"curies":[{"name":"wp","href":"https:\/\/api.w.org\/{rel}","templated":true}]}}