{"id":1977,"date":"2025-12-04T23:36:43","date_gmt":"2025-12-04T23:36:43","guid":{"rendered":"http:\/\/69320c1482073dce6fa00a0d"},"modified":"2025-12-04T23:36:43","modified_gmt":"2025-12-04T23:36:43","slug":"por-que-2025-se-convirtio-en-el-ano-de-funar-a-spotify-y-cuanto-le-dolio-realmente","status":"publish","type":"post","link":"https:\/\/blog.tecnoartesanos.com\/index.php\/2025\/12\/04\/por-que-2025-se-convirtio-en-el-ano-de-funar-a-spotify-y-cuanto-le-dolio-realmente\/","title":{"rendered":"Por qu\u00e9 2025 se convirti\u00f3 en el a\u00f1o de funar a Spotify (y cu\u00e1nto le doli\u00f3 realmente)"},"content":{"rendered":"<div class=\"media_block\"><img decoding=\"async\" src=\"https:\/\/media.es.wired.com\/photos\/693216a87a0d45c3a925a259\/master\/pass\/GettyImages-611245354.jpg\" class=\"media_thumbnail\"><\/div>\n<p>Spotify cerrar\u00e1 2025 como un a\u00f1o de crecimiento, aunque marcado por una crisis de reputaci\u00f3n que podr\u00eda tener consecuencias a largo plazo. Durante los \u00faltimos 12 meses, la plataforma de <em>streaming<\/em> enfrent\u00f3 distintos episodios de boicot por parte de usuarios y artistas, motivados no solo por los incrementos en los precios de suscripci\u00f3n en diversos mercados, sino tambi\u00e9n por decisiones controvertidas de su director ejecutivo, Daniel Ek, quien dejar\u00e1 el cargo en enero del pr\u00f3ximo a\u00f1o.<\/p>\n<p>Seg\u00fan el informe financiero correspondiente al tercer trimestre, el servicio super\u00f3 los 700 millones de <a href=\"https:\/\/es.wired.com\/articulos\/spotify-tiene-500-millones-de-usuarios-activos-pero-pierde-millones-de-dolares\">usuarios activos mensuales<\/a>, lo que representa un aumento interanual del 11%. La base de suscriptores alcanz\u00f3 los 281 millones, mientras que los ingresos ascendieron a 4,300 millones de euros. <strong>Ambas cifras reflejan un crecimiento del 12% respecto al mismo periodo del a\u00f1o previo.<\/strong><\/p>\n<hr>\n<div class=\"ContentCardEmbedWrapper-kFpFGN dpdjmB content-card-embed content-card-embed--stacked\" data-testid=\"ContentCardEmbedWrapper\" readability=\"27.484662576687\">\n<div class=\"ContentCardEmbedImage-iBIXcR jiOHKG content-card-embed__image\" data-testid=\"ContentCardEmbedImage\"><span class=\"SpanWrapper-zEXFr koTknX responsive-asset\"><picture class=\"ResponsiveImagePicture-cGZhnX jwYQWO responsive-image\"><img decoding=\"async\" alt=\"Daniel Ek, CEO de Spotify. \" loading=\"lazy\" class=\"ResponsiveImageContainer-eNxvmU cfBbTk responsive-image__image\" srcset=\"https:\/\/media.es.wired.com\/photos\/6866a3a55e8c37089e37fed3\/master\/w_120,c_limit\/611053854 120w, https:\/\/media.es.wired.com\/photos\/6866a3a55e8c37089e37fed3\/master\/w_240,c_limit\/611053854 240w, https:\/\/media.es.wired.com\/photos\/6866a3a55e8c37089e37fed3\/master\/w_320,c_limit\/611053854 320w, https:\/\/media.es.wired.com\/photos\/6866a3a55e8c37089e37fed3\/master\/w_640,c_limit\/611053854 640w\" sizes=\"100vw\" src=\"https:\/\/media.es.wired.com\/photos\/6866a3a55e8c37089e37fed3\/master\/w_775%2Cc_limit\/611053854\"><\/picture><\/span><\/div>\n<div class=\"ContentCardEmbedInfo-bSBhwc IbulD\" readability=\"29.20245398773\">\n<div class=\"BaseWrap-sc-gzmcOU BaseText-eqOrNE ContentCardEmbedHed-kuAbUL deqABF jkWAvF fPZrfS content-card-embed__hed\" data-testid=\"ContentCardEmbedHed\"><a class=\"BaseWrap-sc-gzmcOU BaseText-eqOrNE BaseLink-eTpkqh ContentCardEmbedHedLink-kqBDz deqABF jkWAvF dsRLul hMqJdP content-card-embed__hed-link\" href=\"https:\/\/es.wired.com\/articulos\/spotify-esta-en-crisis\" data-testid=\"ContentCardEmbedHedLink\">Spotify est\u00e1 en crisis<\/a><\/div>\n<p>La plataforma sigue teniendo algunos problemas con la comunidad musical. Casos aislados pero muy visibles, y la IA tambi\u00e9n est\u00e1 implicada.<\/p>\n<\/div>\n<\/div>\n<hr>\n<p>Sin embargo, <a data-offer-url=\"https:\/\/newsroom.spotify.com\/2025-11-04\/spotify-q3-2025-earnings\/#:~:text=Monthly%20Active%20Users%20grew%2011,56%20bps%20YoY%20to%2031.6%25.\" class=\"external-link\" data-event-click=\"{&quot;element&quot;:&quot;ExternalLink&quot;,&quot;outgoingURL&quot;:&quot;https:\/\/newsroom.spotify.com\/2025-11-04\/spotify-q3-2025-earnings\/#:~:text=Monthly%20Active%20Users%20grew%2011,56%20bps%20YoY%20to%2031.6%25.&quot;}\" href=\"https:\/\/newsroom.spotify.com\/2025-11-04\/spotify-q3-2025-earnings\/#:~:text=Monthly%20Active%20Users%20grew%2011,56%20bps%20YoY%20to%2031.6%25.\" rel=\"nofollow noopener\" target=\"_blank\">la compa\u00f1\u00eda emiti\u00f3<\/a> proyecciones m\u00e1s d\u00e9biles para el cuarto trimestre, por debajo de lo estimado por los analistas en materia de ingresos y n\u00famero de suscriptores. Spotify no detall\u00f3 las razones detr\u00e1s del ajuste en sus expectativas.<\/p>\n<p>La plataforma atraviesa adem\u00e1s una crisis de imagen derivada de diversos acontecimientos que han generado malestar entre artistas, usuarios y empresas del sector musical.<\/p>\n<h2>Inversiones en drones de guerra<\/h2>\n<p>En junio pasado, <a href=\"https:\/\/es.wired.com\/articulos\/el-fundador-de-spotify-invierte-600-millones-de-euros-en-drones-militares-porque-es-lo-correcto-para-europa\">Daniel Ek lider\u00f3 una ronda de financiamiento<\/a> por 600 millones de euros para la startup alemana Helsing, especializada en la fabricaci\u00f3n de drones de combate equipados con inteligencia artificial (IA). La operaci\u00f3n, realizada a trav\u00e9s de Prima Materia \u2014firma de inversi\u00f3n cofundada por Ek\u2014, elev\u00f3 la valoraci\u00f3n de la empresa a 12,000 millones de euros, convirti\u00e9ndola en una de las tecnol\u00f3gicas privadas m\u00e1s valiosas de Europa.<\/p>\n<p>La decisi\u00f3n provoc\u00f3 protestas entre bandas, int\u00e9rpretes independientes y artistas consolidados, muchos de los cuales retiraron su cat\u00e1logo de Spotify al denunciar que las ganancias generadas por sus obras dentro de la plataforma <strong>estaban financiando compa\u00f1\u00edas dedicadas a producir dispositivos letales que agravan conflictos b\u00e9licos.<\/strong><\/p>\n<p>David Bridie, m\u00fasico y productor independiente que retir\u00f3 su obra del servicio, <a data-offer-url=\"https:\/\/www.theguardian.com\/music\/2025\/jul\/31\/spotify-musicians-david-bridie-ntwnfb\" class=\"external-link\" data-event-click=\"{&quot;element&quot;:&quot;ExternalLink&quot;,&quot;outgoingURL&quot;:&quot;https:\/\/www.theguardian.com\/music\/2025\/jul\/31\/spotify-musicians-david-bridie-ntwnfb&quot;}\" href=\"https:\/\/www.theguardian.com\/music\/2025\/jul\/31\/spotify-musicians-david-bridie-ntwnfb\" rel=\"nofollow noopener\" target=\"_blank\">record\u00f3<\/a> que los drones con IA utilizados en Ucrania y Gaza han causado la muerte de miles de civiles, incluidos menores, y destruido infraestructura esencial como hospitales. \u201cEk est\u00e1 invirtiendo en tecnolog\u00eda que puede causar sufrimiento y muerte. Spotify sol\u00eda parecer un mal necesario. Por asociaci\u00f3n, ahora simplemente parece malvado\u201d, afirm\u00f3.<\/p>\n<figure class=\"AssetEmbedWrapper-fkZDUs kHRAYC asset-embed\" readability=\"5\">\n<div class=\"AssetEmbedAssetContainer-eEeytc eRSvCP asset-embed__asset-container\"><span class=\"SpanWrapper-zEXFr koTknX responsive-asset AssetEmbedResponsiveAsset-cIfZLr fHIkTW asset-embed__responsive-asset\"><picture class=\"ResponsiveImagePicture-cGZhnX jwYQWO AssetEmbedResponsiveAsset-cIfZLr fHIkTW asset-embed__responsive-asset responsive-image\"><img decoding=\"async\" alt=\"Drones DJI Matrice 300 RTK adquiridos para las Fuerzas Armadas de Ucrania\" loading=\"lazy\" class=\"ResponsiveImageContainer-eNxvmU cfBbTk responsive-image__image\" srcset=\"https:\/\/media.es.wired.com\/photos\/640124a35b9df34a25982a8e\/master\/w_120,c_limit\/Radio-Hackers-Can-Eavesdrop-on-Any-DJI-Drone-to-Find-Its-Operator-GettyImages-1242282794.jpg 120w, https:\/\/media.es.wired.com\/photos\/640124a35b9df34a25982a8e\/master\/w_240,c_limit\/Radio-Hackers-Can-Eavesdrop-on-Any-DJI-Drone-to-Find-Its-Operator-GettyImages-1242282794.jpg 240w, https:\/\/media.es.wired.com\/photos\/640124a35b9df34a25982a8e\/master\/w_320,c_limit\/Radio-Hackers-Can-Eavesdrop-on-Any-DJI-Drone-to-Find-Its-Operator-GettyImages-1242282794.jpg 320w, https:\/\/media.es.wired.com\/photos\/640124a35b9df34a25982a8e\/master\/w_640,c_limit\/Radio-Hackers-Can-Eavesdrop-on-Any-DJI-Drone-to-Find-Its-Operator-GettyImages-1242282794.jpg 640w, https:\/\/media.es.wired.com\/photos\/640124a35b9df34a25982a8e\/master\/w_960,c_limit\/Radio-Hackers-Can-Eavesdrop-on-Any-DJI-Drone-to-Find-Its-Operator-GettyImages-1242282794.jpg 960w, https:\/\/media.es.wired.com\/photos\/640124a35b9df34a25982a8e\/master\/w_1280,c_limit\/Radio-Hackers-Can-Eavesdrop-on-Any-DJI-Drone-to-Find-Its-Operator-GettyImages-1242282794.jpg 1280w, https:\/\/media.es.wired.com\/photos\/640124a35b9df34a25982a8e\/master\/w_1600,c_limit\/Radio-Hackers-Can-Eavesdrop-on-Any-DJI-Drone-to-Find-Its-Operator-GettyImages-1242282794.jpg 1600w\" sizes=\"100vw\" src=\"https:\/\/media.es.wired.com\/photos\/640124a35b9df34a25982a8e\/master\/w_1600%2Cc_limit\/Radio-Hackers-Can-Eavesdrop-on-Any-DJI-Drone-to-Find-Its-Operator-GettyImages-1242282794.jpg\"><\/picture><\/span><\/div>\n<p><span class=\"BaseWrap-sc-gzmcOU BaseText-eqOrNE CaptionText-brNLzD deqABF imSbFE fGraOh caption__text\">Aunque los drones DJI fueron creados para la vigilancia ciudadana, ahora se usan para la guerra, y el problema de su cifrado facilita la localizaci\u00f3n de sus pilotos.<\/span><span class=\"BaseWrap-sc-gzmcOU BaseText-eqOrNE CaptionCredit-eowWKH deqABF kpqIso gxwcqg caption__credit\">Evgen Kotenko\/Getty Images<\/span><\/p>\n<\/figure>\n<p>No es la primera vez que artistas reaccionan a las inversiones del CEO de Spotify en la industria armamentista. En 2021, Ek destin\u00f3 100 millones de euros a Helsing. Entonces, m\u00fasicos como Darren Sangita y Skee Mask retiraron su m\u00fasica del cat\u00e1logo de la plataforma. Todo indica que nuevos artistas podr\u00edan seguir ese camino tras la reciente ronda de inversi\u00f3n.<\/p>\n","protected":false},"excerpt":{"rendered":"<p>Spotify cerrar\u00e1 2025 como un a\u00f1o de crecimiento, aunque marcado por una crisis de reputaci\u00f3n que podr\u00eda tener consecuencias a largo plazo. Durante los \u00faltimos 12 meses, la plataforma de streaming enfrent\u00f3 distintos episodios de boicot por parte de usuarios y artistas, motivados no solo por los incrementos en los precios de suscripci\u00f3n en diversos [&hellip;]<\/p>\n","protected":false},"author":2,"featured_media":1978,"comment_status":"closed","ping_status":"closed","sticky":false,"template":"","format":"standard","meta":{"footnotes":""},"categories":[1],"tags":[],"class_list":["post-1977","post","type-post","status-publish","format-standard","has-post-thumbnail","hentry","category-technology"],"yoast_head":"<!-- This site is optimized with the Yoast SEO plugin v24.5 - https:\/\/yoast.com\/wordpress\/plugins\/seo\/ -->\n<title>Por qu\u00e9 2025 se convirti\u00f3 en el a\u00f1o de funar a Spotify (y cu\u00e1nto le doli\u00f3 realmente) - TecnoArtesanos Tech Blog<\/title>\n<meta name=\"robots\" content=\"index, follow, max-snippet:-1, max-image-preview:large, max-video-preview:-1\" \/>\n<link rel=\"canonical\" href=\"https:\/\/blog.tecnoartesanos.com\/index.php\/2025\/12\/04\/por-que-2025-se-convirtio-en-el-ano-de-funar-a-spotify-y-cuanto-le-dolio-realmente\/\" \/>\n<meta property=\"og:locale\" content=\"en_US\" \/>\n<meta property=\"og:type\" content=\"article\" \/>\n<meta property=\"og:title\" content=\"Por qu\u00e9 2025 se convirti\u00f3 en el a\u00f1o de funar a Spotify (y cu\u00e1nto le doli\u00f3 realmente) - TecnoArtesanos Tech Blog\" \/>\n<meta property=\"og:description\" content=\"Spotify cerrar\u00e1 2025 como un a\u00f1o de crecimiento, aunque marcado por una crisis de reputaci\u00f3n que podr\u00eda tener consecuencias a largo plazo. Durante los \u00faltimos 12 meses, la plataforma de streaming enfrent\u00f3 distintos episodios de boicot por parte de usuarios y artistas, motivados no solo por los incrementos en los precios de suscripci\u00f3n en diversos [&hellip;]\" \/>\n<meta property=\"og:url\" content=\"https:\/\/blog.tecnoartesanos.com\/index.php\/2025\/12\/04\/por-que-2025-se-convirtio-en-el-ano-de-funar-a-spotify-y-cuanto-le-dolio-realmente\/\" \/>\n<meta property=\"og:site_name\" content=\"TecnoArtesanos Tech Blog\" \/>\n<meta property=\"article:published_time\" content=\"2025-12-04T23:36:43+00:00\" \/>\n<meta property=\"og:image\" content=\"https:\/\/media.es.wired.com\/photos\/693216a87a0d45c3a925a259\/master\/pass\/GettyImages-611245354.jpg\" \/>\n<meta name=\"author\" content=\"Sergio Morales\" \/>\n<meta name=\"twitter:card\" content=\"summary_large_image\" \/>\n<meta name=\"twitter:label1\" content=\"Written by\" \/>\n\t<meta name=\"twitter:data1\" content=\"Sergio Morales\" \/>\n\t<meta name=\"twitter:label2\" content=\"Est. reading time\" \/>\n\t<meta name=\"twitter:data2\" content=\"3 minutes\" \/>\n<script type=\"application\/ld+json\" class=\"yoast-schema-graph\">{\"@context\":\"https:\/\/schema.org\",\"@graph\":[{\"@type\":\"WebPage\",\"@id\":\"https:\/\/blog.tecnoartesanos.com\/index.php\/2025\/12\/04\/por-que-2025-se-convirtio-en-el-ano-de-funar-a-spotify-y-cuanto-le-dolio-realmente\/\",\"url\":\"https:\/\/blog.tecnoartesanos.com\/index.php\/2025\/12\/04\/por-que-2025-se-convirtio-en-el-ano-de-funar-a-spotify-y-cuanto-le-dolio-realmente\/\",\"name\":\"Por qu\u00e9 2025 se convirti\u00f3 en el a\u00f1o de funar a Spotify (y cu\u00e1nto le doli\u00f3 realmente) - TecnoArtesanos Tech Blog\",\"isPartOf\":{\"@id\":\"https:\/\/blog.tecnoartesanos.com\/#website\"},\"primaryImageOfPage\":{\"@id\":\"https:\/\/blog.tecnoartesanos.com\/index.php\/2025\/12\/04\/por-que-2025-se-convirtio-en-el-ano-de-funar-a-spotify-y-cuanto-le-dolio-realmente\/#primaryimage\"},\"image\":{\"@id\":\"https:\/\/blog.tecnoartesanos.com\/index.php\/2025\/12\/04\/por-que-2025-se-convirtio-en-el-ano-de-funar-a-spotify-y-cuanto-le-dolio-realmente\/#primaryimage\"},\"thumbnailUrl\":\"https:\/\/blog.tecnoartesanos.com\/wp-content\/uploads\/2025\/12\/por-que-2025-se-convirtio-en-el-ano-de-funar-a-spotify-y-cuanto-le-dolio-realmente.jpg\",\"datePublished\":\"2025-12-04T23:36:43+00:00\",\"author\":{\"@id\":\"https:\/\/blog.tecnoartesanos.com\/#\/schema\/person\/ec88bc1410fd158963717c4216f04807\"},\"breadcrumb\":{\"@id\":\"https:\/\/blog.tecnoartesanos.com\/index.php\/2025\/12\/04\/por-que-2025-se-convirtio-en-el-ano-de-funar-a-spotify-y-cuanto-le-dolio-realmente\/#breadcrumb\"},\"inLanguage\":\"en-US\",\"potentialAction\":[{\"@type\":\"ReadAction\",\"target\":[\"https:\/\/blog.tecnoartesanos.com\/index.php\/2025\/12\/04\/por-que-2025-se-convirtio-en-el-ano-de-funar-a-spotify-y-cuanto-le-dolio-realmente\/\"]}]},{\"@type\":\"ImageObject\",\"inLanguage\":\"en-US\",\"@id\":\"https:\/\/blog.tecnoartesanos.com\/index.php\/2025\/12\/04\/por-que-2025-se-convirtio-en-el-ano-de-funar-a-spotify-y-cuanto-le-dolio-realmente\/#primaryimage\",\"url\":\"https:\/\/blog.tecnoartesanos.com\/wp-content\/uploads\/2025\/12\/por-que-2025-se-convirtio-en-el-ano-de-funar-a-spotify-y-cuanto-le-dolio-realmente.jpg\",\"contentUrl\":\"https:\/\/blog.tecnoartesanos.com\/wp-content\/uploads\/2025\/12\/por-que-2025-se-convirtio-en-el-ano-de-funar-a-spotify-y-cuanto-le-dolio-realmente.jpg\",\"width\":775,\"height\":542},{\"@type\":\"BreadcrumbList\",\"@id\":\"https:\/\/blog.tecnoartesanos.com\/index.php\/2025\/12\/04\/por-que-2025-se-convirtio-en-el-ano-de-funar-a-spotify-y-cuanto-le-dolio-realmente\/#breadcrumb\",\"itemListElement\":[{\"@type\":\"ListItem\",\"position\":1,\"name\":\"Home\",\"item\":\"https:\/\/blog.tecnoartesanos.com\/\"},{\"@type\":\"ListItem\",\"position\":2,\"name\":\"Por qu\u00e9 2025 se convirti\u00f3 en el a\u00f1o de funar a Spotify (y cu\u00e1nto le doli\u00f3 realmente)\"}]},{\"@type\":\"WebSite\",\"@id\":\"https:\/\/blog.tecnoartesanos.com\/#website\",\"url\":\"https:\/\/blog.tecnoartesanos.com\/\",\"name\":\"TecnoArtesanos Tech Blog\",\"description\":\"\",\"potentialAction\":[{\"@type\":\"SearchAction\",\"target\":{\"@type\":\"EntryPoint\",\"urlTemplate\":\"https:\/\/blog.tecnoartesanos.com\/?s={search_term_string}\"},\"query-input\":{\"@type\":\"PropertyValueSpecification\",\"valueRequired\":true,\"valueName\":\"search_term_string\"}}],\"inLanguage\":\"en-US\"},{\"@type\":\"Person\",\"@id\":\"https:\/\/blog.tecnoartesanos.com\/#\/schema\/person\/ec88bc1410fd158963717c4216f04807\",\"name\":\"Sergio Morales\",\"image\":{\"@type\":\"ImageObject\",\"inLanguage\":\"en-US\",\"@id\":\"https:\/\/blog.tecnoartesanos.com\/#\/schema\/person\/image\/\",\"url\":\"https:\/\/secure.gravatar.com\/avatar\/3d45178fc8fbbe32d39278bc504fa9093f947f406ff4f1ddcfa27505ab772184?s=96&d=mm&r=g\",\"contentUrl\":\"https:\/\/secure.gravatar.com\/avatar\/3d45178fc8fbbe32d39278bc504fa9093f947f406ff4f1ddcfa27505ab772184?s=96&d=mm&r=g\",\"caption\":\"Sergio Morales\"},\"sameAs\":[\"https:\/\/sergiomorales.space\"],\"url\":\"https:\/\/blog.tecnoartesanos.com\/index.php\/author\/sergiomorales\/\"}]}<\/script>\n<!-- \/ Yoast SEO plugin. -->","yoast_head_json":{"title":"Por qu\u00e9 2025 se convirti\u00f3 en el a\u00f1o de funar a Spotify (y cu\u00e1nto le doli\u00f3 realmente) - TecnoArtesanos Tech Blog","robots":{"index":"index","follow":"follow","max-snippet":"max-snippet:-1","max-image-preview":"max-image-preview:large","max-video-preview":"max-video-preview:-1"},"canonical":"https:\/\/blog.tecnoartesanos.com\/index.php\/2025\/12\/04\/por-que-2025-se-convirtio-en-el-ano-de-funar-a-spotify-y-cuanto-le-dolio-realmente\/","og_locale":"en_US","og_type":"article","og_title":"Por qu\u00e9 2025 se convirti\u00f3 en el a\u00f1o de funar a Spotify (y cu\u00e1nto le doli\u00f3 realmente) - TecnoArtesanos Tech Blog","og_description":"Spotify cerrar\u00e1 2025 como un a\u00f1o de crecimiento, aunque marcado por una crisis de reputaci\u00f3n que podr\u00eda tener consecuencias a largo plazo. Durante los \u00faltimos 12 meses, la plataforma de streaming enfrent\u00f3 distintos episodios de boicot por parte de usuarios y artistas, motivados no solo por los incrementos en los precios de suscripci\u00f3n en diversos [&hellip;]","og_url":"https:\/\/blog.tecnoartesanos.com\/index.php\/2025\/12\/04\/por-que-2025-se-convirtio-en-el-ano-de-funar-a-spotify-y-cuanto-le-dolio-realmente\/","og_site_name":"TecnoArtesanos Tech Blog","article_published_time":"2025-12-04T23:36:43+00:00","og_image":[{"url":"https:\/\/media.es.wired.com\/photos\/693216a87a0d45c3a925a259\/master\/pass\/GettyImages-611245354.jpg","type":"","width":"","height":""}],"author":"Sergio Morales","twitter_card":"summary_large_image","twitter_misc":{"Written by":"Sergio Morales","Est. reading time":"3 minutes"},"schema":{"@context":"https:\/\/schema.org","@graph":[{"@type":"WebPage","@id":"https:\/\/blog.tecnoartesanos.com\/index.php\/2025\/12\/04\/por-que-2025-se-convirtio-en-el-ano-de-funar-a-spotify-y-cuanto-le-dolio-realmente\/","url":"https:\/\/blog.tecnoartesanos.com\/index.php\/2025\/12\/04\/por-que-2025-se-convirtio-en-el-ano-de-funar-a-spotify-y-cuanto-le-dolio-realmente\/","name":"Por qu\u00e9 2025 se convirti\u00f3 en el a\u00f1o de funar a Spotify (y cu\u00e1nto le doli\u00f3 realmente) - TecnoArtesanos Tech Blog","isPartOf":{"@id":"https:\/\/blog.tecnoartesanos.com\/#website"},"primaryImageOfPage":{"@id":"https:\/\/blog.tecnoartesanos.com\/index.php\/2025\/12\/04\/por-que-2025-se-convirtio-en-el-ano-de-funar-a-spotify-y-cuanto-le-dolio-realmente\/#primaryimage"},"image":{"@id":"https:\/\/blog.tecnoartesanos.com\/index.php\/2025\/12\/04\/por-que-2025-se-convirtio-en-el-ano-de-funar-a-spotify-y-cuanto-le-dolio-realmente\/#primaryimage"},"thumbnailUrl":"https:\/\/blog.tecnoartesanos.com\/wp-content\/uploads\/2025\/12\/por-que-2025-se-convirtio-en-el-ano-de-funar-a-spotify-y-cuanto-le-dolio-realmente.jpg","datePublished":"2025-12-04T23:36:43+00:00","author":{"@id":"https:\/\/blog.tecnoartesanos.com\/#\/schema\/person\/ec88bc1410fd158963717c4216f04807"},"breadcrumb":{"@id":"https:\/\/blog.tecnoartesanos.com\/index.php\/2025\/12\/04\/por-que-2025-se-convirtio-en-el-ano-de-funar-a-spotify-y-cuanto-le-dolio-realmente\/#breadcrumb"},"inLanguage":"en-US","potentialAction":[{"@type":"ReadAction","target":["https:\/\/blog.tecnoartesanos.com\/index.php\/2025\/12\/04\/por-que-2025-se-convirtio-en-el-ano-de-funar-a-spotify-y-cuanto-le-dolio-realmente\/"]}]},{"@type":"ImageObject","inLanguage":"en-US","@id":"https:\/\/blog.tecnoartesanos.com\/index.php\/2025\/12\/04\/por-que-2025-se-convirtio-en-el-ano-de-funar-a-spotify-y-cuanto-le-dolio-realmente\/#primaryimage","url":"https:\/\/blog.tecnoartesanos.com\/wp-content\/uploads\/2025\/12\/por-que-2025-se-convirtio-en-el-ano-de-funar-a-spotify-y-cuanto-le-dolio-realmente.jpg","contentUrl":"https:\/\/blog.tecnoartesanos.com\/wp-content\/uploads\/2025\/12\/por-que-2025-se-convirtio-en-el-ano-de-funar-a-spotify-y-cuanto-le-dolio-realmente.jpg","width":775,"height":542},{"@type":"BreadcrumbList","@id":"https:\/\/blog.tecnoartesanos.com\/index.php\/2025\/12\/04\/por-que-2025-se-convirtio-en-el-ano-de-funar-a-spotify-y-cuanto-le-dolio-realmente\/#breadcrumb","itemListElement":[{"@type":"ListItem","position":1,"name":"Home","item":"https:\/\/blog.tecnoartesanos.com\/"},{"@type":"ListItem","position":2,"name":"Por qu\u00e9 2025 se convirti\u00f3 en el a\u00f1o de funar a Spotify (y cu\u00e1nto le doli\u00f3 realmente)"}]},{"@type":"WebSite","@id":"https:\/\/blog.tecnoartesanos.com\/#website","url":"https:\/\/blog.tecnoartesanos.com\/","name":"TecnoArtesanos Tech Blog","description":"","potentialAction":[{"@type":"SearchAction","target":{"@type":"EntryPoint","urlTemplate":"https:\/\/blog.tecnoartesanos.com\/?s={search_term_string}"},"query-input":{"@type":"PropertyValueSpecification","valueRequired":true,"valueName":"search_term_string"}}],"inLanguage":"en-US"},{"@type":"Person","@id":"https:\/\/blog.tecnoartesanos.com\/#\/schema\/person\/ec88bc1410fd158963717c4216f04807","name":"Sergio Morales","image":{"@type":"ImageObject","inLanguage":"en-US","@id":"https:\/\/blog.tecnoartesanos.com\/#\/schema\/person\/image\/","url":"https:\/\/secure.gravatar.com\/avatar\/3d45178fc8fbbe32d39278bc504fa9093f947f406ff4f1ddcfa27505ab772184?s=96&d=mm&r=g","contentUrl":"https:\/\/secure.gravatar.com\/avatar\/3d45178fc8fbbe32d39278bc504fa9093f947f406ff4f1ddcfa27505ab772184?s=96&d=mm&r=g","caption":"Sergio Morales"},"sameAs":["https:\/\/sergiomorales.space"],"url":"https:\/\/blog.tecnoartesanos.com\/index.php\/author\/sergiomorales\/"}]}},"_links":{"self":[{"href":"https:\/\/blog.tecnoartesanos.com\/index.php\/wp-json\/wp\/v2\/posts\/1977","targetHints":{"allow":["GET"]}}],"collection":[{"href":"https:\/\/blog.tecnoartesanos.com\/index.php\/wp-json\/wp\/v2\/posts"}],"about":[{"href":"https:\/\/blog.tecnoartesanos.com\/index.php\/wp-json\/wp\/v2\/types\/post"}],"author":[{"embeddable":true,"href":"https:\/\/blog.tecnoartesanos.com\/index.php\/wp-json\/wp\/v2\/users\/2"}],"replies":[{"embeddable":true,"href":"https:\/\/blog.tecnoartesanos.com\/index.php\/wp-json\/wp\/v2\/comments?post=1977"}],"version-history":[{"count":0,"href":"https:\/\/blog.tecnoartesanos.com\/index.php\/wp-json\/wp\/v2\/posts\/1977\/revisions"}],"wp:featuredmedia":[{"embeddable":true,"href":"https:\/\/blog.tecnoartesanos.com\/index.php\/wp-json\/wp\/v2\/media\/1978"}],"wp:attachment":[{"href":"https:\/\/blog.tecnoartesanos.com\/index.php\/wp-json\/wp\/v2\/media?parent=1977"}],"wp:term":[{"taxonomy":"category","embeddable":true,"href":"https:\/\/blog.tecnoartesanos.com\/index.php\/wp-json\/wp\/v2\/categories?post=1977"},{"taxonomy":"post_tag","embeddable":true,"href":"https:\/\/blog.tecnoartesanos.com\/index.php\/wp-json\/wp\/v2\/tags?post=1977"}],"curies":[{"name":"wp","href":"https:\/\/api.w.org\/{rel}","templated":true}]}}