{"id":1967,"date":"2025-12-04T17:47:58","date_gmt":"2025-12-04T17:47:58","guid":{"rendered":"http:\/\/6931bbaa8bb0e5c95c97a0e2"},"modified":"2025-12-04T17:47:58","modified_gmt":"2025-12-04T17:47:58","slug":"brasil-albergara-el-primer-centro-de-datos-de-tiktok-en-america-latina-comunidades-indigenas-alertan-sobre-riesgos","status":"publish","type":"post","link":"https:\/\/blog.tecnoartesanos.com\/index.php\/2025\/12\/04\/brasil-albergara-el-primer-centro-de-datos-de-tiktok-en-america-latina-comunidades-indigenas-alertan-sobre-riesgos\/","title":{"rendered":"Brasil albergar\u00e1 el primer centro de datos de TikTok en Am\u00e9rica Latina; comunidades ind\u00edgenas alertan sobre riesgos"},"content":{"rendered":"<div class=\"media_block\"><img decoding=\"async\" src=\"https:\/\/media.es.wired.com\/photos\/6931c8704af2e0f324fdda44\/master\/pass\/GettyImages-525707002.jpg\" class=\"media_thumbnail\"><\/div>\n<p>TikTok construir\u00e1 su primer centro de datos en Latinoam\u00e9rica con una inversi\u00f3n superior a 200,000 millones de reales (cerca de 38,000 millones de d\u00f3lares). El complejo se ubicar\u00e1 en el Complejo Industrial y Portuario de Pec\u00e9m, en el estado de Cear\u00e1, Brasil, y operar\u00e1, seg\u00fan la plataforma china, con energ\u00eda 100% renovable proveniente de parques e\u00f3licos.<\/p>\n<p>\u201cEste proyecto es un paso decisivo para ampliar nuestra contribuci\u00f3n al <a href=\"https:\/\/es.wired.com\/articulos\/chile-brasil-y-uruguay-lideran-la-region-en-avances-en-inteligencia-artificial\">ecosistema digital brasile\u00f1o<\/a>. Combina innovaci\u00f3n tecnol\u00f3gica, impacto socioecon\u00f3mico y sostenibilidad, elementos esenciales para fortalecer la confianza de la comunidad y de las instituciones en la iniciativa\u201d, afirm\u00f3 Monica Guise, directora de pol\u00edticas p\u00fablicas de TikTok en Brasil.<\/p>\n<hr>\n<div class=\"ContentCardEmbedWrapper-kFpFGN dpdjmB content-card-embed content-card-embed--stacked\" data-testid=\"ContentCardEmbedWrapper\" readability=\"20.528301886792\">\n<div class=\"ContentCardEmbedImage-iBIXcR jiOHKG content-card-embed__image\" data-testid=\"ContentCardEmbedImage\"><span class=\"SpanWrapper-zEXFr koTknX responsive-asset\"><picture class=\"ResponsiveImagePicture-cGZhnX jwYQWO responsive-image\"><img decoding=\"async\" alt=\"Construcci\u00f3n en Abilene, Texas, del primero centro de datos destinado al proyecto Stargate de EE UU, con el que busca afrontar la competencia china en el campo de la IA.\" loading=\"lazy\" class=\"ResponsiveImageContainer-eNxvmU cfBbTk responsive-image__image\" srcset=\"https:\/\/media.es.wired.com\/photos\/68f28a41c8dd54abf923eec5\/master\/w_120,c_limit\/GettyImages-2236733575.jpg 120w, https:\/\/media.es.wired.com\/photos\/68f28a41c8dd54abf923eec5\/master\/w_240,c_limit\/GettyImages-2236733575.jpg 240w, https:\/\/media.es.wired.com\/photos\/68f28a41c8dd54abf923eec5\/master\/w_320,c_limit\/GettyImages-2236733575.jpg 320w, https:\/\/media.es.wired.com\/photos\/68f28a41c8dd54abf923eec5\/master\/w_640,c_limit\/GettyImages-2236733575.jpg 640w\" sizes=\"100vw\" src=\"https:\/\/media.es.wired.com\/photos\/68f28a41c8dd54abf923eec5\/master\/w_775%2Cc_limit\/GettyImages-2236733575.jpg\"><\/picture><\/span><\/div>\n<div class=\"ContentCardEmbedInfo-bSBhwc IbulD\" readability=\"21.811320754717\">\n<div class=\"BaseWrap-sc-gzmcOU BaseText-eqOrNE ContentCardEmbedHed-kuAbUL deqABF jkWAvF fPZrfS content-card-embed__hed\" data-testid=\"ContentCardEmbedHed\"><a class=\"BaseWrap-sc-gzmcOU BaseText-eqOrNE BaseLink-eTpkqh ContentCardEmbedHedLink-kqBDz deqABF jkWAvF dsRLul hMqJdP content-card-embed__hed-link\" href=\"https:\/\/es.wired.com\/articulos\/onu-pide-frenar-la-expansion-de-los-centros-de-datos-que-alimentan-la-ia\" data-testid=\"ContentCardEmbedHedLink\">La ONU pide frenar la expansi\u00f3n de los centros de datos que alimentan la IA porque amenazan el agua y la energ\u00eda<\/a><\/div>\n<p>La ONU advierte que la construcci\u00f3n acelerada y a gran escala de centros de datos sucede en un contexto marcado por la escasez de datos fiables sobre el consumo de agua y electricidad de estos complejos.<\/p>\n<\/div>\n<\/div>\n<hr>\n<p>La inversi\u00f3n total contempla 108,000 millones de reales (alrededor de 20,400 millones de d\u00f3lares) que se destinar\u00e1n a equipos de alta tecnolog\u00eda hasta 2035, adem\u00e1s de recursos adicionales para actualizaciones durante la pr\u00f3xima d\u00e9cada. En la fase inicial, TikTok trabajar\u00e1 con el operador local de centros de datos Omnia y con Casa Ventos, empresa brasile\u00f1a especializada en soluciones de energ\u00eda renovable.<\/p>\n<p>La elecci\u00f3n de Cear\u00e1 responde a su relevancia estrat\u00e9gica: por su capital ingresa a Brasil la mayor parte de los cables submarinos de internet. <a data-offer-url=\"https:\/\/newsroom.tiktok.com\/tiktok-anuncia-seu-primeiro-data-center-na-america-latina-com-investimento-superior-a-200-billhoes?lang=pt-BR\" class=\"external-link\" data-event-click=\"{&quot;element&quot;:&quot;ExternalLink&quot;,&quot;outgoingURL&quot;:&quot;https:\/\/newsroom.tiktok.com\/tiktok-anuncia-seu-primeiro-data-center-na-america-latina-com-investimento-superior-a-200-billhoes?lang=pt-BR&quot;}\" href=\"https:\/\/newsroom.tiktok.com\/tiktok-anuncia-seu-primeiro-data-center-na-america-latina-com-investimento-superior-a-200-billhoes?lang=pt-BR\" rel=\"nofollow noopener\" target=\"_blank\">De acuerdo con la compa\u00f1\u00eda<\/a>, este proyecto impulsar\u00e1 el desarrollo de sectores como energ\u00eda, infraestructura, log\u00edstica y servicios tecnol\u00f3gicos avanzados.<\/p>\n<p>El gobernador de Cear\u00e1, Elmano de Freitas, se\u00f1al\u00f3 que \u201cesta inversi\u00f3n consolida al estado como un polo tecnol\u00f3gico e industrial de referencia en el pa\u00eds, reforzando nuestro compromiso con la atracci\u00f3n de proyectos estructurales, la generaci\u00f3n de empleos cualificados y el fortalecimiento de nuestra econom\u00eda\u201d.<\/p>\n<h2>Rechazo al centro de datos de TikTok en Brasil<\/h2>\n<p><strong>La construcci\u00f3n del megacentro ha generado rechazo por parte de la comunidad ind\u00edgena anac\u00e9,<\/strong> que sostiene que el complejo se levantar\u00e1 en territorios que considera ancestrales. La Organizaci\u00f3n de los Ancianos del pueblo <a data-offer-url=\"https:\/\/www.intercept.com.br\/2025\/08\/04\/indigenas-anace-protestam-data-center-tiktok-ceara\/\" class=\"external-link\" data-event-click=\"{&quot;element&quot;:&quot;ExternalLink&quot;,&quot;outgoingURL&quot;:&quot;https:\/\/www.intercept.com.br\/2025\/08\/04\/indigenas-anace-protestam-data-center-tiktok-ceara\/&quot;}\" href=\"https:\/\/www.intercept.com.br\/2025\/08\/04\/indigenas-anace-protestam-data-center-tiktok-ceara\/\" rel=\"nofollow noopener\" target=\"_blank\">denunci\u00f3<\/a> que \u201cen ning\u00fan momento se consult\u00f3 ni se busc\u00f3 al pueblo Anac\u00e9 para hablar sobre este proyecto. Adem\u00e1s del incumplimiento del protocolo de consulta, expresamos nuestra profunda preocupaci\u00f3n por los impactos socioambientales que implican los centros de datos, especialmente por el uso intensivo de agua y energ\u00eda, lo que pone en riesgo el derecho a la sostenibilidad de nuestro territorio\u201d.<\/p>\n<p>Ante estas cr\u00edticas, TikTok afirma que el centro operar\u00e1 exclusivamente con <a href=\"https:\/\/es.wired.com\/articulos\/el-mundo-aumenta-50-por-ciento-su-capacidad-para-generar-energias-renovables\">energ\u00eda verde<\/a>, suministrada por nuevos parques e\u00f3licos que se desarrollar\u00e1n como parte del proyecto. Seg\u00fan la empresa, \u201cesto significa que la instalaci\u00f3n no utilizar\u00e1 energ\u00eda de la red el\u00e9ctrica existente, evitando impactos en el suministro local y a\u00f1adiendo capacidad limpia\u201d.<\/p>\n<p>La compa\u00f1\u00eda tambi\u00e9n destac\u00f3 que el complejo incorporar\u00e1 sistemas de refrigeraci\u00f3n basados en la reutilizaci\u00f3n de agua en circuito cerrado para reducir el consumo del recurso, junto con mecanismos de recirculaci\u00f3n enfriados por aire, equipos de alta eficiencia energ\u00e9tica y la tecnolog\u00eda PG25, que permite que los servidores funcionen a temperaturas m\u00e1s altas sin afectar el rendimiento. Todo ello, con el fin de disminuir la huella ambiental.<\/p>\n<p>La iniciativa se alinea con los objetivos del gobierno brasile\u00f1o de convertir al pa\u00eds en un referente regional dentro de la econom\u00eda de la inteligencia artificial (IA). En meses recientes, el presidente Luiz In\u00e1cio Lula da Silva firm\u00f3 una medida provisional para <strong>ofrecer incentivos y reducir cargas impositivas a las empresas interesadas en construir centros de datos<\/strong> en Brasil, naci\u00f3n que se posiciona como un punto estrat\u00e9gico en Latinoam\u00e9rica por su diversidad de fuentes renovables, una red el\u00e9ctrica interconectada y la mayor infraestructura de fibra \u00f3ptica de alta velocidad en la regi\u00f3n.<\/p>\n<p>Sin embargo, organizaciones civiles advierten que persisten vac\u00edos en la legislaci\u00f3n que permiten desarrollar centros de datos sin evaluar plenamente los impactos ambientales ni las posibles afectaciones a comunidades locales. La Red en Defensa de los Derechos Digitales (R3D) <a data-offer-url=\"https:\/\/r3d.mx\/2025\/09\/01\/tiktok-saca-provecho-de-la-falta-de-regulaciones-ambientales-en-brasil-para-abrir-un-centro-de-datos\/\" class=\"external-link\" data-event-click=\"{&quot;element&quot;:&quot;ExternalLink&quot;,&quot;outgoingURL&quot;:&quot;https:\/\/r3d.mx\/2025\/09\/01\/tiktok-saca-provecho-de-la-falta-de-regulaciones-ambientales-en-brasil-para-abrir-un-centro-de-datos\/&quot;}\" href=\"https:\/\/r3d.mx\/2025\/09\/01\/tiktok-saca-provecho-de-la-falta-de-regulaciones-ambientales-en-brasil-para-abrir-un-centro-de-datos\/\" rel=\"nofollow noopener\" target=\"_blank\">reconoce<\/a> que existen iniciativas legislativas para atender estas preocupaciones, pero subraya que \u201caunque Brasil avanza legalmente en el tema, estas propuestas a\u00fan est\u00e1n en revisi\u00f3n y no cuentan con una fecha definida para su aprobaci\u00f3n\u201d.<\/p>\n","protected":false},"excerpt":{"rendered":"<p>TikTok construir\u00e1 su primer centro de datos en Latinoam\u00e9rica con una inversi\u00f3n superior a 200,000 millones de reales (cerca de 38,000 millones de d\u00f3lares). El complejo se ubicar\u00e1 en el Complejo Industrial y Portuario de Pec\u00e9m, en el estado de Cear\u00e1, Brasil, y operar\u00e1, seg\u00fan la plataforma china, con energ\u00eda 100% renovable proveniente de parques [&hellip;]<\/p>\n","protected":false},"author":2,"featured_media":1968,"comment_status":"closed","ping_status":"closed","sticky":false,"template":"","format":"standard","meta":{"footnotes":""},"categories":[1],"tags":[],"class_list":["post-1967","post","type-post","status-publish","format-standard","has-post-thumbnail","hentry","category-technology"],"yoast_head":"<!-- This site is optimized with the Yoast SEO plugin v24.5 - https:\/\/yoast.com\/wordpress\/plugins\/seo\/ -->\n<title>Brasil albergar\u00e1 el primer centro de datos de TikTok en Am\u00e9rica Latina; comunidades ind\u00edgenas alertan sobre riesgos - TecnoArtesanos Tech Blog<\/title>\n<meta name=\"robots\" content=\"index, follow, max-snippet:-1, max-image-preview:large, max-video-preview:-1\" \/>\n<link rel=\"canonical\" href=\"https:\/\/blog.tecnoartesanos.com\/index.php\/2025\/12\/04\/brasil-albergara-el-primer-centro-de-datos-de-tiktok-en-america-latina-comunidades-indigenas-alertan-sobre-riesgos\/\" \/>\n<meta property=\"og:locale\" content=\"en_US\" \/>\n<meta property=\"og:type\" content=\"article\" \/>\n<meta property=\"og:title\" content=\"Brasil albergar\u00e1 el primer centro de datos de TikTok en Am\u00e9rica Latina; comunidades ind\u00edgenas alertan sobre riesgos - TecnoArtesanos Tech Blog\" \/>\n<meta property=\"og:description\" content=\"TikTok construir\u00e1 su primer centro de datos en Latinoam\u00e9rica con una inversi\u00f3n superior a 200,000 millones de reales (cerca de 38,000 millones de d\u00f3lares). El complejo se ubicar\u00e1 en el Complejo Industrial y Portuario de Pec\u00e9m, en el estado de Cear\u00e1, Brasil, y operar\u00e1, seg\u00fan la plataforma china, con energ\u00eda 100% renovable proveniente de parques [&hellip;]\" \/>\n<meta property=\"og:url\" content=\"https:\/\/blog.tecnoartesanos.com\/index.php\/2025\/12\/04\/brasil-albergara-el-primer-centro-de-datos-de-tiktok-en-america-latina-comunidades-indigenas-alertan-sobre-riesgos\/\" \/>\n<meta property=\"og:site_name\" content=\"TecnoArtesanos Tech Blog\" \/>\n<meta property=\"article:published_time\" content=\"2025-12-04T17:47:58+00:00\" \/>\n<meta property=\"og:image\" content=\"https:\/\/media.es.wired.com\/photos\/6931c8704af2e0f324fdda44\/master\/pass\/GettyImages-525707002.jpg\" \/>\n<meta name=\"author\" content=\"Sergio Morales\" \/>\n<meta name=\"twitter:card\" content=\"summary_large_image\" \/>\n<meta name=\"twitter:label1\" content=\"Written by\" \/>\n\t<meta name=\"twitter:data1\" content=\"Sergio Morales\" \/>\n\t<meta name=\"twitter:label2\" content=\"Est. reading time\" \/>\n\t<meta name=\"twitter:data2\" content=\"4 minutes\" \/>\n<script type=\"application\/ld+json\" class=\"yoast-schema-graph\">{\"@context\":\"https:\/\/schema.org\",\"@graph\":[{\"@type\":\"WebPage\",\"@id\":\"https:\/\/blog.tecnoartesanos.com\/index.php\/2025\/12\/04\/brasil-albergara-el-primer-centro-de-datos-de-tiktok-en-america-latina-comunidades-indigenas-alertan-sobre-riesgos\/\",\"url\":\"https:\/\/blog.tecnoartesanos.com\/index.php\/2025\/12\/04\/brasil-albergara-el-primer-centro-de-datos-de-tiktok-en-america-latina-comunidades-indigenas-alertan-sobre-riesgos\/\",\"name\":\"Brasil albergar\u00e1 el primer centro de datos de TikTok en Am\u00e9rica Latina; comunidades ind\u00edgenas alertan sobre riesgos - TecnoArtesanos Tech Blog\",\"isPartOf\":{\"@id\":\"https:\/\/blog.tecnoartesanos.com\/#website\"},\"primaryImageOfPage\":{\"@id\":\"https:\/\/blog.tecnoartesanos.com\/index.php\/2025\/12\/04\/brasil-albergara-el-primer-centro-de-datos-de-tiktok-en-america-latina-comunidades-indigenas-alertan-sobre-riesgos\/#primaryimage\"},\"image\":{\"@id\":\"https:\/\/blog.tecnoartesanos.com\/index.php\/2025\/12\/04\/brasil-albergara-el-primer-centro-de-datos-de-tiktok-en-america-latina-comunidades-indigenas-alertan-sobre-riesgos\/#primaryimage\"},\"thumbnailUrl\":\"https:\/\/blog.tecnoartesanos.com\/wp-content\/uploads\/2025\/12\/brasil-albergara-el-primer-centro-de-datos-de-tiktok-en-america-latina-comunidades-indigenas-alertan-sobre-riesgos.jpg\",\"datePublished\":\"2025-12-04T17:47:58+00:00\",\"author\":{\"@id\":\"https:\/\/blog.tecnoartesanos.com\/#\/schema\/person\/ec88bc1410fd158963717c4216f04807\"},\"breadcrumb\":{\"@id\":\"https:\/\/blog.tecnoartesanos.com\/index.php\/2025\/12\/04\/brasil-albergara-el-primer-centro-de-datos-de-tiktok-en-america-latina-comunidades-indigenas-alertan-sobre-riesgos\/#breadcrumb\"},\"inLanguage\":\"en-US\",\"potentialAction\":[{\"@type\":\"ReadAction\",\"target\":[\"https:\/\/blog.tecnoartesanos.com\/index.php\/2025\/12\/04\/brasil-albergara-el-primer-centro-de-datos-de-tiktok-en-america-latina-comunidades-indigenas-alertan-sobre-riesgos\/\"]}]},{\"@type\":\"ImageObject\",\"inLanguage\":\"en-US\",\"@id\":\"https:\/\/blog.tecnoartesanos.com\/index.php\/2025\/12\/04\/brasil-albergara-el-primer-centro-de-datos-de-tiktok-en-america-latina-comunidades-indigenas-alertan-sobre-riesgos\/#primaryimage\",\"url\":\"https:\/\/blog.tecnoartesanos.com\/wp-content\/uploads\/2025\/12\/brasil-albergara-el-primer-centro-de-datos-de-tiktok-en-america-latina-comunidades-indigenas-alertan-sobre-riesgos.jpg\",\"contentUrl\":\"https:\/\/blog.tecnoartesanos.com\/wp-content\/uploads\/2025\/12\/brasil-albergara-el-primer-centro-de-datos-de-tiktok-en-america-latina-comunidades-indigenas-alertan-sobre-riesgos.jpg\",\"width\":775,\"height\":517},{\"@type\":\"BreadcrumbList\",\"@id\":\"https:\/\/blog.tecnoartesanos.com\/index.php\/2025\/12\/04\/brasil-albergara-el-primer-centro-de-datos-de-tiktok-en-america-latina-comunidades-indigenas-alertan-sobre-riesgos\/#breadcrumb\",\"itemListElement\":[{\"@type\":\"ListItem\",\"position\":1,\"name\":\"Home\",\"item\":\"https:\/\/blog.tecnoartesanos.com\/\"},{\"@type\":\"ListItem\",\"position\":2,\"name\":\"Brasil albergar\u00e1 el primer centro de datos de TikTok en Am\u00e9rica Latina; comunidades ind\u00edgenas alertan sobre riesgos\"}]},{\"@type\":\"WebSite\",\"@id\":\"https:\/\/blog.tecnoartesanos.com\/#website\",\"url\":\"https:\/\/blog.tecnoartesanos.com\/\",\"name\":\"TecnoArtesanos Tech Blog\",\"description\":\"\",\"potentialAction\":[{\"@type\":\"SearchAction\",\"target\":{\"@type\":\"EntryPoint\",\"urlTemplate\":\"https:\/\/blog.tecnoartesanos.com\/?s={search_term_string}\"},\"query-input\":{\"@type\":\"PropertyValueSpecification\",\"valueRequired\":true,\"valueName\":\"search_term_string\"}}],\"inLanguage\":\"en-US\"},{\"@type\":\"Person\",\"@id\":\"https:\/\/blog.tecnoartesanos.com\/#\/schema\/person\/ec88bc1410fd158963717c4216f04807\",\"name\":\"Sergio Morales\",\"image\":{\"@type\":\"ImageObject\",\"inLanguage\":\"en-US\",\"@id\":\"https:\/\/blog.tecnoartesanos.com\/#\/schema\/person\/image\/\",\"url\":\"https:\/\/secure.gravatar.com\/avatar\/3d45178fc8fbbe32d39278bc504fa9093f947f406ff4f1ddcfa27505ab772184?s=96&d=mm&r=g\",\"contentUrl\":\"https:\/\/secure.gravatar.com\/avatar\/3d45178fc8fbbe32d39278bc504fa9093f947f406ff4f1ddcfa27505ab772184?s=96&d=mm&r=g\",\"caption\":\"Sergio Morales\"},\"sameAs\":[\"https:\/\/sergiomorales.space\"],\"url\":\"https:\/\/blog.tecnoartesanos.com\/index.php\/author\/sergiomorales\/\"}]}<\/script>\n<!-- \/ Yoast SEO plugin. -->","yoast_head_json":{"title":"Brasil albergar\u00e1 el primer centro de datos de TikTok en Am\u00e9rica Latina; comunidades ind\u00edgenas alertan sobre riesgos - TecnoArtesanos Tech Blog","robots":{"index":"index","follow":"follow","max-snippet":"max-snippet:-1","max-image-preview":"max-image-preview:large","max-video-preview":"max-video-preview:-1"},"canonical":"https:\/\/blog.tecnoartesanos.com\/index.php\/2025\/12\/04\/brasil-albergara-el-primer-centro-de-datos-de-tiktok-en-america-latina-comunidades-indigenas-alertan-sobre-riesgos\/","og_locale":"en_US","og_type":"article","og_title":"Brasil albergar\u00e1 el primer centro de datos de TikTok en Am\u00e9rica Latina; comunidades ind\u00edgenas alertan sobre riesgos - TecnoArtesanos Tech Blog","og_description":"TikTok construir\u00e1 su primer centro de datos en Latinoam\u00e9rica con una inversi\u00f3n superior a 200,000 millones de reales (cerca de 38,000 millones de d\u00f3lares). El complejo se ubicar\u00e1 en el Complejo Industrial y Portuario de Pec\u00e9m, en el estado de Cear\u00e1, Brasil, y operar\u00e1, seg\u00fan la plataforma china, con energ\u00eda 100% renovable proveniente de parques [&hellip;]","og_url":"https:\/\/blog.tecnoartesanos.com\/index.php\/2025\/12\/04\/brasil-albergara-el-primer-centro-de-datos-de-tiktok-en-america-latina-comunidades-indigenas-alertan-sobre-riesgos\/","og_site_name":"TecnoArtesanos Tech Blog","article_published_time":"2025-12-04T17:47:58+00:00","og_image":[{"url":"https:\/\/media.es.wired.com\/photos\/6931c8704af2e0f324fdda44\/master\/pass\/GettyImages-525707002.jpg","type":"","width":"","height":""}],"author":"Sergio Morales","twitter_card":"summary_large_image","twitter_misc":{"Written by":"Sergio Morales","Est. reading time":"4 minutes"},"schema":{"@context":"https:\/\/schema.org","@graph":[{"@type":"WebPage","@id":"https:\/\/blog.tecnoartesanos.com\/index.php\/2025\/12\/04\/brasil-albergara-el-primer-centro-de-datos-de-tiktok-en-america-latina-comunidades-indigenas-alertan-sobre-riesgos\/","url":"https:\/\/blog.tecnoartesanos.com\/index.php\/2025\/12\/04\/brasil-albergara-el-primer-centro-de-datos-de-tiktok-en-america-latina-comunidades-indigenas-alertan-sobre-riesgos\/","name":"Brasil albergar\u00e1 el primer centro de datos de TikTok en Am\u00e9rica Latina; comunidades ind\u00edgenas alertan sobre riesgos - TecnoArtesanos Tech Blog","isPartOf":{"@id":"https:\/\/blog.tecnoartesanos.com\/#website"},"primaryImageOfPage":{"@id":"https:\/\/blog.tecnoartesanos.com\/index.php\/2025\/12\/04\/brasil-albergara-el-primer-centro-de-datos-de-tiktok-en-america-latina-comunidades-indigenas-alertan-sobre-riesgos\/#primaryimage"},"image":{"@id":"https:\/\/blog.tecnoartesanos.com\/index.php\/2025\/12\/04\/brasil-albergara-el-primer-centro-de-datos-de-tiktok-en-america-latina-comunidades-indigenas-alertan-sobre-riesgos\/#primaryimage"},"thumbnailUrl":"https:\/\/blog.tecnoartesanos.com\/wp-content\/uploads\/2025\/12\/brasil-albergara-el-primer-centro-de-datos-de-tiktok-en-america-latina-comunidades-indigenas-alertan-sobre-riesgos.jpg","datePublished":"2025-12-04T17:47:58+00:00","author":{"@id":"https:\/\/blog.tecnoartesanos.com\/#\/schema\/person\/ec88bc1410fd158963717c4216f04807"},"breadcrumb":{"@id":"https:\/\/blog.tecnoartesanos.com\/index.php\/2025\/12\/04\/brasil-albergara-el-primer-centro-de-datos-de-tiktok-en-america-latina-comunidades-indigenas-alertan-sobre-riesgos\/#breadcrumb"},"inLanguage":"en-US","potentialAction":[{"@type":"ReadAction","target":["https:\/\/blog.tecnoartesanos.com\/index.php\/2025\/12\/04\/brasil-albergara-el-primer-centro-de-datos-de-tiktok-en-america-latina-comunidades-indigenas-alertan-sobre-riesgos\/"]}]},{"@type":"ImageObject","inLanguage":"en-US","@id":"https:\/\/blog.tecnoartesanos.com\/index.php\/2025\/12\/04\/brasil-albergara-el-primer-centro-de-datos-de-tiktok-en-america-latina-comunidades-indigenas-alertan-sobre-riesgos\/#primaryimage","url":"https:\/\/blog.tecnoartesanos.com\/wp-content\/uploads\/2025\/12\/brasil-albergara-el-primer-centro-de-datos-de-tiktok-en-america-latina-comunidades-indigenas-alertan-sobre-riesgos.jpg","contentUrl":"https:\/\/blog.tecnoartesanos.com\/wp-content\/uploads\/2025\/12\/brasil-albergara-el-primer-centro-de-datos-de-tiktok-en-america-latina-comunidades-indigenas-alertan-sobre-riesgos.jpg","width":775,"height":517},{"@type":"BreadcrumbList","@id":"https:\/\/blog.tecnoartesanos.com\/index.php\/2025\/12\/04\/brasil-albergara-el-primer-centro-de-datos-de-tiktok-en-america-latina-comunidades-indigenas-alertan-sobre-riesgos\/#breadcrumb","itemListElement":[{"@type":"ListItem","position":1,"name":"Home","item":"https:\/\/blog.tecnoartesanos.com\/"},{"@type":"ListItem","position":2,"name":"Brasil albergar\u00e1 el primer centro de datos de TikTok en Am\u00e9rica Latina; comunidades ind\u00edgenas alertan sobre riesgos"}]},{"@type":"WebSite","@id":"https:\/\/blog.tecnoartesanos.com\/#website","url":"https:\/\/blog.tecnoartesanos.com\/","name":"TecnoArtesanos Tech Blog","description":"","potentialAction":[{"@type":"SearchAction","target":{"@type":"EntryPoint","urlTemplate":"https:\/\/blog.tecnoartesanos.com\/?s={search_term_string}"},"query-input":{"@type":"PropertyValueSpecification","valueRequired":true,"valueName":"search_term_string"}}],"inLanguage":"en-US"},{"@type":"Person","@id":"https:\/\/blog.tecnoartesanos.com\/#\/schema\/person\/ec88bc1410fd158963717c4216f04807","name":"Sergio Morales","image":{"@type":"ImageObject","inLanguage":"en-US","@id":"https:\/\/blog.tecnoartesanos.com\/#\/schema\/person\/image\/","url":"https:\/\/secure.gravatar.com\/avatar\/3d45178fc8fbbe32d39278bc504fa9093f947f406ff4f1ddcfa27505ab772184?s=96&d=mm&r=g","contentUrl":"https:\/\/secure.gravatar.com\/avatar\/3d45178fc8fbbe32d39278bc504fa9093f947f406ff4f1ddcfa27505ab772184?s=96&d=mm&r=g","caption":"Sergio Morales"},"sameAs":["https:\/\/sergiomorales.space"],"url":"https:\/\/blog.tecnoartesanos.com\/index.php\/author\/sergiomorales\/"}]}},"_links":{"self":[{"href":"https:\/\/blog.tecnoartesanos.com\/index.php\/wp-json\/wp\/v2\/posts\/1967","targetHints":{"allow":["GET"]}}],"collection":[{"href":"https:\/\/blog.tecnoartesanos.com\/index.php\/wp-json\/wp\/v2\/posts"}],"about":[{"href":"https:\/\/blog.tecnoartesanos.com\/index.php\/wp-json\/wp\/v2\/types\/post"}],"author":[{"embeddable":true,"href":"https:\/\/blog.tecnoartesanos.com\/index.php\/wp-json\/wp\/v2\/users\/2"}],"replies":[{"embeddable":true,"href":"https:\/\/blog.tecnoartesanos.com\/index.php\/wp-json\/wp\/v2\/comments?post=1967"}],"version-history":[{"count":0,"href":"https:\/\/blog.tecnoartesanos.com\/index.php\/wp-json\/wp\/v2\/posts\/1967\/revisions"}],"wp:featuredmedia":[{"embeddable":true,"href":"https:\/\/blog.tecnoartesanos.com\/index.php\/wp-json\/wp\/v2\/media\/1968"}],"wp:attachment":[{"href":"https:\/\/blog.tecnoartesanos.com\/index.php\/wp-json\/wp\/v2\/media?parent=1967"}],"wp:term":[{"taxonomy":"category","embeddable":true,"href":"https:\/\/blog.tecnoartesanos.com\/index.php\/wp-json\/wp\/v2\/categories?post=1967"},{"taxonomy":"post_tag","embeddable":true,"href":"https:\/\/blog.tecnoartesanos.com\/index.php\/wp-json\/wp\/v2\/tags?post=1967"}],"curies":[{"name":"wp","href":"https:\/\/api.w.org\/{rel}","templated":true}]}}