{"id":1961,"date":"2025-12-02T14:56:18","date_gmt":"2025-12-02T14:56:18","guid":{"rendered":"http:\/\/692ef80146d45253fb7c69d9"},"modified":"2025-12-02T14:56:18","modified_gmt":"2025-12-02T14:56:18","slug":"por-que-los-noruegos-no-odian-a-tesla-como-lo-hace-el-resto-de-europa","status":"publish","type":"post","link":"https:\/\/blog.tecnoartesanos.com\/index.php\/2025\/12\/02\/por-que-los-noruegos-no-odian-a-tesla-como-lo-hace-el-resto-de-europa\/","title":{"rendered":"\u00bfPor qu\u00e9 los noruegos no odian a Tesla como lo hace el resto de Europa?"},"content":{"rendered":"<div class=\"media_block\"><img decoding=\"async\" src=\"https:\/\/media.es.wired.com\/photos\/692ef8013327563516a148c3\/master\/pass\/2230636176\" class=\"media_thumbnail\"><\/div>\n<p><strong>Las ventas de Tesla en Europa volvieron a caer en noviembre de 2025, confirmando una tendencia negativa que se prolonga desde hace m\u00e1s de un a\u00f1o.<\/strong> Datos publicados por <em>Reuters<\/em> muestran que las matriculaciones mensuales de autom\u00f3viles Tesla, una medida precisa de sus ventas, se redujeron a la mitad respecto al mismo mes de 2024 en los principales mercados del continente: un 58% menos en Francia, un 59% menos en Suecia y un 49% menos en Dinamarca. En Alemania, donde el fabricante controlado por Elon Musk tiene su \u00fanica planta europea, a las afueras de Berl\u00edn, solo se registraron 750 veh\u00edculos vendidos en octubre, menos de la mitad que un a\u00f1o antes.<\/p>\n<p><strong>La gran excepci\u00f3n a esta tendencia es Noruega, donde las matriculaciones de <a href=\"https:\/\/es.wired.com\/articulos\/el-tesla-model-y-y-el-model-3-estandar-son-mas-baratos-pero-siguen-sin-serlo\">autos Tesla<\/a> casi se triplicaron, alcanzando las 6,215 unidades.<\/strong> Las cifras acumuladas de los primeros diez meses de 2025 revelan una crisis estructural: Tesla perdi\u00f3 alrededor del 30% de sus ventas en Europa en comparaci\u00f3n con el mismo per\u00edodo de 2024, seg\u00fan datos de la Asociaci\u00f3n Europea de Fabricantes de Autom\u00f3viles, el principal organismo del sector en el continente. La cuota de mercado de la compa\u00f1\u00eda en el <a href=\"https:\/\/es.wired.com\/articulos\/por-que-todavia-no-existe-el-mercado-de-segunda-mano-de-autos-electricos\">segmento de veh\u00edculos el\u00e9ctricos (VE)<\/a> descendi\u00f3 del 12.6% en mayo de 2024 al 7.2% en mayo de 2025, de acuerdo con un an\u00e1lisis de Schmidt Automotive.<\/p>\n<p>Volkswagen ha tomado la delantera entre <a href=\"https:\/\/es.wired.com\/articulos\/que-opinan-los-expertos-del-presente-y-el-futuro-de-las-baterias-para-vehiculos-electricos\">los fabricantes de VE<\/a> al vender 133,465 unidades en los primeros seis meses del a\u00f1o, frente a las 108,878 de Tesla. Adem\u00e1s, el fabricante chino BYD vendi\u00f3 m\u00e1s del doble que su rival estadounidense solo en octubre.<\/p>\n<hr>\n<div class=\"ContentCardEmbedWrapper-kFpFGN dpdjmB content-card-embed content-card-embed--stacked\" data-testid=\"ContentCardEmbedWrapper\" readability=\"23.353293413174\">\n<div class=\"ContentCardEmbedImage-iBIXcR jiOHKG content-card-embed__image\" data-testid=\"ContentCardEmbedImage\"><span class=\"SpanWrapper-zEXFr koTknX responsive-asset\"><picture class=\"ResponsiveImagePicture-cGZhnX jwYQWO responsive-image\"><img decoding=\"async\" alt=\"Una persona est\u00e1 enchufando un veh\u00edculo el\u00e9ctrico para cargarlo en un aparcamiento privado, con la escena iluminada dram\u00e1ticamente en tonos azules.\" loading=\"lazy\" class=\"ResponsiveImageContainer-eNxvmU cfBbTk responsive-image__image\" srcset=\"https:\/\/media.es.wired.com\/photos\/6914e88e3f391fcda672bc96\/master\/w_120,c_limit\/GettyImages-2240728081.jpg 120w, https:\/\/media.es.wired.com\/photos\/6914e88e3f391fcda672bc96\/master\/w_240,c_limit\/GettyImages-2240728081.jpg 240w, https:\/\/media.es.wired.com\/photos\/6914e88e3f391fcda672bc96\/master\/w_320,c_limit\/GettyImages-2240728081.jpg 320w, https:\/\/media.es.wired.com\/photos\/6914e88e3f391fcda672bc96\/master\/w_640,c_limit\/GettyImages-2240728081.jpg 640w\" sizes=\"100vw\" src=\"https:\/\/media.es.wired.com\/photos\/6914e88e3f391fcda672bc96\/master\/w_775%2Cc_limit\/GettyImages-2240728081.jpg\"><\/picture><\/span><\/div>\n<div class=\"ContentCardEmbedInfo-bSBhwc IbulD\" readability=\"25.149700598802\">\n<div class=\"BaseWrap-sc-gzmcOU BaseText-eqOrNE ContentCardEmbedHed-kuAbUL deqABF jkWAvF fPZrfS content-card-embed__hed\" data-testid=\"ContentCardEmbedHed\"><a class=\"BaseWrap-sc-gzmcOU BaseText-eqOrNE BaseLink-eTpkqh ContentCardEmbedHedLink-kqBDz deqABF jkWAvF dsRLul hMqJdP content-card-embed__hed-link\" href=\"https:\/\/es.wired.com\/articulos\/que-opinan-los-expertos-del-presente-y-el-futuro-de-las-baterias-para-vehiculos-electricos\" data-testid=\"ContentCardEmbedHedLink\">Qu\u00e9 opinan los expertos del presente y el futuro de las bater\u00edas para veh\u00edculos el\u00e9ctricos<\/a><\/div>\n<p>Todos los d\u00edas se producen grandes avances en el campo de las bater\u00edas, pero solo una parte de esa tecnolog\u00eda sale del laboratorio. WIRED analiza lo que realmente va a cambiar los veh\u00edculos el\u00e9ctricos y lo que no es m\u00e1s que un sue\u00f1o.<\/p>\n<\/div>\n<\/div>\n<hr>\n<h2>Ondas de choque globales<\/h2>\n<p>Las razones del declive son m\u00faltiples. Las posturas pol\u00edticas de Musk han alejado a una parte significativa de su clientela europea, especialmente en Alemania, donde el empresario ha apoyado p\u00fablicamente a <a href=\"https:\/\/es.wired.com\/articulos\/elon-musk-y-la-lider-de-un-partido-de-extrema-derecha-alemana-dicen-que-hitler-era-comunista\">Alternativa para Alemania (AfD)<\/a>. La participaci\u00f3n virtual de Musk en un mitin electoral de AfD en enero de 2025, durante el cual inst\u00f3 a los alemanes a superar la culpa por su pasado nazi, desencaden\u00f3 una ola de boicots. Empresas alemanas como la cadena de farmacias Rossmann y el grupo energ\u00e9tico LichtBlick anunciaron la desinversi\u00f3n de sus flotas de Tesla, mientras que en Polonia, el ministro de Deportes, Slawomir Nitras, inst\u00f3 a la ciudadan\u00eda a rechazar la marca.<\/p>\n<p>Adem\u00e1s, la competencia se ha vuelto cada vez m\u00e1s feroz. M\u00e1s de 150 modelos el\u00e9ctricos producidos por fabricantes europeos, chinos, coreanos y japoneses est\u00e1n disponibles en el mercado europeo. Como informa <em>Reuters,<\/em> una encuesta realizada por Escalent a m\u00e1s de 2,000 compradores en los cinco mayores mercados automovil\u00edsticos europeos revel\u00f3 que el 38% de los encuestados cree que <a href=\"https:\/\/es.wired.com\/articulos\/toxicidad-de-elon-musk-podria-traer-el-desastre-a-tesla\">la marca Tesla<\/a> ha perdido su aura de novedad y calidad.<\/p>\n<h2>Razones noruegas<\/h2>\n<p>En Noruega, sin embargo, los datos muestran una historia diferente. <strong>Tesla vendi\u00f3 m\u00e1s autos en el pa\u00eds escandinavo en 2025 que cualquier otro fabricante en la historia del pa\u00eds<\/strong>, superando el r\u00e9cord anterior establecido por Volkswagen en 2016. Seg\u00fan informa <em>Reuters<\/em>, los datos publicados el 1 de diciembre por la Federaci\u00f3n Noruega de Carreteras, el organismo que supervisa el tr\u00e1fico vial noruego, muestran que Tesla matricul\u00f3 28,606 veh\u00edculos entre enero y noviembre, lo que supone un aumento del 34.6% con respecto al mismo periodo de 2024. Tesla ahora posee el 31.2% de todo el <a href=\"https:\/\/es.wired.com\/articulos\/las-ventas-de-los-vehiculos-electricos-en-ee-uu-podrian-caer-hacia-2026\">mercado automovil\u00edstico<\/a> noruego.<\/p>\n<p>El \u00e9xito se debe a factores muy espec\u00edficos. Noruega es el pa\u00eds con la mayor penetraci\u00f3n de veh\u00edculos el\u00e9ctricos del mundo: en noviembre, el 97.6% de las nuevas matriculaciones correspondieron a veh\u00edculos de bater\u00eda. Este r\u00e9cord se debe a un sistema de incentivos desarrollado durante m\u00e1s de dos d\u00e9cadas que ha abaratado los modelos el\u00e9ctricos en comparaci\u00f3n con los convencionales gracias a una exenci\u00f3n del IVA del 25% para autos con un precio inferior a 500,000 coronas noruegas; esto equivale a unos 42,500 euros o 49,360 d\u00f3lares.<\/p>\n<p>Sin embargo, el aumento repentino de noviembre tambi\u00e9n debe interpretarse a la luz de un cambio inminente. El gobierno de Oslo anunci\u00f3 en el presupuesto de 2026 su intenci\u00f3n de reducir la exenci\u00f3n fiscal a 300,000 coronas a partir del pr\u00f3ximo a\u00f1o y luego eliminar el beneficio por completo en 2027. Por lo tanto, los consumidores noruegos se han apresurado a completar sus compras antes de que las nuevas normas entren en vigor.<\/p>\n<p><em>Art\u00edculo originalmente publicado en<\/em> <a href=\"https:\/\/www.wired.it\/article\/tesla-le-vendite-continuano-a-crollare-in-europa-tranne-in-norvegia\/\">WIRED Italia.<\/a> <em>Adaptado por Alondra Flores.<\/em><\/p>\n","protected":false},"excerpt":{"rendered":"<p>Las ventas de Tesla en Europa volvieron a caer en noviembre de 2025, confirmando una tendencia negativa que se prolonga desde hace m\u00e1s de un a\u00f1o. Datos publicados por Reuters muestran que las matriculaciones mensuales de autom\u00f3viles Tesla, una medida precisa de sus ventas, se redujeron a la mitad respecto al mismo mes de 2024 [&hellip;]<\/p>\n","protected":false},"author":2,"featured_media":1962,"comment_status":"closed","ping_status":"closed","sticky":false,"template":"","format":"standard","meta":{"footnotes":""},"categories":[1],"tags":[],"class_list":["post-1961","post","type-post","status-publish","format-standard","has-post-thumbnail","hentry","category-technology"],"yoast_head":"<!-- This site is optimized with the Yoast SEO plugin v24.5 - https:\/\/yoast.com\/wordpress\/plugins\/seo\/ -->\n<title>\u00bfPor qu\u00e9 los noruegos no odian a Tesla como lo hace el resto de Europa? - TecnoArtesanos Tech Blog<\/title>\n<meta name=\"robots\" content=\"index, follow, max-snippet:-1, max-image-preview:large, max-video-preview:-1\" \/>\n<link rel=\"canonical\" href=\"https:\/\/blog.tecnoartesanos.com\/index.php\/2025\/12\/02\/por-que-los-noruegos-no-odian-a-tesla-como-lo-hace-el-resto-de-europa\/\" \/>\n<meta property=\"og:locale\" content=\"en_US\" \/>\n<meta property=\"og:type\" content=\"article\" \/>\n<meta property=\"og:title\" content=\"\u00bfPor qu\u00e9 los noruegos no odian a Tesla como lo hace el resto de Europa? - TecnoArtesanos Tech Blog\" \/>\n<meta property=\"og:description\" content=\"Las ventas de Tesla en Europa volvieron a caer en noviembre de 2025, confirmando una tendencia negativa que se prolonga desde hace m\u00e1s de un a\u00f1o. Datos publicados por Reuters muestran que las matriculaciones mensuales de autom\u00f3viles Tesla, una medida precisa de sus ventas, se redujeron a la mitad respecto al mismo mes de 2024 [&hellip;]\" \/>\n<meta property=\"og:url\" content=\"https:\/\/blog.tecnoartesanos.com\/index.php\/2025\/12\/02\/por-que-los-noruegos-no-odian-a-tesla-como-lo-hace-el-resto-de-europa\/\" \/>\n<meta property=\"og:site_name\" content=\"TecnoArtesanos Tech Blog\" \/>\n<meta property=\"article:published_time\" content=\"2025-12-02T14:56:18+00:00\" \/>\n<meta property=\"og:image\" content=\"https:\/\/media.es.wired.com\/photos\/692ef8013327563516a148c3\/master\/pass\/2230636176\" \/>\n<meta name=\"author\" content=\"Sergio Morales\" \/>\n<meta name=\"twitter:card\" content=\"summary_large_image\" \/>\n<meta name=\"twitter:label1\" content=\"Written by\" \/>\n\t<meta name=\"twitter:data1\" content=\"Sergio Morales\" \/>\n\t<meta name=\"twitter:label2\" content=\"Est. reading time\" \/>\n\t<meta name=\"twitter:data2\" content=\"4 minutes\" \/>\n<script type=\"application\/ld+json\" class=\"yoast-schema-graph\">{\"@context\":\"https:\/\/schema.org\",\"@graph\":[{\"@type\":\"WebPage\",\"@id\":\"https:\/\/blog.tecnoartesanos.com\/index.php\/2025\/12\/02\/por-que-los-noruegos-no-odian-a-tesla-como-lo-hace-el-resto-de-europa\/\",\"url\":\"https:\/\/blog.tecnoartesanos.com\/index.php\/2025\/12\/02\/por-que-los-noruegos-no-odian-a-tesla-como-lo-hace-el-resto-de-europa\/\",\"name\":\"\u00bfPor qu\u00e9 los noruegos no odian a Tesla como lo hace el resto de Europa? - TecnoArtesanos Tech Blog\",\"isPartOf\":{\"@id\":\"https:\/\/blog.tecnoartesanos.com\/#website\"},\"primaryImageOfPage\":{\"@id\":\"https:\/\/blog.tecnoartesanos.com\/index.php\/2025\/12\/02\/por-que-los-noruegos-no-odian-a-tesla-como-lo-hace-el-resto-de-europa\/#primaryimage\"},\"image\":{\"@id\":\"https:\/\/blog.tecnoartesanos.com\/index.php\/2025\/12\/02\/por-que-los-noruegos-no-odian-a-tesla-como-lo-hace-el-resto-de-europa\/#primaryimage\"},\"thumbnailUrl\":\"https:\/\/blog.tecnoartesanos.com\/wp-content\/uploads\/2025\/12\/por-que-los-noruegos-no-odian-a-tesla-como-lo-hace-el-resto-de-europa.jpg\",\"datePublished\":\"2025-12-02T14:56:18+00:00\",\"author\":{\"@id\":\"https:\/\/blog.tecnoartesanos.com\/#\/schema\/person\/ec88bc1410fd158963717c4216f04807\"},\"breadcrumb\":{\"@id\":\"https:\/\/blog.tecnoartesanos.com\/index.php\/2025\/12\/02\/por-que-los-noruegos-no-odian-a-tesla-como-lo-hace-el-resto-de-europa\/#breadcrumb\"},\"inLanguage\":\"en-US\",\"potentialAction\":[{\"@type\":\"ReadAction\",\"target\":[\"https:\/\/blog.tecnoartesanos.com\/index.php\/2025\/12\/02\/por-que-los-noruegos-no-odian-a-tesla-como-lo-hace-el-resto-de-europa\/\"]}]},{\"@type\":\"ImageObject\",\"inLanguage\":\"en-US\",\"@id\":\"https:\/\/blog.tecnoartesanos.com\/index.php\/2025\/12\/02\/por-que-los-noruegos-no-odian-a-tesla-como-lo-hace-el-resto-de-europa\/#primaryimage\",\"url\":\"https:\/\/blog.tecnoartesanos.com\/wp-content\/uploads\/2025\/12\/por-que-los-noruegos-no-odian-a-tesla-como-lo-hace-el-resto-de-europa.jpg\",\"contentUrl\":\"https:\/\/blog.tecnoartesanos.com\/wp-content\/uploads\/2025\/12\/por-que-los-noruegos-no-odian-a-tesla-como-lo-hace-el-resto-de-europa.jpg\",\"width\":775,\"height\":517},{\"@type\":\"BreadcrumbList\",\"@id\":\"https:\/\/blog.tecnoartesanos.com\/index.php\/2025\/12\/02\/por-que-los-noruegos-no-odian-a-tesla-como-lo-hace-el-resto-de-europa\/#breadcrumb\",\"itemListElement\":[{\"@type\":\"ListItem\",\"position\":1,\"name\":\"Home\",\"item\":\"https:\/\/blog.tecnoartesanos.com\/\"},{\"@type\":\"ListItem\",\"position\":2,\"name\":\"\u00bfPor qu\u00e9 los noruegos no odian a Tesla como lo hace el resto de Europa?\"}]},{\"@type\":\"WebSite\",\"@id\":\"https:\/\/blog.tecnoartesanos.com\/#website\",\"url\":\"https:\/\/blog.tecnoartesanos.com\/\",\"name\":\"TecnoArtesanos Tech Blog\",\"description\":\"\",\"potentialAction\":[{\"@type\":\"SearchAction\",\"target\":{\"@type\":\"EntryPoint\",\"urlTemplate\":\"https:\/\/blog.tecnoartesanos.com\/?s={search_term_string}\"},\"query-input\":{\"@type\":\"PropertyValueSpecification\",\"valueRequired\":true,\"valueName\":\"search_term_string\"}}],\"inLanguage\":\"en-US\"},{\"@type\":\"Person\",\"@id\":\"https:\/\/blog.tecnoartesanos.com\/#\/schema\/person\/ec88bc1410fd158963717c4216f04807\",\"name\":\"Sergio Morales\",\"image\":{\"@type\":\"ImageObject\",\"inLanguage\":\"en-US\",\"@id\":\"https:\/\/blog.tecnoartesanos.com\/#\/schema\/person\/image\/\",\"url\":\"https:\/\/secure.gravatar.com\/avatar\/3d45178fc8fbbe32d39278bc504fa9093f947f406ff4f1ddcfa27505ab772184?s=96&d=mm&r=g\",\"contentUrl\":\"https:\/\/secure.gravatar.com\/avatar\/3d45178fc8fbbe32d39278bc504fa9093f947f406ff4f1ddcfa27505ab772184?s=96&d=mm&r=g\",\"caption\":\"Sergio Morales\"},\"sameAs\":[\"https:\/\/sergiomorales.space\"],\"url\":\"https:\/\/blog.tecnoartesanos.com\/index.php\/author\/sergiomorales\/\"}]}<\/script>\n<!-- \/ Yoast SEO plugin. -->","yoast_head_json":{"title":"\u00bfPor qu\u00e9 los noruegos no odian a Tesla como lo hace el resto de Europa? - TecnoArtesanos Tech Blog","robots":{"index":"index","follow":"follow","max-snippet":"max-snippet:-1","max-image-preview":"max-image-preview:large","max-video-preview":"max-video-preview:-1"},"canonical":"https:\/\/blog.tecnoartesanos.com\/index.php\/2025\/12\/02\/por-que-los-noruegos-no-odian-a-tesla-como-lo-hace-el-resto-de-europa\/","og_locale":"en_US","og_type":"article","og_title":"\u00bfPor qu\u00e9 los noruegos no odian a Tesla como lo hace el resto de Europa? - TecnoArtesanos Tech Blog","og_description":"Las ventas de Tesla en Europa volvieron a caer en noviembre de 2025, confirmando una tendencia negativa que se prolonga desde hace m\u00e1s de un a\u00f1o. Datos publicados por Reuters muestran que las matriculaciones mensuales de autom\u00f3viles Tesla, una medida precisa de sus ventas, se redujeron a la mitad respecto al mismo mes de 2024 [&hellip;]","og_url":"https:\/\/blog.tecnoartesanos.com\/index.php\/2025\/12\/02\/por-que-los-noruegos-no-odian-a-tesla-como-lo-hace-el-resto-de-europa\/","og_site_name":"TecnoArtesanos Tech Blog","article_published_time":"2025-12-02T14:56:18+00:00","og_image":[{"url":"https:\/\/media.es.wired.com\/photos\/692ef8013327563516a148c3\/master\/pass\/2230636176","type":"","width":"","height":""}],"author":"Sergio Morales","twitter_card":"summary_large_image","twitter_misc":{"Written by":"Sergio Morales","Est. reading time":"4 minutes"},"schema":{"@context":"https:\/\/schema.org","@graph":[{"@type":"WebPage","@id":"https:\/\/blog.tecnoartesanos.com\/index.php\/2025\/12\/02\/por-que-los-noruegos-no-odian-a-tesla-como-lo-hace-el-resto-de-europa\/","url":"https:\/\/blog.tecnoartesanos.com\/index.php\/2025\/12\/02\/por-que-los-noruegos-no-odian-a-tesla-como-lo-hace-el-resto-de-europa\/","name":"\u00bfPor qu\u00e9 los noruegos no odian a Tesla como lo hace el resto de Europa? - TecnoArtesanos Tech Blog","isPartOf":{"@id":"https:\/\/blog.tecnoartesanos.com\/#website"},"primaryImageOfPage":{"@id":"https:\/\/blog.tecnoartesanos.com\/index.php\/2025\/12\/02\/por-que-los-noruegos-no-odian-a-tesla-como-lo-hace-el-resto-de-europa\/#primaryimage"},"image":{"@id":"https:\/\/blog.tecnoartesanos.com\/index.php\/2025\/12\/02\/por-que-los-noruegos-no-odian-a-tesla-como-lo-hace-el-resto-de-europa\/#primaryimage"},"thumbnailUrl":"https:\/\/blog.tecnoartesanos.com\/wp-content\/uploads\/2025\/12\/por-que-los-noruegos-no-odian-a-tesla-como-lo-hace-el-resto-de-europa.jpg","datePublished":"2025-12-02T14:56:18+00:00","author":{"@id":"https:\/\/blog.tecnoartesanos.com\/#\/schema\/person\/ec88bc1410fd158963717c4216f04807"},"breadcrumb":{"@id":"https:\/\/blog.tecnoartesanos.com\/index.php\/2025\/12\/02\/por-que-los-noruegos-no-odian-a-tesla-como-lo-hace-el-resto-de-europa\/#breadcrumb"},"inLanguage":"en-US","potentialAction":[{"@type":"ReadAction","target":["https:\/\/blog.tecnoartesanos.com\/index.php\/2025\/12\/02\/por-que-los-noruegos-no-odian-a-tesla-como-lo-hace-el-resto-de-europa\/"]}]},{"@type":"ImageObject","inLanguage":"en-US","@id":"https:\/\/blog.tecnoartesanos.com\/index.php\/2025\/12\/02\/por-que-los-noruegos-no-odian-a-tesla-como-lo-hace-el-resto-de-europa\/#primaryimage","url":"https:\/\/blog.tecnoartesanos.com\/wp-content\/uploads\/2025\/12\/por-que-los-noruegos-no-odian-a-tesla-como-lo-hace-el-resto-de-europa.jpg","contentUrl":"https:\/\/blog.tecnoartesanos.com\/wp-content\/uploads\/2025\/12\/por-que-los-noruegos-no-odian-a-tesla-como-lo-hace-el-resto-de-europa.jpg","width":775,"height":517},{"@type":"BreadcrumbList","@id":"https:\/\/blog.tecnoartesanos.com\/index.php\/2025\/12\/02\/por-que-los-noruegos-no-odian-a-tesla-como-lo-hace-el-resto-de-europa\/#breadcrumb","itemListElement":[{"@type":"ListItem","position":1,"name":"Home","item":"https:\/\/blog.tecnoartesanos.com\/"},{"@type":"ListItem","position":2,"name":"\u00bfPor qu\u00e9 los noruegos no odian a Tesla como lo hace el resto de Europa?"}]},{"@type":"WebSite","@id":"https:\/\/blog.tecnoartesanos.com\/#website","url":"https:\/\/blog.tecnoartesanos.com\/","name":"TecnoArtesanos Tech Blog","description":"","potentialAction":[{"@type":"SearchAction","target":{"@type":"EntryPoint","urlTemplate":"https:\/\/blog.tecnoartesanos.com\/?s={search_term_string}"},"query-input":{"@type":"PropertyValueSpecification","valueRequired":true,"valueName":"search_term_string"}}],"inLanguage":"en-US"},{"@type":"Person","@id":"https:\/\/blog.tecnoartesanos.com\/#\/schema\/person\/ec88bc1410fd158963717c4216f04807","name":"Sergio Morales","image":{"@type":"ImageObject","inLanguage":"en-US","@id":"https:\/\/blog.tecnoartesanos.com\/#\/schema\/person\/image\/","url":"https:\/\/secure.gravatar.com\/avatar\/3d45178fc8fbbe32d39278bc504fa9093f947f406ff4f1ddcfa27505ab772184?s=96&d=mm&r=g","contentUrl":"https:\/\/secure.gravatar.com\/avatar\/3d45178fc8fbbe32d39278bc504fa9093f947f406ff4f1ddcfa27505ab772184?s=96&d=mm&r=g","caption":"Sergio Morales"},"sameAs":["https:\/\/sergiomorales.space"],"url":"https:\/\/blog.tecnoartesanos.com\/index.php\/author\/sergiomorales\/"}]}},"_links":{"self":[{"href":"https:\/\/blog.tecnoartesanos.com\/index.php\/wp-json\/wp\/v2\/posts\/1961","targetHints":{"allow":["GET"]}}],"collection":[{"href":"https:\/\/blog.tecnoartesanos.com\/index.php\/wp-json\/wp\/v2\/posts"}],"about":[{"href":"https:\/\/blog.tecnoartesanos.com\/index.php\/wp-json\/wp\/v2\/types\/post"}],"author":[{"embeddable":true,"href":"https:\/\/blog.tecnoartesanos.com\/index.php\/wp-json\/wp\/v2\/users\/2"}],"replies":[{"embeddable":true,"href":"https:\/\/blog.tecnoartesanos.com\/index.php\/wp-json\/wp\/v2\/comments?post=1961"}],"version-history":[{"count":0,"href":"https:\/\/blog.tecnoartesanos.com\/index.php\/wp-json\/wp\/v2\/posts\/1961\/revisions"}],"wp:featuredmedia":[{"embeddable":true,"href":"https:\/\/blog.tecnoartesanos.com\/index.php\/wp-json\/wp\/v2\/media\/1962"}],"wp:attachment":[{"href":"https:\/\/blog.tecnoartesanos.com\/index.php\/wp-json\/wp\/v2\/media?parent=1961"}],"wp:term":[{"taxonomy":"category","embeddable":true,"href":"https:\/\/blog.tecnoartesanos.com\/index.php\/wp-json\/wp\/v2\/categories?post=1961"},{"taxonomy":"post_tag","embeddable":true,"href":"https:\/\/blog.tecnoartesanos.com\/index.php\/wp-json\/wp\/v2\/tags?post=1961"}],"curies":[{"name":"wp","href":"https:\/\/api.w.org\/{rel}","templated":true}]}}