{"id":1174,"date":"2025-07-10T15:19:40","date_gmt":"2025-07-10T15:19:40","guid":{"rendered":"http:\/\/686fcd25322f374dc3e1421c"},"modified":"2025-07-10T15:19:40","modified_gmt":"2025-07-10T15:19:40","slug":"musk-dice-que-grok-llegara-a-los-tesla-para-dotarlos-de-ia","status":"publish","type":"post","link":"https:\/\/blog.tecnoartesanos.com\/index.php\/2025\/07\/10\/musk-dice-que-grok-llegara-a-los-tesla-para-dotarlos-de-ia\/","title":{"rendered":"Musk dice que Grok llegar\u00e1 a los Tesla para dotarlos de IA"},"content":{"rendered":"<div class=\"media_block\"><img decoding=\"async\" src=\"https:\/\/media.es.wired.com\/photos\/686fcd259057210c2e5a9a08\/master\/pass\/groktopart.png\" class=\"media_thumbnail\"><\/div>\n<p>&#8220;Grok llegar\u00e1 a los veh\u00edculos Tesla muy pronto. La semana que viene como muy tarde&#8221;, tuite\u00f3 Elon Musk a finales de esta semana. La marca de veh\u00edculos el\u00e9ctricos (VE) se pondr\u00eda as\u00ed a la altura de Mercedes-Benz y Volkswagen, que ya han integrado ChatGPT en sus veh\u00edculos como asistentes de voz.<\/p>\n<p>El anuncio se produce despu\u00e9s de la transmisi\u00f3n en vivo que Musk realiz\u00f3 a \u00faltima hora con sus colegas de xAI, en la que el multimillonario <a href=\"https:\/\/es.wired.com\/articulos\/asi-es-grok-el-chatbot-con-el-que-elon-musk-pretende-derrotar-a-chatgpt\">present\u00f3 Grok<\/a> 4, el \u00faltimo modelo de IA de xAI, su multimillonaria iniciativa para <a href=\"https:\/\/es.wired.com\/articulos\/openai-cierra-acuerdo-con-google-en-medio-de-tensiones-con-microsoft\">rivalizar con OpenAI y Google<\/a>.<\/p>\n<hr>\n<div class=\"ContentCardEmbedWrapper-kULtsE iGAJsG content-card-embed content-card-embed--stacked\" data-testid=\"ContentCardEmbedWrapper\" readability=\"25.777777777778\">\n<div class=\"ContentCardEmbedImage-iwqgVw jlIubp content-card-embed__image\" data-testid=\"ContentCardEmbedImage\"><span class=\"SpanWrapper-umhxW cudDwW responsive-asset\"><picture class=\"ResponsiveImagePicture-cWuUZO dUOtEa responsive-image\"><img decoding=\"async\" alt=\"Elon Musk asisten a una rueda de prensa con el presidente de EEUU, Donald Trump. \" class=\"ResponsiveImageContainer-eybHBd fptoWY responsive-image__image\" src=\"https:\/\/media.es.wired.com\/photos\/685ad0a34c5f7651aaa57b1f\/master\/w_775%2Cc_limit\/elon-no-computer-biz-2217126145.jpg\" srcset=\"https:\/\/media.es.wired.com\/photos\/685ad0a34c5f7651aaa57b1f\/master\/w_120,c_limit\/elon-no-computer-biz-2217126145.jpg 120w, https:\/\/media.es.wired.com\/photos\/685ad0a34c5f7651aaa57b1f\/master\/w_240,c_limit\/elon-no-computer-biz-2217126145.jpg 240w, https:\/\/media.es.wired.com\/photos\/685ad0a34c5f7651aaa57b1f\/master\/w_320,c_limit\/elon-no-computer-biz-2217126145.jpg 320w, https:\/\/media.es.wired.com\/photos\/685ad0a34c5f7651aaa57b1f\/master\/w_640,c_limit\/elon-no-computer-biz-2217126145.jpg 640w\" sizes=\"100vw\"><\/picture><\/span><\/div>\n<div class=\"ContentCardEmbedInfo-bDftKl bGnSrq\" readability=\"27.388888888889\">\n<div class=\"BaseWrap-sc-gjQpdd BaseText-ewhhUZ ContentCardEmbedHed-kJVPGC iUEiRd cekThb cewqFA content-card-embed__hed\" data-testid=\"ContentCardEmbedHed\"><a class=\"BaseWrap-sc-gjQpdd BaseText-ewhhUZ BaseLink-eNWuiM ContentCardEmbedHedLink-eXLwe iUEiRd cekThb gqhxzW eFUKSb content-card-embed__hed-link\" href=\"https:\/\/es.wired.com\/articulos\/los-abogados-de-musk-alegan-que-el-no-usa-computadora\" data-testid=\"ContentCardEmbedHedLink\">Los abogados de Musk alegan que \u00e9l &#8220;no usa computadora&#8221;<\/a><\/div>\n<p>La afirmaci\u00f3n apareci\u00f3 en una presentaci\u00f3n judicial relacionada con la demanda en curso de Elon Musk contra Sam Altman y OpenAI. El propietario de Tesla y xAI ha publicado acerca su computadora numerosas veces en el \u00faltimo a\u00f1o.<\/p>\n<\/div>\n<\/div>\n<hr>\n<h2>El momento elegido no es el mejor para Musk<\/h2>\n<p>En los \u00faltimos d\u00edas, una versi\u00f3n de Grok integrada en la plataforma de redes sociales X de Musk elogiaba a Adolf Hitler y ofrec\u00eda respuestas antisemitas a m\u00faltiples preguntas de los usuarios de X. <strong>A mediados de la semana, la CEO de X, <a href=\"https:\/\/es.wired.com\/articulos\/renuncia-la-ceo-de-x-linda-yaccarino-en-medio-de-acusaciones-de-antisemitismo-contra-grok\">Linda Yaccarino,<\/a> renunci\u00f3 a la empresa sin explicar sus motivos ni sus planes.<\/strong><\/p>\n<p>Queda por ver si Musk puede cumplir su promesa de tener Telsas impulsados por Grok circulando por las calles tan poco tiempo despu\u00e9s de su declaraci\u00f3n, sobre todo teniendo en cuenta todos los problemas que ha tenido para cumplir sus promesas en el pasado.<\/p>\n<p><a href=\"https:\/\/es.wired.com\/branded\/articulos\/mercedes-benz-lead-intelligence-tecnologia-inteligente-que-ha-creado-una-nueva-definicion-de-automovil\">Mercedes-Benz<\/a> fue una de las primeras en adoptar los grandes modelos de lenguaje (LLM) en sus autos, integrando ChatGPT en el control por voz de sus modelos el a\u00f1o pasado a trav\u00e9s de la funci\u00f3n &#8220;Hey Mercedes&#8221; del asistente de voz MBUX. A continuaci\u00f3n, despleg\u00f3 en millones de veh\u00edculos una funci\u00f3n de &#8220;conocimientos generales&#8221; que utiliza el <em>chatbot<\/em> de OpenAI.<\/p>\n<p>En enero, <strong>Mercedes anunci\u00f3 una nueva funci\u00f3n de IA con la que el fabricante de autom\u00f3viles alem\u00e1n lanz\u00f3 una funci\u00f3n de &#8220;navegaci\u00f3n conversacional&#8221;<\/strong> impulsada por Google Automotive AI Agent con su <a href=\"https:\/\/es.wired.com\/articulos\/gemini-ahora-ve-lo-que-haces-en-la-pantalla-del-smartphone-e-interactua-con-ese-contenido\"><em>chatbot<\/em> Gemini.<\/a> La actualizaci\u00f3n permite consultas mucho m\u00e1s conversacionales, pasando de &#8220;Encu\u00e9ntrame el restaurante indio m\u00e1s cercano&#8221; a preguntas como &#8220;Oye Mercedes, tengo un poco de hambre. \u00bfAlguna sugerencia para cenar?&#8221;.<\/p>\n<h2>Se desconoce c\u00f3mo ser\u00e1 Grok en los Teslas<\/h2>\n<p>Afortunadamente, en respuesta al <a href=\"https:\/\/es.wired.com\/articulos\/grok-esta-vomitando-basura-antisemita-en-x\">discurso antisemita del <em>chatbot<\/em><\/a>, xAI declar\u00f3 que pondr\u00eda en marcha iniciativas que &#8220;prohibir\u00edan el <a href=\"https:\/\/es.wired.com\/articulos\/sin-fact-checking-y-con-mas-discurso-de-odio-meta-se-vuelve-maga\">discurso de odio<\/a> antes de que Grok publique en X&#8221;. Con suerte, esto significar\u00e1 que <a href=\"https:\/\/es.wired.com\/articulos\/toxicidad-de-elon-musk-podria-traer-el-desastre-a-tesla\">los propietarios de un Tesla<\/a> no se ver\u00e1n sometidos a la doctrina nazi de su fiel veh\u00edculo el\u00e9ctrico cuando pregunten si hay carne decente en las cercan\u00edas.<\/p>\n<p><strong>Tampoco est\u00e1 claro si los propietarios de Tesla tendr\u00e1n que pagar por el acceso a Grok en sus VE, o cu\u00e1nto podr\u00eda costar.<\/strong> Mientras que la versi\u00f3n del <em>chatbot<\/em> en el X es gratuita, los usuarios tendr\u00e1n que pagar 30 d\u00f3lares al mes por el acceso a Grok 4 a trav\u00e9s de la p\u00e1gina web o la aplicaci\u00f3n de Grok. Y el acceso a una versi\u00f3n m\u00e1s capaz conocida como Grok 4 Heavy costar\u00e1 mucho m\u00e1s, 300 d\u00f3lares al mes.<\/p>\n<p>Por supuesto, si los propietarios de Tesla no desean utilizar el Grok de Musk en sus Teslas, tendr\u00e1n otras opciones en el auto, gracias al navegador web de la marca. Esto permite acceder a rivales de Grok como <a href=\"https:\/\/es.wired.com\/articulos\/claude-3-anthropic-libera-nueva-inteligencia-artificial\">Claude de Anthropic<\/a>, as\u00ed como potencialmente al propio navegador de Open AI, que tambi\u00e9n podr\u00eda salir a la luz en cuesti\u00f3n de semanas.<\/p>\n<p><em>Art\u00edculo originalmente publicado en<\/em> <a href=\"https:\/\/www.wired.com\/story\/elon-musk-says-grok-is-coming-to-tesla-evs\/\">WIRED.<\/a> <em>Adaptado por Alondra Flores.<\/em><\/p>\n","protected":false},"excerpt":{"rendered":"<p>&#8220;Grok llegar\u00e1 a los veh\u00edculos Tesla muy pronto. La semana que viene como muy tarde&#8221;, tuite\u00f3 Elon Musk a finales de esta semana. La marca de veh\u00edculos el\u00e9ctricos (VE) se pondr\u00eda as\u00ed a la altura de Mercedes-Benz y Volkswagen, que ya han integrado ChatGPT en sus veh\u00edculos como asistentes de voz. El anuncio se produce [&hellip;]<\/p>\n","protected":false},"author":2,"featured_media":1175,"comment_status":"closed","ping_status":"closed","sticky":false,"template":"","format":"standard","meta":{"footnotes":""},"categories":[1],"tags":[],"class_list":["post-1174","post","type-post","status-publish","format-standard","has-post-thumbnail","hentry","category-technology"],"yoast_head":"<!-- This site is optimized with the Yoast SEO plugin v24.5 - https:\/\/yoast.com\/wordpress\/plugins\/seo\/ -->\n<title>Musk dice que Grok llegar\u00e1 a los Tesla para dotarlos de IA - TecnoArtesanos Tech Blog<\/title>\n<meta name=\"robots\" content=\"index, follow, max-snippet:-1, max-image-preview:large, max-video-preview:-1\" \/>\n<link rel=\"canonical\" href=\"https:\/\/blog.tecnoartesanos.com\/index.php\/2025\/07\/10\/musk-dice-que-grok-llegara-a-los-tesla-para-dotarlos-de-ia\/\" \/>\n<meta property=\"og:locale\" content=\"en_US\" \/>\n<meta property=\"og:type\" content=\"article\" \/>\n<meta property=\"og:title\" content=\"Musk dice que Grok llegar\u00e1 a los Tesla para dotarlos de IA - TecnoArtesanos Tech Blog\" \/>\n<meta property=\"og:description\" content=\"&#8220;Grok llegar\u00e1 a los veh\u00edculos Tesla muy pronto. La semana que viene como muy tarde&#8221;, tuite\u00f3 Elon Musk a finales de esta semana. La marca de veh\u00edculos el\u00e9ctricos (VE) se pondr\u00eda as\u00ed a la altura de Mercedes-Benz y Volkswagen, que ya han integrado ChatGPT en sus veh\u00edculos como asistentes de voz. El anuncio se produce [&hellip;]\" \/>\n<meta property=\"og:url\" content=\"https:\/\/blog.tecnoartesanos.com\/index.php\/2025\/07\/10\/musk-dice-que-grok-llegara-a-los-tesla-para-dotarlos-de-ia\/\" \/>\n<meta property=\"og:site_name\" content=\"TecnoArtesanos Tech Blog\" \/>\n<meta property=\"article:published_time\" content=\"2025-07-10T15:19:40+00:00\" \/>\n<meta property=\"og:image\" content=\"https:\/\/media.es.wired.com\/photos\/686fcd259057210c2e5a9a08\/master\/pass\/groktopart.png\" \/>\n<meta name=\"author\" content=\"Sergio Morales\" \/>\n<meta name=\"twitter:card\" content=\"summary_large_image\" \/>\n<meta name=\"twitter:label1\" content=\"Written by\" \/>\n\t<meta name=\"twitter:data1\" content=\"Sergio Morales\" \/>\n\t<meta name=\"twitter:label2\" content=\"Est. reading time\" \/>\n\t<meta name=\"twitter:data2\" content=\"3 minutes\" \/>\n<script type=\"application\/ld+json\" class=\"yoast-schema-graph\">{\"@context\":\"https:\/\/schema.org\",\"@graph\":[{\"@type\":\"WebPage\",\"@id\":\"https:\/\/blog.tecnoartesanos.com\/index.php\/2025\/07\/10\/musk-dice-que-grok-llegara-a-los-tesla-para-dotarlos-de-ia\/\",\"url\":\"https:\/\/blog.tecnoartesanos.com\/index.php\/2025\/07\/10\/musk-dice-que-grok-llegara-a-los-tesla-para-dotarlos-de-ia\/\",\"name\":\"Musk dice que Grok llegar\u00e1 a los Tesla para dotarlos de IA - TecnoArtesanos Tech Blog\",\"isPartOf\":{\"@id\":\"https:\/\/blog.tecnoartesanos.com\/#website\"},\"primaryImageOfPage\":{\"@id\":\"https:\/\/blog.tecnoartesanos.com\/index.php\/2025\/07\/10\/musk-dice-que-grok-llegara-a-los-tesla-para-dotarlos-de-ia\/#primaryimage\"},\"image\":{\"@id\":\"https:\/\/blog.tecnoartesanos.com\/index.php\/2025\/07\/10\/musk-dice-que-grok-llegara-a-los-tesla-para-dotarlos-de-ia\/#primaryimage\"},\"thumbnailUrl\":\"https:\/\/blog.tecnoartesanos.com\/wp-content\/uploads\/2025\/07\/musk-dice-que-grok-llegara-a-los-tesla-para-dotarlos-de-ia.jpg\",\"datePublished\":\"2025-07-10T15:19:40+00:00\",\"author\":{\"@id\":\"https:\/\/blog.tecnoartesanos.com\/#\/schema\/person\/ec88bc1410fd158963717c4216f04807\"},\"breadcrumb\":{\"@id\":\"https:\/\/blog.tecnoartesanos.com\/index.php\/2025\/07\/10\/musk-dice-que-grok-llegara-a-los-tesla-para-dotarlos-de-ia\/#breadcrumb\"},\"inLanguage\":\"en-US\",\"potentialAction\":[{\"@type\":\"ReadAction\",\"target\":[\"https:\/\/blog.tecnoartesanos.com\/index.php\/2025\/07\/10\/musk-dice-que-grok-llegara-a-los-tesla-para-dotarlos-de-ia\/\"]}]},{\"@type\":\"ImageObject\",\"inLanguage\":\"en-US\",\"@id\":\"https:\/\/blog.tecnoartesanos.com\/index.php\/2025\/07\/10\/musk-dice-que-grok-llegara-a-los-tesla-para-dotarlos-de-ia\/#primaryimage\",\"url\":\"https:\/\/blog.tecnoartesanos.com\/wp-content\/uploads\/2025\/07\/musk-dice-que-grok-llegara-a-los-tesla-para-dotarlos-de-ia.jpg\",\"contentUrl\":\"https:\/\/blog.tecnoartesanos.com\/wp-content\/uploads\/2025\/07\/musk-dice-que-grok-llegara-a-los-tesla-para-dotarlos-de-ia.jpg\",\"width\":775,\"height\":775},{\"@type\":\"BreadcrumbList\",\"@id\":\"https:\/\/blog.tecnoartesanos.com\/index.php\/2025\/07\/10\/musk-dice-que-grok-llegara-a-los-tesla-para-dotarlos-de-ia\/#breadcrumb\",\"itemListElement\":[{\"@type\":\"ListItem\",\"position\":1,\"name\":\"Home\",\"item\":\"https:\/\/blog.tecnoartesanos.com\/\"},{\"@type\":\"ListItem\",\"position\":2,\"name\":\"Musk dice que Grok llegar\u00e1 a los Tesla para dotarlos de IA\"}]},{\"@type\":\"WebSite\",\"@id\":\"https:\/\/blog.tecnoartesanos.com\/#website\",\"url\":\"https:\/\/blog.tecnoartesanos.com\/\",\"name\":\"TecnoArtesanos Tech Blog\",\"description\":\"\",\"potentialAction\":[{\"@type\":\"SearchAction\",\"target\":{\"@type\":\"EntryPoint\",\"urlTemplate\":\"https:\/\/blog.tecnoartesanos.com\/?s={search_term_string}\"},\"query-input\":{\"@type\":\"PropertyValueSpecification\",\"valueRequired\":true,\"valueName\":\"search_term_string\"}}],\"inLanguage\":\"en-US\"},{\"@type\":\"Person\",\"@id\":\"https:\/\/blog.tecnoartesanos.com\/#\/schema\/person\/ec88bc1410fd158963717c4216f04807\",\"name\":\"Sergio Morales\",\"image\":{\"@type\":\"ImageObject\",\"inLanguage\":\"en-US\",\"@id\":\"https:\/\/blog.tecnoartesanos.com\/#\/schema\/person\/image\/\",\"url\":\"https:\/\/secure.gravatar.com\/avatar\/3d45178fc8fbbe32d39278bc504fa9093f947f406ff4f1ddcfa27505ab772184?s=96&d=mm&r=g\",\"contentUrl\":\"https:\/\/secure.gravatar.com\/avatar\/3d45178fc8fbbe32d39278bc504fa9093f947f406ff4f1ddcfa27505ab772184?s=96&d=mm&r=g\",\"caption\":\"Sergio Morales\"},\"sameAs\":[\"https:\/\/sergiomorales.space\"],\"url\":\"https:\/\/blog.tecnoartesanos.com\/index.php\/author\/sergiomorales\/\"}]}<\/script>\n<!-- \/ Yoast SEO plugin. -->","yoast_head_json":{"title":"Musk dice que Grok llegar\u00e1 a los Tesla para dotarlos de IA - TecnoArtesanos Tech Blog","robots":{"index":"index","follow":"follow","max-snippet":"max-snippet:-1","max-image-preview":"max-image-preview:large","max-video-preview":"max-video-preview:-1"},"canonical":"https:\/\/blog.tecnoartesanos.com\/index.php\/2025\/07\/10\/musk-dice-que-grok-llegara-a-los-tesla-para-dotarlos-de-ia\/","og_locale":"en_US","og_type":"article","og_title":"Musk dice que Grok llegar\u00e1 a los Tesla para dotarlos de IA - TecnoArtesanos Tech Blog","og_description":"&#8220;Grok llegar\u00e1 a los veh\u00edculos Tesla muy pronto. La semana que viene como muy tarde&#8221;, tuite\u00f3 Elon Musk a finales de esta semana. La marca de veh\u00edculos el\u00e9ctricos (VE) se pondr\u00eda as\u00ed a la altura de Mercedes-Benz y Volkswagen, que ya han integrado ChatGPT en sus veh\u00edculos como asistentes de voz. El anuncio se produce [&hellip;]","og_url":"https:\/\/blog.tecnoartesanos.com\/index.php\/2025\/07\/10\/musk-dice-que-grok-llegara-a-los-tesla-para-dotarlos-de-ia\/","og_site_name":"TecnoArtesanos Tech Blog","article_published_time":"2025-07-10T15:19:40+00:00","og_image":[{"url":"https:\/\/media.es.wired.com\/photos\/686fcd259057210c2e5a9a08\/master\/pass\/groktopart.png","type":"","width":"","height":""}],"author":"Sergio Morales","twitter_card":"summary_large_image","twitter_misc":{"Written by":"Sergio Morales","Est. reading time":"3 minutes"},"schema":{"@context":"https:\/\/schema.org","@graph":[{"@type":"WebPage","@id":"https:\/\/blog.tecnoartesanos.com\/index.php\/2025\/07\/10\/musk-dice-que-grok-llegara-a-los-tesla-para-dotarlos-de-ia\/","url":"https:\/\/blog.tecnoartesanos.com\/index.php\/2025\/07\/10\/musk-dice-que-grok-llegara-a-los-tesla-para-dotarlos-de-ia\/","name":"Musk dice que Grok llegar\u00e1 a los Tesla para dotarlos de IA - TecnoArtesanos Tech Blog","isPartOf":{"@id":"https:\/\/blog.tecnoartesanos.com\/#website"},"primaryImageOfPage":{"@id":"https:\/\/blog.tecnoartesanos.com\/index.php\/2025\/07\/10\/musk-dice-que-grok-llegara-a-los-tesla-para-dotarlos-de-ia\/#primaryimage"},"image":{"@id":"https:\/\/blog.tecnoartesanos.com\/index.php\/2025\/07\/10\/musk-dice-que-grok-llegara-a-los-tesla-para-dotarlos-de-ia\/#primaryimage"},"thumbnailUrl":"https:\/\/blog.tecnoartesanos.com\/wp-content\/uploads\/2025\/07\/musk-dice-que-grok-llegara-a-los-tesla-para-dotarlos-de-ia.jpg","datePublished":"2025-07-10T15:19:40+00:00","author":{"@id":"https:\/\/blog.tecnoartesanos.com\/#\/schema\/person\/ec88bc1410fd158963717c4216f04807"},"breadcrumb":{"@id":"https:\/\/blog.tecnoartesanos.com\/index.php\/2025\/07\/10\/musk-dice-que-grok-llegara-a-los-tesla-para-dotarlos-de-ia\/#breadcrumb"},"inLanguage":"en-US","potentialAction":[{"@type":"ReadAction","target":["https:\/\/blog.tecnoartesanos.com\/index.php\/2025\/07\/10\/musk-dice-que-grok-llegara-a-los-tesla-para-dotarlos-de-ia\/"]}]},{"@type":"ImageObject","inLanguage":"en-US","@id":"https:\/\/blog.tecnoartesanos.com\/index.php\/2025\/07\/10\/musk-dice-que-grok-llegara-a-los-tesla-para-dotarlos-de-ia\/#primaryimage","url":"https:\/\/blog.tecnoartesanos.com\/wp-content\/uploads\/2025\/07\/musk-dice-que-grok-llegara-a-los-tesla-para-dotarlos-de-ia.jpg","contentUrl":"https:\/\/blog.tecnoartesanos.com\/wp-content\/uploads\/2025\/07\/musk-dice-que-grok-llegara-a-los-tesla-para-dotarlos-de-ia.jpg","width":775,"height":775},{"@type":"BreadcrumbList","@id":"https:\/\/blog.tecnoartesanos.com\/index.php\/2025\/07\/10\/musk-dice-que-grok-llegara-a-los-tesla-para-dotarlos-de-ia\/#breadcrumb","itemListElement":[{"@type":"ListItem","position":1,"name":"Home","item":"https:\/\/blog.tecnoartesanos.com\/"},{"@type":"ListItem","position":2,"name":"Musk dice que Grok llegar\u00e1 a los Tesla para dotarlos de IA"}]},{"@type":"WebSite","@id":"https:\/\/blog.tecnoartesanos.com\/#website","url":"https:\/\/blog.tecnoartesanos.com\/","name":"TecnoArtesanos Tech Blog","description":"","potentialAction":[{"@type":"SearchAction","target":{"@type":"EntryPoint","urlTemplate":"https:\/\/blog.tecnoartesanos.com\/?s={search_term_string}"},"query-input":{"@type":"PropertyValueSpecification","valueRequired":true,"valueName":"search_term_string"}}],"inLanguage":"en-US"},{"@type":"Person","@id":"https:\/\/blog.tecnoartesanos.com\/#\/schema\/person\/ec88bc1410fd158963717c4216f04807","name":"Sergio Morales","image":{"@type":"ImageObject","inLanguage":"en-US","@id":"https:\/\/blog.tecnoartesanos.com\/#\/schema\/person\/image\/","url":"https:\/\/secure.gravatar.com\/avatar\/3d45178fc8fbbe32d39278bc504fa9093f947f406ff4f1ddcfa27505ab772184?s=96&d=mm&r=g","contentUrl":"https:\/\/secure.gravatar.com\/avatar\/3d45178fc8fbbe32d39278bc504fa9093f947f406ff4f1ddcfa27505ab772184?s=96&d=mm&r=g","caption":"Sergio Morales"},"sameAs":["https:\/\/sergiomorales.space"],"url":"https:\/\/blog.tecnoartesanos.com\/index.php\/author\/sergiomorales\/"}]}},"_links":{"self":[{"href":"https:\/\/blog.tecnoartesanos.com\/index.php\/wp-json\/wp\/v2\/posts\/1174","targetHints":{"allow":["GET"]}}],"collection":[{"href":"https:\/\/blog.tecnoartesanos.com\/index.php\/wp-json\/wp\/v2\/posts"}],"about":[{"href":"https:\/\/blog.tecnoartesanos.com\/index.php\/wp-json\/wp\/v2\/types\/post"}],"author":[{"embeddable":true,"href":"https:\/\/blog.tecnoartesanos.com\/index.php\/wp-json\/wp\/v2\/users\/2"}],"replies":[{"embeddable":true,"href":"https:\/\/blog.tecnoartesanos.com\/index.php\/wp-json\/wp\/v2\/comments?post=1174"}],"version-history":[{"count":0,"href":"https:\/\/blog.tecnoartesanos.com\/index.php\/wp-json\/wp\/v2\/posts\/1174\/revisions"}],"wp:featuredmedia":[{"embeddable":true,"href":"https:\/\/blog.tecnoartesanos.com\/index.php\/wp-json\/wp\/v2\/media\/1175"}],"wp:attachment":[{"href":"https:\/\/blog.tecnoartesanos.com\/index.php\/wp-json\/wp\/v2\/media?parent=1174"}],"wp:term":[{"taxonomy":"category","embeddable":true,"href":"https:\/\/blog.tecnoartesanos.com\/index.php\/wp-json\/wp\/v2\/categories?post=1174"},{"taxonomy":"post_tag","embeddable":true,"href":"https:\/\/blog.tecnoartesanos.com\/index.php\/wp-json\/wp\/v2\/tags?post=1174"}],"curies":[{"name":"wp","href":"https:\/\/api.w.org\/{rel}","templated":true}]}}