{"id":1004,"date":"2025-05-30T18:45:13","date_gmt":"2025-05-30T18:45:13","guid":{"rendered":"http:\/\/6839e93b14969ed6417fa6bd"},"modified":"2025-05-30T18:45:13","modified_gmt":"2025-05-30T18:45:13","slug":"confirmado-meta-redujo-mucho-la-eliminacion-de-contenidos-desde-que-se-alineo-con-la-ideologia-de-trump","status":"publish","type":"post","link":"https:\/\/blog.tecnoartesanos.com\/index.php\/2025\/05\/30\/confirmado-meta-redujo-mucho-la-eliminacion-de-contenidos-desde-que-se-alineo-con-la-ideologia-de-trump\/","title":{"rendered":"Confirmado: Meta redujo mucho la eliminaci\u00f3n de contenidos desde que se aline\u00f3 con la ideolog\u00eda de Trump"},"content":{"rendered":"<div class=\"media_block\"><img decoding=\"async\" src=\"https:\/\/media.es.wired.com\/photos\/6839e93bdb9213fb03072190\/master\/pass\/Facebook-Violent-Content-Harrassment-Business-2196627077.jpg\" class=\"media_thumbnail\"><\/div>\n<p><strong>Meta anunci\u00f3 en enero que pondr\u00eda fin a algunos esfuerzos de moderaci\u00f3n de contenidos, flexibilizar\u00eda sus normas y pondr\u00eda m\u00e1s \u00e9nfasis en apoyar la &#8220;libre expresi\u00f3n&#8221;.<\/strong> Seg\u00fan revel\u00f3 la empresa en su &#8220;Informe de Cumplimiento de Normas Comunitarias&#8221;, los cambios se tradujeron en un menor n\u00famero de publicaciones eliminadas de Facebook e Instagram.<\/p>\n<p>Adem\u00e1s, la <a href=\"https:\/\/es.wired.com\/articulos\/por-que-tim-cook-mark-zuckerberg-y-los-lideres-de-las-grandes-tecnologicas-callaron-ante-los-aranceles-de-trump\">gigante tecnol\u00f3gica de Mark Zuckerberg<\/a> afirm\u00f3 que sus nuevas pol\u00edticas contribuyeron a reducir a la mitad las eliminaciones err\u00f3neas de contenidos en EE UU, sin exponer en general a los usuarios a m\u00e1s <a href=\"https:\/\/es.wired.com\/articulos\/los-adolescentes-se-estan-hiriendo-a-si-mismos-en-internet-cada-vez-mas-y-aun-no-sabemos-por-que\">contenidos ofensivos<\/a> que antes de los cambios.<\/p>\n<hr>\n<div class=\"ContentCardEmbedWrapper-kULtsE iGAJsG content-card-embed content-card-embed--stacked\" data-testid=\"ContentCardEmbedWrapper\" readability=\"23.464285714286\">\n<div class=\"ContentCardEmbedImage-iwqgVw jlIubp content-card-embed__image\" data-testid=\"ContentCardEmbedImage\"><span class=\"SpanWrapper-umhxW cudDwW responsive-asset\"><picture class=\"ResponsiveImagePicture-cWuUZO dUOtEa responsive-image\"><img decoding=\"async\" alt=\"Mark Zuckerberg\" class=\"ResponsiveImageContainer-eybHBd fptoWY responsive-image__image\" src=\"https:\/\/media.es.wired.com\/photos\/680c2262e6fe8c148b49be2a\/master\/w_775%2Cc_limit\/Plaintext-Meta-FTC-2209959270.jpg\" srcset=\"https:\/\/media.es.wired.com\/photos\/680c2262e6fe8c148b49be2a\/master\/w_120,c_limit\/Plaintext-Meta-FTC-2209959270.jpg 120w, https:\/\/media.es.wired.com\/photos\/680c2262e6fe8c148b49be2a\/master\/w_240,c_limit\/Plaintext-Meta-FTC-2209959270.jpg 240w, https:\/\/media.es.wired.com\/photos\/680c2262e6fe8c148b49be2a\/master\/w_320,c_limit\/Plaintext-Meta-FTC-2209959270.jpg 320w, https:\/\/media.es.wired.com\/photos\/680c2262e6fe8c148b49be2a\/master\/w_640,c_limit\/Plaintext-Meta-FTC-2209959270.jpg 640w\" sizes=\"100vw\"><\/picture><\/span><\/div>\n<div class=\"ContentCardEmbedInfo-bDftKl bGnSrq\" readability=\"24.581632653061\">\n<div class=\"BaseWrap-sc-gjQpdd BaseText-ewhhUZ ContentCardEmbedHed-kJVPGC iUEiRd cekThb cewqFA content-card-embed__hed\" data-testid=\"ContentCardEmbedHed\"><a class=\"BaseWrap-sc-gjQpdd BaseText-ewhhUZ BaseLink-eNWuiM ContentCardEmbedHedLink-eXLwe iUEiRd cekThb gqhxzW eFUKSb content-card-embed__hed-link\" href=\"https:\/\/es.wired.com\/articulos\/el-juicio-de-meta-muestra-los-peligros-de-venderse\" data-testid=\"ContentCardEmbedHedLink\">El juicio de Meta muestra los peligros de venderse<\/a><\/div>\n<p>Varios fundadores de <em>startups<\/em> exitosas aceptaron grandes pagos y permitieron que Mark Zuckerberg devorara sus compa\u00f1\u00edas. Luego se arrepintieron.<\/p>\n<\/div>\n<\/div>\n<hr>\n<h2>Meta elimin\u00f3 casi un tercio menos de contenido a nivel mundial<\/h2>\n<p>El nuevo informe, citado en una actualizaci\u00f3n de una entrada de blog de enero del jefe de asuntos globales de Meta, Joel Kaplan, muestra que <strong>la empresa elimin\u00f3 casi un tercio menos de contenido en Facebook e Instagram a nivel mundial, por violaciones a sus normas, entre enero y marzo de este a\u00f1o, en comparaci\u00f3n con el trimestre anterior<\/strong>: alrededor de 1.600 millones de elementos frente a poco menos de 2.400 millones, seg\u00fan un an\u00e1lisis de WIRED. En los \u00faltimos trimestres, las eliminaciones totales hab\u00edan aumentado o se hab\u00edan mantenido estables.<\/p>\n<p>En <a href=\"https:\/\/es.wired.com\/articulos\/el-juicio-de-meta-concluye-con-dudas-sobre-el-futuro-de-instagram-y-whatsapp\">Instagram y Facebook<\/a>, Meta report\u00f3 una reducci\u00f3n del 50% en la eliminaci\u00f3n de <a href=\"https:\/\/es.wired.com\/articulos\/instagram-y-facebook-han-eliminado-publicaciones-de-servicios-que-prescribian-pildoras-abortivas\">publicaciones por infringir sus normas<\/a> sobre spam, casi un 36% menos por poner en peligro a menores, y cerca de un 29% menos por conductas de odio. Las eliminaciones solo aumentaron en una de las 11 categor\u00edas principales que enumera Meta: contenido relacionado con suicidio y autolesiones.<\/p>\n<p>La cantidad de contenido retirado por Meta fluct\u00faa regularmente de un trimestre a otro, y varios factores podr\u00edan haber contribuido a la disminuci\u00f3n. Sin embargo, la propia empresa reconoci\u00f3 que &#8220;los cambios realizados para reducir los errores de aplicaci\u00f3n&#8221; fueron una de las razones de la gran ca\u00edda.<\/p>\n<p>&#8220;En una serie de \u00e1mbitos de actuaci\u00f3n, hemos observado un descenso en la cantidad de contenidos sobre los que se ha actuado y en el porcentaje de contenidos abordados antes de que un usuario los denunciara. Esto se debe, parcialmente, a los cambios que hemos realizado para asegurarnos de cometer menos errores. Tambi\u00e9n vimos una disminuci\u00f3n correspondiente en la cantidad de contenido apelado y finalmente restaurado&#8221;, indic\u00f3 la empresa.<\/p>\n<hr>\n<div class=\"ContentCardEmbedWrapper-kULtsE iGAJsG content-card-embed content-card-embed--stacked\" data-testid=\"ContentCardEmbedWrapper\" readability=\"24.615384615385\">\n<div class=\"ContentCardEmbedImage-iwqgVw jlIubp content-card-embed__image\" data-testid=\"ContentCardEmbedImage\"><span class=\"SpanWrapper-umhxW cudDwW responsive-asset\"><picture class=\"ResponsiveImagePicture-cWuUZO dUOtEa responsive-image\"><img decoding=\"async\" alt=\"Logo de Meta \" class=\"ResponsiveImageContainer-eybHBd fptoWY responsive-image__image\" src=\"https:\/\/media.es.wired.com\/photos\/677ff6f1b04030cc5316f9b1\/master\/w_775%2Cc_limit\/biz_factcheck_GettyImages-2192923927.jpg\" srcset=\"https:\/\/media.es.wired.com\/photos\/677ff6f1b04030cc5316f9b1\/master\/w_120,c_limit\/biz_factcheck_GettyImages-2192923927.jpg 120w, https:\/\/media.es.wired.com\/photos\/677ff6f1b04030cc5316f9b1\/master\/w_240,c_limit\/biz_factcheck_GettyImages-2192923927.jpg 240w, https:\/\/media.es.wired.com\/photos\/677ff6f1b04030cc5316f9b1\/master\/w_320,c_limit\/biz_factcheck_GettyImages-2192923927.jpg 320w, https:\/\/media.es.wired.com\/photos\/677ff6f1b04030cc5316f9b1\/master\/w_640,c_limit\/biz_factcheck_GettyImages-2192923927.jpg 640w\" sizes=\"100vw\"><\/picture><\/span><\/div>\n<div class=\"ContentCardEmbedInfo-bDftKl bGnSrq\" readability=\"26.153846153846\">\n<div class=\"BaseWrap-sc-gjQpdd BaseText-ewhhUZ ContentCardEmbedHed-kJVPGC iUEiRd cekThb cewqFA content-card-embed__hed\" data-testid=\"ContentCardEmbedHed\"><a class=\"BaseWrap-sc-gjQpdd BaseText-ewhhUZ BaseLink-eNWuiM ContentCardEmbedHedLink-eXLwe iUEiRd cekThb gqhxzW eFUKSb content-card-embed__hed-link\" href=\"https:\/\/es.wired.com\/articulos\/llego-la-era-de-la-x-ificacion-de-meta\" data-testid=\"ContentCardEmbedHedLink\">Lleg\u00f3 la era de la &#8220;X-ificaci\u00f3n&#8221; de Meta<\/a><\/div>\n<p>Al abandonar los <em>fact-checkers<\/em> y relajar su pol\u00edtica de &#8220;Conducta de odio&#8221;, Meta ha dejado claro el futuro que quiere para sus plataformas.<\/p>\n<\/div>\n<\/div>\n<hr>\n<h2>\u00bfAlguien recuerda la &#8220;X-ificaci\u00f3n&#8221; de Meta?<\/h2>\n<p><strong>Meta relaj\u00f3 algunas de sus normas de contenido a principios de a\u00f1o, normas que Zuckerberg describi\u00f3 como &#8220;fuera de contacto con el discurso dominante&#8221;.<\/strong> Los cambios permit\u00edan a los usuarios de Instagram y Facebook utilizar cierto lenguaje que activistas de derechos humanos consideran <a href=\"https:\/\/es.wired.com\/articulos\/la-nueva-politica-de-meta-admitira-comentarios-de-odio-contra-la-comunidad-lgbtqi\">denigrante e irrespetuoso<\/a> hacia inmigrantes o personas trans. Por ejemplo, Meta permite ahora &#8220;<a href=\"https:\/\/es.wired.com\/articulos\/sin-fact-checking-y-con-mas-discurso-de-odio-meta-se-vuelve-maga\">acusaciones de enfermedad mental<\/a> o anormalidad cuando se basan en el g\u00e9nero o la orientaci\u00f3n sexual&#8221;.<\/p>\n<p>Como parte de estos cambios radicales, anunciados justo cuando Donald Trump estaba por iniciar su segundo mandato como presidente de EE, UU, <strong>Meta tambi\u00e9n dej\u00f3 de depender de herramientas automatizadas de <a href=\"https:\/\/es.wired.com\/articulos\/verificadores-de-datos-hispanos-reaccionan-al-cierre-del-programa-de-fact-checking-de-meta-en-ee-uu\"><em>fact-chechking<\/em><\/a> para identificar y eliminar publicaciones sospechosas de violaciones menores<\/strong>, ya que, &#8220;ten\u00edan altas tasas de error, lo que provocaba la frustraci\u00f3n de los usuarios&#8221;.<\/p>\n","protected":false},"excerpt":{"rendered":"<p>Meta anunci\u00f3 en enero que pondr\u00eda fin a algunos esfuerzos de moderaci\u00f3n de contenidos, flexibilizar\u00eda sus normas y pondr\u00eda m\u00e1s \u00e9nfasis en apoyar la &#8220;libre expresi\u00f3n&#8221;. Seg\u00fan revel\u00f3 la empresa en su &#8220;Informe de Cumplimiento de Normas Comunitarias&#8221;, los cambios se tradujeron en un menor n\u00famero de publicaciones eliminadas de Facebook e Instagram. Adem\u00e1s, la [&hellip;]<\/p>\n","protected":false},"author":2,"featured_media":1005,"comment_status":"closed","ping_status":"closed","sticky":false,"template":"","format":"standard","meta":{"footnotes":""},"categories":[1],"tags":[],"class_list":["post-1004","post","type-post","status-publish","format-standard","has-post-thumbnail","hentry","category-technology"],"yoast_head":"<!-- This site is optimized with the Yoast SEO plugin v24.5 - https:\/\/yoast.com\/wordpress\/plugins\/seo\/ -->\n<title>Confirmado: Meta redujo mucho la eliminaci\u00f3n de contenidos desde que se aline\u00f3 con la ideolog\u00eda de Trump - TecnoArtesanos Tech Blog<\/title>\n<meta name=\"robots\" content=\"index, follow, max-snippet:-1, max-image-preview:large, max-video-preview:-1\" \/>\n<link rel=\"canonical\" href=\"https:\/\/blog.tecnoartesanos.com\/index.php\/2025\/05\/30\/confirmado-meta-redujo-mucho-la-eliminacion-de-contenidos-desde-que-se-alineo-con-la-ideologia-de-trump\/\" \/>\n<meta property=\"og:locale\" content=\"en_US\" \/>\n<meta property=\"og:type\" content=\"article\" \/>\n<meta property=\"og:title\" content=\"Confirmado: Meta redujo mucho la eliminaci\u00f3n de contenidos desde que se aline\u00f3 con la ideolog\u00eda de Trump - TecnoArtesanos Tech Blog\" \/>\n<meta property=\"og:description\" content=\"Meta anunci\u00f3 en enero que pondr\u00eda fin a algunos esfuerzos de moderaci\u00f3n de contenidos, flexibilizar\u00eda sus normas y pondr\u00eda m\u00e1s \u00e9nfasis en apoyar la &#8220;libre expresi\u00f3n&#8221;. Seg\u00fan revel\u00f3 la empresa en su &#8220;Informe de Cumplimiento de Normas Comunitarias&#8221;, los cambios se tradujeron en un menor n\u00famero de publicaciones eliminadas de Facebook e Instagram. Adem\u00e1s, la [&hellip;]\" \/>\n<meta property=\"og:url\" content=\"https:\/\/blog.tecnoartesanos.com\/index.php\/2025\/05\/30\/confirmado-meta-redujo-mucho-la-eliminacion-de-contenidos-desde-que-se-alineo-con-la-ideologia-de-trump\/\" \/>\n<meta property=\"og:site_name\" content=\"TecnoArtesanos Tech Blog\" \/>\n<meta property=\"article:published_time\" content=\"2025-05-30T18:45:13+00:00\" \/>\n<meta property=\"og:image\" content=\"https:\/\/media.es.wired.com\/photos\/6839e93bdb9213fb03072190\/master\/pass\/Facebook-Violent-Content-Harrassment-Business-2196627077.jpg\" \/>\n<meta name=\"author\" content=\"Sergio Morales\" \/>\n<meta name=\"twitter:card\" content=\"summary_large_image\" \/>\n<meta name=\"twitter:label1\" content=\"Written by\" \/>\n\t<meta name=\"twitter:data1\" content=\"Sergio Morales\" \/>\n\t<meta name=\"twitter:label2\" content=\"Est. reading time\" \/>\n\t<meta name=\"twitter:data2\" content=\"3 minutes\" \/>\n<script type=\"application\/ld+json\" class=\"yoast-schema-graph\">{\"@context\":\"https:\/\/schema.org\",\"@graph\":[{\"@type\":\"WebPage\",\"@id\":\"https:\/\/blog.tecnoartesanos.com\/index.php\/2025\/05\/30\/confirmado-meta-redujo-mucho-la-eliminacion-de-contenidos-desde-que-se-alineo-con-la-ideologia-de-trump\/\",\"url\":\"https:\/\/blog.tecnoartesanos.com\/index.php\/2025\/05\/30\/confirmado-meta-redujo-mucho-la-eliminacion-de-contenidos-desde-que-se-alineo-con-la-ideologia-de-trump\/\",\"name\":\"Confirmado: Meta redujo mucho la eliminaci\u00f3n de contenidos desde que se aline\u00f3 con la ideolog\u00eda de Trump - TecnoArtesanos Tech Blog\",\"isPartOf\":{\"@id\":\"https:\/\/blog.tecnoartesanos.com\/#website\"},\"primaryImageOfPage\":{\"@id\":\"https:\/\/blog.tecnoartesanos.com\/index.php\/2025\/05\/30\/confirmado-meta-redujo-mucho-la-eliminacion-de-contenidos-desde-que-se-alineo-con-la-ideologia-de-trump\/#primaryimage\"},\"image\":{\"@id\":\"https:\/\/blog.tecnoartesanos.com\/index.php\/2025\/05\/30\/confirmado-meta-redujo-mucho-la-eliminacion-de-contenidos-desde-que-se-alineo-con-la-ideologia-de-trump\/#primaryimage\"},\"thumbnailUrl\":\"https:\/\/blog.tecnoartesanos.com\/wp-content\/uploads\/2025\/05\/confirmado-meta-redujo-mucho-la-eliminacion-de-contenidos-desde-que-se-alineo-con-la-ideologia-de-trump.jpg\",\"datePublished\":\"2025-05-30T18:45:13+00:00\",\"author\":{\"@id\":\"https:\/\/blog.tecnoartesanos.com\/#\/schema\/person\/ec88bc1410fd158963717c4216f04807\"},\"breadcrumb\":{\"@id\":\"https:\/\/blog.tecnoartesanos.com\/index.php\/2025\/05\/30\/confirmado-meta-redujo-mucho-la-eliminacion-de-contenidos-desde-que-se-alineo-con-la-ideologia-de-trump\/#breadcrumb\"},\"inLanguage\":\"en-US\",\"potentialAction\":[{\"@type\":\"ReadAction\",\"target\":[\"https:\/\/blog.tecnoartesanos.com\/index.php\/2025\/05\/30\/confirmado-meta-redujo-mucho-la-eliminacion-de-contenidos-desde-que-se-alineo-con-la-ideologia-de-trump\/\"]}]},{\"@type\":\"ImageObject\",\"inLanguage\":\"en-US\",\"@id\":\"https:\/\/blog.tecnoartesanos.com\/index.php\/2025\/05\/30\/confirmado-meta-redujo-mucho-la-eliminacion-de-contenidos-desde-que-se-alineo-con-la-ideologia-de-trump\/#primaryimage\",\"url\":\"https:\/\/blog.tecnoartesanos.com\/wp-content\/uploads\/2025\/05\/confirmado-meta-redujo-mucho-la-eliminacion-de-contenidos-desde-que-se-alineo-con-la-ideologia-de-trump.jpg\",\"contentUrl\":\"https:\/\/blog.tecnoartesanos.com\/wp-content\/uploads\/2025\/05\/confirmado-meta-redujo-mucho-la-eliminacion-de-contenidos-desde-que-se-alineo-con-la-ideologia-de-trump.jpg\",\"width\":775,\"height\":603},{\"@type\":\"BreadcrumbList\",\"@id\":\"https:\/\/blog.tecnoartesanos.com\/index.php\/2025\/05\/30\/confirmado-meta-redujo-mucho-la-eliminacion-de-contenidos-desde-que-se-alineo-con-la-ideologia-de-trump\/#breadcrumb\",\"itemListElement\":[{\"@type\":\"ListItem\",\"position\":1,\"name\":\"Home\",\"item\":\"https:\/\/blog.tecnoartesanos.com\/\"},{\"@type\":\"ListItem\",\"position\":2,\"name\":\"Confirmado: Meta redujo mucho la eliminaci\u00f3n de contenidos desde que se aline\u00f3 con la ideolog\u00eda de Trump\"}]},{\"@type\":\"WebSite\",\"@id\":\"https:\/\/blog.tecnoartesanos.com\/#website\",\"url\":\"https:\/\/blog.tecnoartesanos.com\/\",\"name\":\"TecnoArtesanos Tech Blog\",\"description\":\"\",\"potentialAction\":[{\"@type\":\"SearchAction\",\"target\":{\"@type\":\"EntryPoint\",\"urlTemplate\":\"https:\/\/blog.tecnoartesanos.com\/?s={search_term_string}\"},\"query-input\":{\"@type\":\"PropertyValueSpecification\",\"valueRequired\":true,\"valueName\":\"search_term_string\"}}],\"inLanguage\":\"en-US\"},{\"@type\":\"Person\",\"@id\":\"https:\/\/blog.tecnoartesanos.com\/#\/schema\/person\/ec88bc1410fd158963717c4216f04807\",\"name\":\"Sergio Morales\",\"image\":{\"@type\":\"ImageObject\",\"inLanguage\":\"en-US\",\"@id\":\"https:\/\/blog.tecnoartesanos.com\/#\/schema\/person\/image\/\",\"url\":\"https:\/\/secure.gravatar.com\/avatar\/3d45178fc8fbbe32d39278bc504fa9093f947f406ff4f1ddcfa27505ab772184?s=96&d=mm&r=g\",\"contentUrl\":\"https:\/\/secure.gravatar.com\/avatar\/3d45178fc8fbbe32d39278bc504fa9093f947f406ff4f1ddcfa27505ab772184?s=96&d=mm&r=g\",\"caption\":\"Sergio Morales\"},\"sameAs\":[\"https:\/\/sergiomorales.space\"],\"url\":\"https:\/\/blog.tecnoartesanos.com\/index.php\/author\/sergiomorales\/\"}]}<\/script>\n<!-- \/ Yoast SEO plugin. -->","yoast_head_json":{"title":"Confirmado: Meta redujo mucho la eliminaci\u00f3n de contenidos desde que se aline\u00f3 con la ideolog\u00eda de Trump - TecnoArtesanos Tech Blog","robots":{"index":"index","follow":"follow","max-snippet":"max-snippet:-1","max-image-preview":"max-image-preview:large","max-video-preview":"max-video-preview:-1"},"canonical":"https:\/\/blog.tecnoartesanos.com\/index.php\/2025\/05\/30\/confirmado-meta-redujo-mucho-la-eliminacion-de-contenidos-desde-que-se-alineo-con-la-ideologia-de-trump\/","og_locale":"en_US","og_type":"article","og_title":"Confirmado: Meta redujo mucho la eliminaci\u00f3n de contenidos desde que se aline\u00f3 con la ideolog\u00eda de Trump - TecnoArtesanos Tech Blog","og_description":"Meta anunci\u00f3 en enero que pondr\u00eda fin a algunos esfuerzos de moderaci\u00f3n de contenidos, flexibilizar\u00eda sus normas y pondr\u00eda m\u00e1s \u00e9nfasis en apoyar la &#8220;libre expresi\u00f3n&#8221;. Seg\u00fan revel\u00f3 la empresa en su &#8220;Informe de Cumplimiento de Normas Comunitarias&#8221;, los cambios se tradujeron en un menor n\u00famero de publicaciones eliminadas de Facebook e Instagram. Adem\u00e1s, la [&hellip;]","og_url":"https:\/\/blog.tecnoartesanos.com\/index.php\/2025\/05\/30\/confirmado-meta-redujo-mucho-la-eliminacion-de-contenidos-desde-que-se-alineo-con-la-ideologia-de-trump\/","og_site_name":"TecnoArtesanos Tech Blog","article_published_time":"2025-05-30T18:45:13+00:00","og_image":[{"url":"https:\/\/media.es.wired.com\/photos\/6839e93bdb9213fb03072190\/master\/pass\/Facebook-Violent-Content-Harrassment-Business-2196627077.jpg","type":"","width":"","height":""}],"author":"Sergio Morales","twitter_card":"summary_large_image","twitter_misc":{"Written by":"Sergio Morales","Est. reading time":"3 minutes"},"schema":{"@context":"https:\/\/schema.org","@graph":[{"@type":"WebPage","@id":"https:\/\/blog.tecnoartesanos.com\/index.php\/2025\/05\/30\/confirmado-meta-redujo-mucho-la-eliminacion-de-contenidos-desde-que-se-alineo-con-la-ideologia-de-trump\/","url":"https:\/\/blog.tecnoartesanos.com\/index.php\/2025\/05\/30\/confirmado-meta-redujo-mucho-la-eliminacion-de-contenidos-desde-que-se-alineo-con-la-ideologia-de-trump\/","name":"Confirmado: Meta redujo mucho la eliminaci\u00f3n de contenidos desde que se aline\u00f3 con la ideolog\u00eda de Trump - TecnoArtesanos Tech Blog","isPartOf":{"@id":"https:\/\/blog.tecnoartesanos.com\/#website"},"primaryImageOfPage":{"@id":"https:\/\/blog.tecnoartesanos.com\/index.php\/2025\/05\/30\/confirmado-meta-redujo-mucho-la-eliminacion-de-contenidos-desde-que-se-alineo-con-la-ideologia-de-trump\/#primaryimage"},"image":{"@id":"https:\/\/blog.tecnoartesanos.com\/index.php\/2025\/05\/30\/confirmado-meta-redujo-mucho-la-eliminacion-de-contenidos-desde-que-se-alineo-con-la-ideologia-de-trump\/#primaryimage"},"thumbnailUrl":"https:\/\/blog.tecnoartesanos.com\/wp-content\/uploads\/2025\/05\/confirmado-meta-redujo-mucho-la-eliminacion-de-contenidos-desde-que-se-alineo-con-la-ideologia-de-trump.jpg","datePublished":"2025-05-30T18:45:13+00:00","author":{"@id":"https:\/\/blog.tecnoartesanos.com\/#\/schema\/person\/ec88bc1410fd158963717c4216f04807"},"breadcrumb":{"@id":"https:\/\/blog.tecnoartesanos.com\/index.php\/2025\/05\/30\/confirmado-meta-redujo-mucho-la-eliminacion-de-contenidos-desde-que-se-alineo-con-la-ideologia-de-trump\/#breadcrumb"},"inLanguage":"en-US","potentialAction":[{"@type":"ReadAction","target":["https:\/\/blog.tecnoartesanos.com\/index.php\/2025\/05\/30\/confirmado-meta-redujo-mucho-la-eliminacion-de-contenidos-desde-que-se-alineo-con-la-ideologia-de-trump\/"]}]},{"@type":"ImageObject","inLanguage":"en-US","@id":"https:\/\/blog.tecnoartesanos.com\/index.php\/2025\/05\/30\/confirmado-meta-redujo-mucho-la-eliminacion-de-contenidos-desde-que-se-alineo-con-la-ideologia-de-trump\/#primaryimage","url":"https:\/\/blog.tecnoartesanos.com\/wp-content\/uploads\/2025\/05\/confirmado-meta-redujo-mucho-la-eliminacion-de-contenidos-desde-que-se-alineo-con-la-ideologia-de-trump.jpg","contentUrl":"https:\/\/blog.tecnoartesanos.com\/wp-content\/uploads\/2025\/05\/confirmado-meta-redujo-mucho-la-eliminacion-de-contenidos-desde-que-se-alineo-con-la-ideologia-de-trump.jpg","width":775,"height":603},{"@type":"BreadcrumbList","@id":"https:\/\/blog.tecnoartesanos.com\/index.php\/2025\/05\/30\/confirmado-meta-redujo-mucho-la-eliminacion-de-contenidos-desde-que-se-alineo-con-la-ideologia-de-trump\/#breadcrumb","itemListElement":[{"@type":"ListItem","position":1,"name":"Home","item":"https:\/\/blog.tecnoartesanos.com\/"},{"@type":"ListItem","position":2,"name":"Confirmado: Meta redujo mucho la eliminaci\u00f3n de contenidos desde que se aline\u00f3 con la ideolog\u00eda de Trump"}]},{"@type":"WebSite","@id":"https:\/\/blog.tecnoartesanos.com\/#website","url":"https:\/\/blog.tecnoartesanos.com\/","name":"TecnoArtesanos Tech Blog","description":"","potentialAction":[{"@type":"SearchAction","target":{"@type":"EntryPoint","urlTemplate":"https:\/\/blog.tecnoartesanos.com\/?s={search_term_string}"},"query-input":{"@type":"PropertyValueSpecification","valueRequired":true,"valueName":"search_term_string"}}],"inLanguage":"en-US"},{"@type":"Person","@id":"https:\/\/blog.tecnoartesanos.com\/#\/schema\/person\/ec88bc1410fd158963717c4216f04807","name":"Sergio Morales","image":{"@type":"ImageObject","inLanguage":"en-US","@id":"https:\/\/blog.tecnoartesanos.com\/#\/schema\/person\/image\/","url":"https:\/\/secure.gravatar.com\/avatar\/3d45178fc8fbbe32d39278bc504fa9093f947f406ff4f1ddcfa27505ab772184?s=96&d=mm&r=g","contentUrl":"https:\/\/secure.gravatar.com\/avatar\/3d45178fc8fbbe32d39278bc504fa9093f947f406ff4f1ddcfa27505ab772184?s=96&d=mm&r=g","caption":"Sergio Morales"},"sameAs":["https:\/\/sergiomorales.space"],"url":"https:\/\/blog.tecnoartesanos.com\/index.php\/author\/sergiomorales\/"}]}},"_links":{"self":[{"href":"https:\/\/blog.tecnoartesanos.com\/index.php\/wp-json\/wp\/v2\/posts\/1004","targetHints":{"allow":["GET"]}}],"collection":[{"href":"https:\/\/blog.tecnoartesanos.com\/index.php\/wp-json\/wp\/v2\/posts"}],"about":[{"href":"https:\/\/blog.tecnoartesanos.com\/index.php\/wp-json\/wp\/v2\/types\/post"}],"author":[{"embeddable":true,"href":"https:\/\/blog.tecnoartesanos.com\/index.php\/wp-json\/wp\/v2\/users\/2"}],"replies":[{"embeddable":true,"href":"https:\/\/blog.tecnoartesanos.com\/index.php\/wp-json\/wp\/v2\/comments?post=1004"}],"version-history":[{"count":0,"href":"https:\/\/blog.tecnoartesanos.com\/index.php\/wp-json\/wp\/v2\/posts\/1004\/revisions"}],"wp:featuredmedia":[{"embeddable":true,"href":"https:\/\/blog.tecnoartesanos.com\/index.php\/wp-json\/wp\/v2\/media\/1005"}],"wp:attachment":[{"href":"https:\/\/blog.tecnoartesanos.com\/index.php\/wp-json\/wp\/v2\/media?parent=1004"}],"wp:term":[{"taxonomy":"category","embeddable":true,"href":"https:\/\/blog.tecnoartesanos.com\/index.php\/wp-json\/wp\/v2\/categories?post=1004"},{"taxonomy":"post_tag","embeddable":true,"href":"https:\/\/blog.tecnoartesanos.com\/index.php\/wp-json\/wp\/v2\/tags?post=1004"}],"curies":[{"name":"wp","href":"https:\/\/api.w.org\/{rel}","templated":true}]}}